{"id":63084,"date":"2015-09-30T21:31:00","date_gmt":"2015-09-30T19:31:00","guid":{"rendered":"https:\/\/www.germanopratines.fr\/?p=63084"},"modified":"2025-08-16T11:02:20","modified_gmt":"2025-08-16T09:02:20","slug":"rabih-kairouz","status":"publish","type":"post","link":"https:\/\/www.germanopratines.fr\/en\/appearance\/fashion\/rabih-kairouz\/","title":{"rendered":"RABIH KAIROUZ"},"content":{"rendered":"\n<div style=\"height:50px\" aria-hidden=\"true\" class=\"wp-block-spacer\"><\/div>\n\n\n\n<h2 class=\"has-text-align-center\">FALL \/ WINTER 2025-2026<\/h2>\n\n\n\n<div style=\"height:37px\" aria-hidden=\"true\" class=\"wp-block-spacer\"><\/div>\n\n\n\n<figure class=\"wp-block-image size-large is-resized\"><a href=\"https:\/\/www.germanopratines.fr\/wp-content\/uploads\/2015\/09\/MAISON-RABIH-KAROUZ-FW-2025-2026-1.jpg\"><img decoding=\"async\" loading=\"lazy\" src=\"https:\/\/www.germanopratines.fr\/wp-content\/uploads\/2015\/09\/MAISON-RABIH-KAROUZ-FW-2025-2026-1-608x1030.jpg\" alt=\"\" class=\"wp-image-138664\" width=\"1004\" height=\"1701\" srcset=\"https:\/\/www.germanopratines.fr\/wp-content\/uploads\/2015\/09\/MAISON-RABIH-KAROUZ-FW-2025-2026-1-608x1030.jpg 608w, https:\/\/www.germanopratines.fr\/wp-content\/uploads\/2015\/09\/MAISON-RABIH-KAROUZ-FW-2025-2026-1-177x300.jpg 177w, https:\/\/www.germanopratines.fr\/wp-content\/uploads\/2015\/09\/MAISON-RABIH-KAROUZ-FW-2025-2026-1-768x1301.jpg 768w, https:\/\/www.germanopratines.fr\/wp-content\/uploads\/2015\/09\/MAISON-RABIH-KAROUZ-FW-2025-2026-1-907x1536.jpg 907w, https:\/\/www.germanopratines.fr\/wp-content\/uploads\/2015\/09\/MAISON-RABIH-KAROUZ-FW-2025-2026-1-885x1500.jpg 885w, https:\/\/www.germanopratines.fr\/wp-content\/uploads\/2015\/09\/MAISON-RABIH-KAROUZ-FW-2025-2026-1-416x705.jpg 416w, https:\/\/www.germanopratines.fr\/wp-content\/uploads\/2015\/09\/MAISON-RABIH-KAROUZ-FW-2025-2026-1.jpg 1125w\" sizes=\"(max-width: 1004px) 100vw, 1004px\" \/><\/a><\/figure>\n\n\n\n<div style=\"height:25px\" aria-hidden=\"true\" class=\"wp-block-spacer\"><\/div>\n\n\n\n<figure class=\"wp-block-image size-large is-resized\"><a href=\"https:\/\/www.germanopratines.fr\/wp-content\/uploads\/2015\/09\/IMG_8009.jpg\"><img decoding=\"async\" loading=\"lazy\" src=\"https:\/\/www.germanopratines.fr\/wp-content\/uploads\/2015\/09\/IMG_8009-661x1030.jpg\" alt=\"\" class=\"wp-image-138662\" width=\"998\" height=\"1555\" srcset=\"https:\/\/www.germanopratines.fr\/wp-content\/uploads\/2015\/09\/IMG_8009-661x1030.jpg 661w, https:\/\/www.germanopratines.fr\/wp-content\/uploads\/2015\/09\/IMG_8009-192x300.jpg 192w, https:\/\/www.germanopratines.fr\/wp-content\/uploads\/2015\/09\/IMG_8009-768x1197.jpg 768w, https:\/\/www.germanopratines.fr\/wp-content\/uploads\/2015\/09\/IMG_8009-985x1536.jpg 985w, https:\/\/www.germanopratines.fr\/wp-content\/uploads\/2015\/09\/IMG_8009-962x1500.jpg 962w, https:\/\/www.germanopratines.fr\/wp-content\/uploads\/2015\/09\/IMG_8009-452x705.jpg 452w, https:\/\/www.germanopratines.fr\/wp-content\/uploads\/2015\/09\/IMG_8009.jpg 1125w\" sizes=\"(max-width: 998px) 100vw, 998px\" \/><\/a><\/figure>\n\n\n\n<div style=\"height:23px\" aria-hidden=\"true\" class=\"wp-block-spacer\"><\/div>\n\n\n\n<figure class=\"wp-block-image size-large is-resized\"><a href=\"https:\/\/www.germanopratines.fr\/wp-content\/uploads\/2015\/09\/MAISON-RABIH-KAROUZ-FW-2025-2026-2.jpg\"><img decoding=\"async\" loading=\"lazy\" src=\"https:\/\/www.germanopratines.fr\/wp-content\/uploads\/2015\/09\/MAISON-RABIH-KAROUZ-FW-2025-2026-2-673x1030.jpg\" alt=\"\" class=\"wp-image-138666\" width=\"1016\" height=\"1554\" srcset=\"https:\/\/www.germanopratines.fr\/wp-content\/uploads\/2015\/09\/MAISON-RABIH-KAROUZ-FW-2025-2026-2-673x1030.jpg 673w, https:\/\/www.germanopratines.fr\/wp-content\/uploads\/2015\/09\/MAISON-RABIH-KAROUZ-FW-2025-2026-2-196x300.jpg 196w, https:\/\/www.germanopratines.fr\/wp-content\/uploads\/2015\/09\/MAISON-RABIH-KAROUZ-FW-2025-2026-2-768x1175.jpg 768w, https:\/\/www.germanopratines.fr\/wp-content\/uploads\/2015\/09\/MAISON-RABIH-KAROUZ-FW-2025-2026-2-1004x1536.jpg 1004w, https:\/\/www.germanopratines.fr\/wp-content\/uploads\/2015\/09\/MAISON-RABIH-KAROUZ-FW-2025-2026-2-981x1500.jpg 981w, https:\/\/www.germanopratines.fr\/wp-content\/uploads\/2015\/09\/MAISON-RABIH-KAROUZ-FW-2025-2026-2-461x705.jpg 461w, https:\/\/www.germanopratines.fr\/wp-content\/uploads\/2015\/09\/MAISON-RABIH-KAROUZ-FW-2025-2026-2.jpg 1125w\" sizes=\"(max-width: 1016px) 100vw, 1016px\" \/><\/a><\/figure>\n\n\n\n<div style=\"height:24px\" aria-hidden=\"true\" class=\"wp-block-spacer\"><\/div>\n\n\n\n<figure class=\"wp-block-image size-large is-resized\"><a href=\"https:\/\/www.germanopratines.fr\/wp-content\/uploads\/2015\/09\/MAISON-RABIH-KAROUZ-FW-2025-2026-4.jpg\"><img decoding=\"async\" loading=\"lazy\" src=\"https:\/\/www.germanopratines.fr\/wp-content\/uploads\/2015\/09\/MAISON-RABIH-KAROUZ-FW-2025-2026-4-775x1030.jpg\" alt=\"\" class=\"wp-image-138672\" width=\"1029\" height=\"1368\" srcset=\"https:\/\/www.germanopratines.fr\/wp-content\/uploads\/2015\/09\/MAISON-RABIH-KAROUZ-FW-2025-2026-4-775x1030.jpg 775w, https:\/\/www.germanopratines.fr\/wp-content\/uploads\/2015\/09\/MAISON-RABIH-KAROUZ-FW-2025-2026-4-226x300.jpg 226w, https:\/\/www.germanopratines.fr\/wp-content\/uploads\/2015\/09\/MAISON-RABIH-KAROUZ-FW-2025-2026-4-768x1021.jpg 768w, https:\/\/www.germanopratines.fr\/wp-content\/uploads\/2015\/09\/MAISON-RABIH-KAROUZ-FW-2025-2026-4-531x705.jpg 531w, https:\/\/www.germanopratines.fr\/wp-content\/uploads\/2015\/09\/MAISON-RABIH-KAROUZ-FW-2025-2026-4.jpg 1125w\" sizes=\"(max-width: 1029px) 100vw, 1029px\" \/><\/a><\/figure>\n\n\n\n<div style=\"height:23px\" aria-hidden=\"true\" class=\"wp-block-spacer\"><\/div>\n\n\n\n<figure class=\"wp-block-image size-large is-resized\"><a href=\"https:\/\/www.germanopratines.fr\/wp-content\/uploads\/2015\/09\/MAISON-RABIH-KAROUZ-FW-2025-2026-3.jpg\"><img decoding=\"async\" loading=\"lazy\" src=\"https:\/\/www.germanopratines.fr\/wp-content\/uploads\/2015\/09\/MAISON-RABIH-KAROUZ-FW-2025-2026-3-730x1030.jpg\" alt=\"\" class=\"wp-image-138670\" width=\"1013\" height=\"1429\" srcset=\"https:\/\/www.germanopratines.fr\/wp-content\/uploads\/2015\/09\/MAISON-RABIH-KAROUZ-FW-2025-2026-3-730x1030.jpg 730w, https:\/\/www.germanopratines.fr\/wp-content\/uploads\/2015\/09\/MAISON-RABIH-KAROUZ-FW-2025-2026-3-213x300.jpg 213w, https:\/\/www.germanopratines.fr\/wp-content\/uploads\/2015\/09\/MAISON-RABIH-KAROUZ-FW-2025-2026-3-768x1084.jpg 768w, https:\/\/www.germanopratines.fr\/wp-content\/uploads\/2015\/09\/MAISON-RABIH-KAROUZ-FW-2025-2026-3-1088x1536.jpg 1088w, https:\/\/www.germanopratines.fr\/wp-content\/uploads\/2015\/09\/MAISON-RABIH-KAROUZ-FW-2025-2026-3-1063x1500.jpg 1063w, https:\/\/www.germanopratines.fr\/wp-content\/uploads\/2015\/09\/MAISON-RABIH-KAROUZ-FW-2025-2026-3-499x705.jpg 499w, https:\/\/www.germanopratines.fr\/wp-content\/uploads\/2015\/09\/MAISON-RABIH-KAROUZ-FW-2025-2026-3.jpg 1125w\" sizes=\"(max-width: 1013px) 100vw, 1013px\" \/><\/a><\/figure>\n\n\n\n<div style=\"height:25px\" aria-hidden=\"true\" class=\"wp-block-spacer\"><\/div>\n\n\n\n<figure class=\"wp-block-image size-large is-resized\"><a href=\"https:\/\/www.germanopratines.fr\/wp-content\/uploads\/2015\/09\/MAISON-RABIH-KAROUZ-FW-2025-2026-5.jpg\"><img decoding=\"async\" loading=\"lazy\" src=\"https:\/\/www.germanopratines.fr\/wp-content\/uploads\/2015\/09\/MAISON-RABIH-KAROUZ-FW-2025-2026-5-663x1030.jpg\" alt=\"\" class=\"wp-image-138674\" width=\"1001\" height=\"1554\" srcset=\"https:\/\/www.germanopratines.fr\/wp-content\/uploads\/2015\/09\/MAISON-RABIH-KAROUZ-FW-2025-2026-5-663x1030.jpg 663w, https:\/\/www.germanopratines.fr\/wp-content\/uploads\/2015\/09\/MAISON-RABIH-KAROUZ-FW-2025-2026-5-193x300.jpg 193w, https:\/\/www.germanopratines.fr\/wp-content\/uploads\/2015\/09\/MAISON-RABIH-KAROUZ-FW-2025-2026-5-768x1193.jpg 768w, https:\/\/www.germanopratines.fr\/wp-content\/uploads\/2015\/09\/MAISON-RABIH-KAROUZ-FW-2025-2026-5-989x1536.jpg 989w, https:\/\/www.germanopratines.fr\/wp-content\/uploads\/2015\/09\/MAISON-RABIH-KAROUZ-FW-2025-2026-5-454x705.jpg 454w, https:\/\/www.germanopratines.fr\/wp-content\/uploads\/2015\/09\/MAISON-RABIH-KAROUZ-FW-2025-2026-5.jpg 1125w\" sizes=\"(max-width: 1001px) 100vw, 1001px\" \/><\/a><\/figure>\n\n\n\n<div style=\"height:0px\" aria-hidden=\"true\" class=\"wp-block-spacer\"><\/div>\n\n\n\n<div style=\"height:100px\" aria-hidden=\"true\" class=\"wp-block-spacer\"><\/div>\n\n\n\n<h2 class=\"has-text-align-center\"><strong>RABIH KAIROUZ<\/strong><\/h2>\n\n\n\n<div style=\"height:20px\" aria-hidden=\"true\" class=\"wp-block-spacer\"><\/div>\n\n\n\n<h3 class=\"has-text-align-center\"><strong>38 boulevard Raspail&nbsp; 75007 Paris<\/strong><\/h3>\n","protected":false},"excerpt":{"rendered":"<p>FALL \/ WINTER 2025-2026 RABIH KAIROUZ 38 boulevard Raspail&nbsp; 75007 Paris<\/p>\n","protected":false},"author":2,"featured_media":138679,"comment_status":"closed","ping_status":"open","sticky":false,"template":"","format":"standard","meta":[],"categories":[262],"tags":[538,371],"yoast_head":"<!-- This site is optimized with the Yoast SEO plugin v20.1 - https:\/\/yoast.com\/wordpress\/plugins\/seo\/ -->\n<title>RABIH KAIROUZ | City Guide Paris - De Saint-Germain des pr\u00e9s au Palais Royal | les Germanopratines<\/title>\n<meta name=\"description\" content=\"FALL \/ WINTER 2025-2026                              RABIH KAIROUZ    38 boulevard Raspail&nbsp; 75007 Paris\" \/>\n<meta name=\"robots\" content=\"index, follow, max-snippet:-1, max-image-preview:large, max-video-preview:-1\" \/>\n<link rel=\"canonical\" href=\"https:\/\/www.germanopratines.fr\/en\/appearance\/fashion\/rabih-kairouz\/\" \/>\n<meta property=\"og:locale\" content=\"en_US\" \/>\n<meta property=\"og:type\" content=\"article\" \/>\n<meta property=\"og:title\" content=\"RABIH KAIROUZ | City Guide Paris - De Saint-Germain des pr\u00e9s au Palais Royal | les Germanopratines\" \/>\n<meta property=\"og:description\" content=\"FALL \/ WINTER 2025-2026                              RABIH KAIROUZ    38 boulevard Raspail&nbsp; 75007 Paris\" \/>\n<meta property=\"og:url\" content=\"https:\/\/www.germanopratines.fr\/en\/appearance\/fashion\/rabih-kairouz\/\" \/>\n<meta property=\"og:site_name\" content=\"les Germanopratines\" \/>\n<meta property=\"article:publisher\" content=\"https:\/\/www.facebook.com\/lesGermanopratines\/\" \/>\n<meta property=\"article:published_time\" content=\"2015-09-30T19:31:00+00:00\" \/>\n<meta property=\"article:modified_time\" content=\"2025-08-16T09:02:20+00:00\" \/>\n<meta property=\"og:image\" content=\"https:\/\/www.germanopratines.fr\/wp-content\/uploads\/2015\/09\/MAISON-RABIH-KAROUZ-FW-2025-2026-7.jpg\" \/>\n\t<meta property=\"og:image:width\" content=\"800\" \/>\n\t<meta property=\"og:image:height\" content=\"682\" \/>\n\t<meta property=\"og:image:type\" content=\"image\/jpeg\" \/>\n<meta name=\"author\" content=\"H\u00e9l\u00e8ne\" \/>\n<meta name=\"twitter:card\" content=\"summary_large_image\" \/>\n<meta name=\"twitter:label1\" content=\"Written by\" \/>\n\t<meta name=\"twitter:data1\" content=\"H\u00e9l\u00e8ne\" \/>\n\t<meta name=\"twitter:label2\" content=\"Est. reading time\" \/>\n\t<meta name=\"twitter:data2\" content=\"2 minutes\" \/>\n<script type=\"application\/ld+json\" class=\"yoast-schema-graph\">{\"@context\":\"https:\/\/schema.org\",\"@graph\":[{\"@type\":\"WebPage\",\"@id\":\"https:\/\/www.germanopratines.fr\/en\/appearance\/fashion\/rabih-kairouz\/\",\"url\":\"https:\/\/www.germanopratines.fr\/en\/appearance\/fashion\/rabih-kairouz\/\",\"name\":\"RABIH KAIROUZ | City Guide Paris - De Saint-Germain des pr\u00e9s au Palais Royal | les Germanopratines\",\"isPartOf\":{\"@id\":\"https:\/\/www.germanopratines.fr\/#website\"},\"datePublished\":\"2015-09-30T19:31:00+00:00\",\"dateModified\":\"2025-08-16T09:02:20+00:00\",\"author\":{\"@id\":\"https:\/\/www.germanopratines.fr\/#\/schema\/person\/43c18b9b6ab0cb9aeb48d095821db016\"},\"description\":\"FALL \/ WINTER 2025-2026 RABIH KAIROUZ 38 boulevard Raspail&nbsp; 75007 Paris\",\"breadcrumb\":{\"@id\":\"https:\/\/www.germanopratines.fr\/en\/appearance\/fashion\/rabih-kairouz\/#breadcrumb\"},\"inLanguage\":\"en-US\",\"potentialAction\":[{\"@type\":\"ReadAction\",\"target\":[\"https:\/\/www.germanopratines.fr\/en\/appearance\/fashion\/rabih-kairouz\/\"]}]},{\"@type\":\"BreadcrumbList\",\"@id\":\"https:\/\/www.germanopratines.fr\/en\/appearance\/fashion\/rabih-kairouz\/#breadcrumb\",\"itemListElement\":[{\"@type\":\"ListItem\",\"position\":1,\"name\":\"Accueil\",\"item\":\"https:\/\/www.germanopratines.fr\/en\/home-2\/\"},{\"@type\":\"ListItem\",\"position\":2,\"name\":\"RABIH KAIROUZ\"}]},{\"@type\":\"WebSite\",\"@id\":\"https:\/\/www.germanopratines.fr\/#website\",\"url\":\"https:\/\/www.germanopratines.fr\/\",\"name\":\"les Germanopratines\",\"description\":\"City Guide Paris - De Saint-Germain des pr\u00e9s au Palais Royal\",\"potentialAction\":[{\"@type\":\"SearchAction\",\"target\":{\"@type\":\"EntryPoint\",\"urlTemplate\":\"https:\/\/www.germanopratines.fr\/?s={search_term_string}\"},\"query-input\":\"required name=search_term_string\"}],\"inLanguage\":\"en-US\"},{\"@type\":\"Person\",\"@id\":\"https:\/\/www.germanopratines.fr\/#\/schema\/person\/43c18b9b6ab0cb9aeb48d095821db016\",\"name\":\"H\u00e9l\u00e8ne\",\"sameAs\":[\"https:\/\/www.germanopratines.fr\"]}]}<\/script>\n<!-- \/ Yoast SEO plugin. -->","yoast_head_json":{"title":"RABIH KAIROUZ | City Guide Paris - De Saint-Germain des pr\u00e9s au Palais Royal | les Germanopratines","description":"FALL \/ WINTER 2025-2026                              RABIH KAIROUZ    38 boulevard Raspail&nbsp; 75007 Paris","robots":{"index":"index","follow":"follow","max-snippet":"max-snippet:-1","max-image-preview":"max-image-preview:large","max-video-preview":"max-video-preview:-1"},"canonical":"https:\/\/www.germanopratines.fr\/en\/appearance\/fashion\/rabih-kairouz\/","og_locale":"en_US","og_type":"article","og_title":"RABIH KAIROUZ | City Guide Paris - De Saint-Germain des pr\u00e9s au Palais Royal | les Germanopratines","og_description":"FALL \/ WINTER 2025-2026                              RABIH KAIROUZ    38 boulevard Raspail&nbsp; 75007 Paris","og_url":"https:\/\/www.germanopratines.fr\/en\/appearance\/fashion\/rabih-kairouz\/","og_site_name":"les Germanopratines","article_publisher":"https:\/\/www.facebook.com\/lesGermanopratines\/","article_published_time":"2015-09-30T19:31:00+00:00","article_modified_time":"2025-08-16T09:02:20+00:00","og_image":[{"width":800,"height":682,"url":"https:\/\/www.germanopratines.fr\/wp-content\/uploads\/2015\/09\/MAISON-RABIH-KAROUZ-FW-2025-2026-7.jpg","type":"image\/jpeg"}],"author":"H\u00e9l\u00e8ne","twitter_card":"summary_large_image","twitter_misc":{"Written by":"H\u00e9l\u00e8ne","Est. reading time":"2 minutes"},"schema":{"@context":"https:\/\/schema.org","@graph":[{"@type":"WebPage","@id":"https:\/\/www.germanopratines.fr\/en\/appearance\/fashion\/rabih-kairouz\/","url":"https:\/\/www.germanopratines.fr\/en\/appearance\/fashion\/rabih-kairouz\/","name":"RABIH KAIROUZ | City Guide Paris - De Saint-Germain des pr\u00e9s au Palais Royal | les Germanopratines","isPartOf":{"@id":"https:\/\/www.germanopratines.fr\/#website"},"datePublished":"2015-09-30T19:31:00+00:00","dateModified":"2025-08-16T09:02:20+00:00","author":{"@id":"https:\/\/www.germanopratines.fr\/#\/schema\/person\/43c18b9b6ab0cb9aeb48d095821db016"},"description":"FALL \/ WINTER 2025-2026 RABIH KAIROUZ 38 boulevard Raspail&nbsp; 75007 Paris","breadcrumb":{"@id":"https:\/\/www.germanopratines.fr\/en\/appearance\/fashion\/rabih-kairouz\/#breadcrumb"},"inLanguage":"en-US","potentialAction":[{"@type":"ReadAction","target":["https:\/\/www.germanopratines.fr\/en\/appearance\/fashion\/rabih-kairouz\/"]}]},{"@type":"BreadcrumbList","@id":"https:\/\/www.germanopratines.fr\/en\/appearance\/fashion\/rabih-kairouz\/#breadcrumb","itemListElement":[{"@type":"ListItem","position":1,"name":"Accueil","item":"https:\/\/www.germanopratines.fr\/en\/home-2\/"},{"@type":"ListItem","position":2,"name":"RABIH KAIROUZ"}]},{"@type":"WebSite","@id":"https:\/\/www.germanopratines.fr\/#website","url":"https:\/\/www.germanopratines.fr\/","name":"les Germanopratines","description":"City Guide Paris - De Saint-Germain des pr\u00e9s au Palais Royal","potentialAction":[{"@type":"SearchAction","target":{"@type":"EntryPoint","urlTemplate":"https:\/\/www.germanopratines.fr\/?s={search_term_string}"},"query-input":"required name=search_term_string"}],"inLanguage":"en-US"},{"@type":"Person","@id":"https:\/\/www.germanopratines.fr\/#\/schema\/person\/43c18b9b6ab0cb9aeb48d095821db016","name":"H\u00e9l\u00e8ne","sameAs":["https:\/\/www.germanopratines.fr"]}]}},"_links":{"self":[{"href":"https:\/\/www.germanopratines.fr\/en\/wp-json\/wp\/v2\/posts\/63084"}],"collection":[{"href":"https:\/\/www.germanopratines.fr\/en\/wp-json\/wp\/v2\/posts"}],"about":[{"href":"https:\/\/www.germanopratines.fr\/en\/wp-json\/wp\/v2\/types\/post"}],"author":[{"embeddable":true,"href":"https:\/\/www.germanopratines.fr\/en\/wp-json\/wp\/v2\/users\/2"}],"replies":[{"embeddable":true,"href":"https:\/\/www.germanopratines.fr\/en\/wp-json\/wp\/v2\/comments?post=63084"}],"version-history":[{"count":5,"href":"https:\/\/www.germanopratines.fr\/en\/wp-json\/wp\/v2\/posts\/63084\/revisions"}],"predecessor-version":[{"id":138685,"href":"https:\/\/www.germanopratines.fr\/en\/wp-json\/wp\/v2\/posts\/63084\/revisions\/138685"}],"wp:featuredmedia":[{"embeddable":true,"href":"https:\/\/www.germanopratines.fr\/en\/wp-json\/wp\/v2\/media\/138679"}],"wp:attachment":[{"href":"https:\/\/www.germanopratines.fr\/en\/wp-json\/wp\/v2\/media?parent=63084"}],"wp:term":[{"taxonomy":"category","embeddable":true,"href":"https:\/\/www.germanopratines.fr\/en\/wp-json\/wp\/v2\/categories?post=63084"},{"taxonomy":"post_tag","embeddable":true,"href":"https:\/\/www.germanopratines.fr\/en\/wp-json\/wp\/v2\/tags?post=63084"}],"curies":[{"name":"wp","href":"https:\/\/api.w.org\/{rel}","templated":true}]}}