{"id":31660,"date":"2012-06-06T20:09:26","date_gmt":"2012-06-06T18:09:26","guid":{"rendered":"https:\/\/www.germanopratines.fr\/?p=31660"},"modified":"2024-03-28T19:37:15","modified_gmt":"2024-03-28T17:37:15","slug":"galerie-kreo-2","status":"publish","type":"post","link":"https:\/\/www.germanopratines.fr\/en\/decor\/art-deco-design\/galerie-kreo-2\/","title":{"rendered":"Galerie KREO"},"content":{"rendered":"\n<figure class=\"wp-block-image size-large is-resized\"><a href=\"https:\/\/www.germanopratines.fr\/wp-content\/uploads\/2013\/06\/GALERIE-KREO-1.jpg\"><img decoding=\"async\" loading=\"lazy\" src=\"https:\/\/www.germanopratines.fr\/wp-content\/uploads\/2013\/06\/GALERIE-KREO-1-1030x1001.jpg\" alt=\"\" class=\"wp-image-134281\" width=\"1021\" height=\"992\" srcset=\"https:\/\/www.germanopratines.fr\/wp-content\/uploads\/2013\/06\/GALERIE-KREO-1-1030x1001.jpg 1030w, https:\/\/www.germanopratines.fr\/wp-content\/uploads\/2013\/06\/GALERIE-KREO-1-300x291.jpg 300w, https:\/\/www.germanopratines.fr\/wp-content\/uploads\/2013\/06\/GALERIE-KREO-1-768x746.jpg 768w, https:\/\/www.germanopratines.fr\/wp-content\/uploads\/2013\/06\/GALERIE-KREO-1-36x36.jpg 36w, https:\/\/www.germanopratines.fr\/wp-content\/uploads\/2013\/06\/GALERIE-KREO-1-705x685.jpg 705w, https:\/\/www.germanopratines.fr\/wp-content\/uploads\/2013\/06\/GALERIE-KREO-1.jpg 1125w\" sizes=\"(max-width: 1021px) 100vw, 1021px\" \/><\/a><\/figure>\n\n\n\n<div style=\"height:35px\" aria-hidden=\"true\" class=\"wp-block-spacer\"><\/div>\n\n\n\n<p>Until 1999, Didier et Cl\u00e9mence Krzentowski directed an agency in charge of planning meetings between designers and manufacturers. But they decided to get closer to the public by opening a design gallery, first in the 13<span style=\"font-size: x-small;\"><sup>th<\/sup> <\/span><span style=\"font-family: georgia, palatino;\">arrondissement, then considering the international success of their exhibitions, in Saint-German-des-Pr\u00e8s. The gallery produces and presents exclusively the creations of the brothers Bourroulec, Jasper Morrison, Marc Newson, Alessandro Mendini, James Irvine or Martin Szekely but also presents a selection of beautiful lights (from the 1950s to nowadays) by Ingo Maurer, Gino Sarfatti or Achille Castiglioni.<\/span><\/p>\n\n\n\n<div style=\"height:40px\" aria-hidden=\"true\" class=\"wp-block-spacer\"><\/div>\n\n\n\n<figure class=\"wp-block-image size-large is-resized\"><a href=\"https:\/\/www.germanopratines.fr\/wp-content\/uploads\/2013\/06\/GALERIE-KREO-4.jpg\"><img decoding=\"async\" loading=\"lazy\" src=\"https:\/\/www.germanopratines.fr\/wp-content\/uploads\/2013\/06\/GALERIE-KREO-4-893x1030.jpg\" alt=\"\" class=\"wp-image-134287\" width=\"1037\" height=\"1196\" srcset=\"https:\/\/www.germanopratines.fr\/wp-content\/uploads\/2013\/06\/GALERIE-KREO-4-893x1030.jpg 893w, https:\/\/www.germanopratines.fr\/wp-content\/uploads\/2013\/06\/GALERIE-KREO-4-260x300.jpg 260w, https:\/\/www.germanopratines.fr\/wp-content\/uploads\/2013\/06\/GALERIE-KREO-4-768x886.jpg 768w, https:\/\/www.germanopratines.fr\/wp-content\/uploads\/2013\/06\/GALERIE-KREO-4-611x705.jpg 611w, https:\/\/www.germanopratines.fr\/wp-content\/uploads\/2013\/06\/GALERIE-KREO-4.jpg 1125w\" sizes=\"(max-width: 1037px) 100vw, 1037px\" \/><\/a><\/figure>\n\n\n\n<div style=\"height:100px\" aria-hidden=\"true\" class=\"wp-block-spacer\"><\/div>\n\n\n\n<h2 class=\"has-text-align-center\">Galerie KREO<\/h2>\n\n\n\n<h3 class=\"has-text-align-center\"><br><strong>31 rue Dauphine 75006 Paris <\/strong><\/h3>\n","protected":false},"excerpt":{"rendered":"<p>Until 1999, Didier et Cl\u00e9mence Krzentowski directed an agency in charge of planning meetings between designers and manufacturers. But they decided to get closer to the public by opening a design gallery, first in the 13th arrondissement, then considering the international success of their exhibitions, in Saint-German-des-Pr\u00e8s. The gallery produces and presents exclusively the creations [&hellip;]<\/p>\n","protected":false},"author":2,"featured_media":100431,"comment_status":"closed","ping_status":"closed","sticky":false,"template":"","format":"standard","meta":[],"categories":[282],"tags":[544,60,373],"yoast_head":"<!-- This site is optimized with the Yoast SEO plugin v20.1 - https:\/\/yoast.com\/wordpress\/plugins\/seo\/ -->\n<title>Galerie KREO | Art Deco &amp; Design | City Guide Paris - De Saint-Germain des pr\u00e9s au Palais Royal | les Germanopratines<\/title>\n<meta name=\"description\" content=\"Until 1999, Didier et Cl\u00e9mence Krzentowski directed an agency in charge of planning meetings between designers and manufacturers. But they decided to get\" \/>\n<meta name=\"robots\" content=\"index, follow, max-snippet:-1, max-image-preview:large, max-video-preview:-1\" \/>\n<link rel=\"canonical\" href=\"https:\/\/www.germanopratines.fr\/en\/decor\/art-deco-design\/galerie-kreo-2\/\" \/>\n<meta property=\"og:locale\" content=\"en_US\" \/>\n<meta property=\"og:type\" content=\"article\" \/>\n<meta property=\"og:title\" content=\"Galerie KREO | Art Deco &amp; Design | City Guide Paris - De Saint-Germain des pr\u00e9s au Palais Royal | les Germanopratines\" \/>\n<meta property=\"og:description\" content=\"Until 1999, Didier et Cl\u00e9mence Krzentowski directed an agency in charge of planning meetings between designers and manufacturers. But they decided to get\" \/>\n<meta property=\"og:url\" content=\"https:\/\/www.germanopratines.fr\/en\/decor\/art-deco-design\/galerie-kreo-2\/\" \/>\n<meta property=\"og:site_name\" content=\"les Germanopratines\" \/>\n<meta property=\"article:publisher\" content=\"https:\/\/www.facebook.com\/lesGermanopratines\/\" \/>\n<meta property=\"article:published_time\" content=\"2012-06-06T18:09:26+00:00\" \/>\n<meta property=\"article:modified_time\" content=\"2024-03-28T17:37:15+00:00\" \/>\n<meta property=\"og:image\" content=\"https:\/\/www.germanopratines.fr\/wp-content\/uploads\/2010\/06\/GALERIE-KREO-Paris-4.jpg\" \/>\n\t<meta property=\"og:image:width\" content=\"640\" \/>\n\t<meta property=\"og:image:height\" content=\"640\" \/>\n\t<meta property=\"og:image:type\" content=\"image\/jpeg\" \/>\n<meta name=\"author\" content=\"H\u00e9l\u00e8ne\" \/>\n<meta name=\"twitter:card\" content=\"summary_large_image\" \/>\n<meta name=\"twitter:label1\" content=\"Written by\" \/>\n\t<meta name=\"twitter:data1\" content=\"H\u00e9l\u00e8ne\" \/>\n\t<meta name=\"twitter:label2\" content=\"Est. reading time\" \/>\n\t<meta name=\"twitter:data2\" content=\"1 minute\" \/>\n<script type=\"application\/ld+json\" class=\"yoast-schema-graph\">{\"@context\":\"https:\/\/schema.org\",\"@graph\":[{\"@type\":\"WebPage\",\"@id\":\"https:\/\/www.germanopratines.fr\/en\/decor\/art-deco-design\/galerie-kreo-2\/\",\"url\":\"https:\/\/www.germanopratines.fr\/en\/decor\/art-deco-design\/galerie-kreo-2\/\",\"name\":\"Galerie KREO | Art Deco &amp; Design | City Guide Paris - De Saint-Germain des pr\u00e9s au Palais Royal | les Germanopratines\",\"isPartOf\":{\"@id\":\"https:\/\/www.germanopratines.fr\/#website\"},\"datePublished\":\"2012-06-06T18:09:26+00:00\",\"dateModified\":\"2024-03-28T17:37:15+00:00\",\"author\":{\"@id\":\"https:\/\/www.germanopratines.fr\/#\/schema\/person\/43c18b9b6ab0cb9aeb48d095821db016\"},\"description\":\"Until 1999, Didier et Cl\u00e9mence Krzentowski directed an agency in charge of planning meetings between designers and manufacturers. But they decided to get\",\"breadcrumb\":{\"@id\":\"https:\/\/www.germanopratines.fr\/en\/decor\/art-deco-design\/galerie-kreo-2\/#breadcrumb\"},\"inLanguage\":\"en-US\",\"potentialAction\":[{\"@type\":\"ReadAction\",\"target\":[\"https:\/\/www.germanopratines.fr\/en\/decor\/art-deco-design\/galerie-kreo-2\/\"]}]},{\"@type\":\"BreadcrumbList\",\"@id\":\"https:\/\/www.germanopratines.fr\/en\/decor\/art-deco-design\/galerie-kreo-2\/#breadcrumb\",\"itemListElement\":[{\"@type\":\"ListItem\",\"position\":1,\"name\":\"Accueil\",\"item\":\"https:\/\/www.germanopratines.fr\/en\/home-2\/\"},{\"@type\":\"ListItem\",\"position\":2,\"name\":\"Galerie KREO\"}]},{\"@type\":\"WebSite\",\"@id\":\"https:\/\/www.germanopratines.fr\/#website\",\"url\":\"https:\/\/www.germanopratines.fr\/\",\"name\":\"les Germanopratines\",\"description\":\"City Guide Paris - De Saint-Germain des pr\u00e9s au Palais Royal\",\"potentialAction\":[{\"@type\":\"SearchAction\",\"target\":{\"@type\":\"EntryPoint\",\"urlTemplate\":\"https:\/\/www.germanopratines.fr\/?s={search_term_string}\"},\"query-input\":\"required name=search_term_string\"}],\"inLanguage\":\"en-US\"},{\"@type\":\"Person\",\"@id\":\"https:\/\/www.germanopratines.fr\/#\/schema\/person\/43c18b9b6ab0cb9aeb48d095821db016\",\"name\":\"H\u00e9l\u00e8ne\",\"sameAs\":[\"https:\/\/www.germanopratines.fr\"]}]}<\/script>\n<!-- \/ Yoast SEO plugin. -->","yoast_head_json":{"title":"Galerie KREO | Art Deco &amp; Design | City Guide Paris - De Saint-Germain des pr\u00e9s au Palais Royal | les Germanopratines","description":"Until 1999, Didier et Cl\u00e9mence Krzentowski directed an agency in charge of planning meetings between designers and manufacturers. But they decided to get","robots":{"index":"index","follow":"follow","max-snippet":"max-snippet:-1","max-image-preview":"max-image-preview:large","max-video-preview":"max-video-preview:-1"},"canonical":"https:\/\/www.germanopratines.fr\/en\/decor\/art-deco-design\/galerie-kreo-2\/","og_locale":"en_US","og_type":"article","og_title":"Galerie KREO | Art Deco &amp; Design | City Guide Paris - De Saint-Germain des pr\u00e9s au Palais Royal | les Germanopratines","og_description":"Until 1999, Didier et Cl\u00e9mence Krzentowski directed an agency in charge of planning meetings between designers and manufacturers. But they decided to get","og_url":"https:\/\/www.germanopratines.fr\/en\/decor\/art-deco-design\/galerie-kreo-2\/","og_site_name":"les Germanopratines","article_publisher":"https:\/\/www.facebook.com\/lesGermanopratines\/","article_published_time":"2012-06-06T18:09:26+00:00","article_modified_time":"2024-03-28T17:37:15+00:00","og_image":[{"width":640,"height":640,"url":"https:\/\/www.germanopratines.fr\/wp-content\/uploads\/2010\/06\/GALERIE-KREO-Paris-4.jpg","type":"image\/jpeg"}],"author":"H\u00e9l\u00e8ne","twitter_card":"summary_large_image","twitter_misc":{"Written by":"H\u00e9l\u00e8ne","Est. reading time":"1 minute"},"schema":{"@context":"https:\/\/schema.org","@graph":[{"@type":"WebPage","@id":"https:\/\/www.germanopratines.fr\/en\/decor\/art-deco-design\/galerie-kreo-2\/","url":"https:\/\/www.germanopratines.fr\/en\/decor\/art-deco-design\/galerie-kreo-2\/","name":"Galerie KREO | Art Deco &amp; Design | City Guide Paris - De Saint-Germain des pr\u00e9s au Palais Royal | les Germanopratines","isPartOf":{"@id":"https:\/\/www.germanopratines.fr\/#website"},"datePublished":"2012-06-06T18:09:26+00:00","dateModified":"2024-03-28T17:37:15+00:00","author":{"@id":"https:\/\/www.germanopratines.fr\/#\/schema\/person\/43c18b9b6ab0cb9aeb48d095821db016"},"description":"Until 1999, Didier et Cl\u00e9mence Krzentowski directed an agency in charge of planning meetings between designers and manufacturers. But they decided to get","breadcrumb":{"@id":"https:\/\/www.germanopratines.fr\/en\/decor\/art-deco-design\/galerie-kreo-2\/#breadcrumb"},"inLanguage":"en-US","potentialAction":[{"@type":"ReadAction","target":["https:\/\/www.germanopratines.fr\/en\/decor\/art-deco-design\/galerie-kreo-2\/"]}]},{"@type":"BreadcrumbList","@id":"https:\/\/www.germanopratines.fr\/en\/decor\/art-deco-design\/galerie-kreo-2\/#breadcrumb","itemListElement":[{"@type":"ListItem","position":1,"name":"Accueil","item":"https:\/\/www.germanopratines.fr\/en\/home-2\/"},{"@type":"ListItem","position":2,"name":"Galerie KREO"}]},{"@type":"WebSite","@id":"https:\/\/www.germanopratines.fr\/#website","url":"https:\/\/www.germanopratines.fr\/","name":"les Germanopratines","description":"City Guide Paris - De Saint-Germain des pr\u00e9s au Palais Royal","potentialAction":[{"@type":"SearchAction","target":{"@type":"EntryPoint","urlTemplate":"https:\/\/www.germanopratines.fr\/?s={search_term_string}"},"query-input":"required name=search_term_string"}],"inLanguage":"en-US"},{"@type":"Person","@id":"https:\/\/www.germanopratines.fr\/#\/schema\/person\/43c18b9b6ab0cb9aeb48d095821db016","name":"H\u00e9l\u00e8ne","sameAs":["https:\/\/www.germanopratines.fr"]}]}},"_links":{"self":[{"href":"https:\/\/www.germanopratines.fr\/en\/wp-json\/wp\/v2\/posts\/31660"}],"collection":[{"href":"https:\/\/www.germanopratines.fr\/en\/wp-json\/wp\/v2\/posts"}],"about":[{"href":"https:\/\/www.germanopratines.fr\/en\/wp-json\/wp\/v2\/types\/post"}],"author":[{"embeddable":true,"href":"https:\/\/www.germanopratines.fr\/en\/wp-json\/wp\/v2\/users\/2"}],"replies":[{"embeddable":true,"href":"https:\/\/www.germanopratines.fr\/en\/wp-json\/wp\/v2\/comments?post=31660"}],"version-history":[{"count":3,"href":"https:\/\/www.germanopratines.fr\/en\/wp-json\/wp\/v2\/posts\/31660\/revisions"}],"predecessor-version":[{"id":134289,"href":"https:\/\/www.germanopratines.fr\/en\/wp-json\/wp\/v2\/posts\/31660\/revisions\/134289"}],"wp:featuredmedia":[{"embeddable":true,"href":"https:\/\/www.germanopratines.fr\/en\/wp-json\/wp\/v2\/media\/100431"}],"wp:attachment":[{"href":"https:\/\/www.germanopratines.fr\/en\/wp-json\/wp\/v2\/media?parent=31660"}],"wp:term":[{"taxonomy":"category","embeddable":true,"href":"https:\/\/www.germanopratines.fr\/en\/wp-json\/wp\/v2\/categories?post=31660"},{"taxonomy":"post_tag","embeddable":true,"href":"https:\/\/www.germanopratines.fr\/en\/wp-json\/wp\/v2\/tags?post=31660"}],"curies":[{"name":"wp","href":"https:\/\/api.w.org\/{rel}","templated":true}]}}