{"id":28480,"date":"2012-04-09T16:43:35","date_gmt":"2012-04-09T14:43:35","guid":{"rendered":"https:\/\/www.germanopratines.fr\/?p=28480"},"modified":"2023-05-01T13:25:48","modified_gmt":"2023-05-01T11:25:48","slug":"galerie-g-p-nathalie-vallois-2","status":"publish","type":"post","link":"https:\/\/www.germanopratines.fr\/en\/culture\/contemporary-art-photography\/galerie-g-p-nathalie-vallois-2\/","title":{"rendered":"Galerie G-P &#038; NATHALIE VALLOIS"},"content":{"rendered":"\n<figure class=\"wp-block-image is-resized\"><img decoding=\"async\" loading=\"lazy\" src=\"https:\/\/www.germanopratines.fr\/wp-content\/uploads\/2019\/07\/GEORGES-PHILIPPE-NATHALIE-VALLOIS-Paris-2.jpg\" alt=\"\" class=\"wp-image-99323\" width=\"1032\" height=\"689\" srcset=\"https:\/\/www.germanopratines.fr\/wp-content\/uploads\/2019\/07\/GEORGES-PHILIPPE-NATHALIE-VALLOIS-Paris-2.jpg 797w, https:\/\/www.germanopratines.fr\/wp-content\/uploads\/2019\/07\/GEORGES-PHILIPPE-NATHALIE-VALLOIS-Paris-2-300x200.jpg 300w, https:\/\/www.germanopratines.fr\/wp-content\/uploads\/2019\/07\/GEORGES-PHILIPPE-NATHALIE-VALLOIS-Paris-2-768x513.jpg 768w, https:\/\/www.germanopratines.fr\/wp-content\/uploads\/2019\/07\/GEORGES-PHILIPPE-NATHALIE-VALLOIS-Paris-2-705x471.jpg 705w, https:\/\/www.germanopratines.fr\/wp-content\/uploads\/2019\/07\/GEORGES-PHILIPPE-NATHALIE-VALLOIS-Paris-2-450x300.jpg 450w\" sizes=\"(max-width: 1032px) 100vw, 1032px\" \/><\/figure>\n\n\n\n<div style=\"height:35px\" aria-hidden=\"true\" class=\"wp-block-spacer\"><\/div>\n\n\n\n<p>Georges-Philippe and Nathalie Vallois were the first ones to dedicate personal exhibitions to Alain Bublex, Gilles Barbier or Paul MacCarthy in France and they are now on display all around the world. Among those whose works are defended by the gallery, there are really well known artists but also younger artists :&nbsp; Boris Achour, Pilar Albarracin, Matthew Antezzo, Julien Bismuth, Richard Jackson, Adam Janes, Jeff Mills, Joachim Mogarra, Jacques Villegl\u00e9, Virginie Yassef &#8230;<\/p>\n\n\n\n<div style=\"height:35px\" aria-hidden=\"true\" class=\"wp-block-spacer\"><\/div>\n\n\n\n<figure class=\"wp-block-image is-resized\"><img decoding=\"async\" loading=\"lazy\" src=\"https:\/\/www.germanopratines.fr\/wp-content\/uploads\/2019\/07\/GEORGES-PHILIPPE-NATHALIE-VALLOIS-Paris-3-686x1030.jpg\" alt=\"\" class=\"wp-image-99325\" width=\"1018\" height=\"1525\" srcset=\"https:\/\/www.germanopratines.fr\/wp-content\/uploads\/2019\/07\/GEORGES-PHILIPPE-NATHALIE-VALLOIS-Paris-3-200x300.jpg 200w, https:\/\/www.germanopratines.fr\/wp-content\/uploads\/2019\/07\/GEORGES-PHILIPPE-NATHALIE-VALLOIS-Paris-3-470x705.jpg 470w, https:\/\/www.germanopratines.fr\/wp-content\/uploads\/2019\/07\/GEORGES-PHILIPPE-NATHALIE-VALLOIS-Paris-3-450x675.jpg 450w\" sizes=\"(max-width: 1018px) 100vw, 1018px\" \/><\/figure>\n\n\n\n<div style=\"height:100px\" aria-hidden=\"true\" class=\"wp-block-spacer\"><\/div>\n\n\n\n<h3 class=\"has-text-align-center\">Galerie G-P &amp; NATHALIE VALLOIS<\/h3>\n\n\n\n<div style=\"height:20px\" aria-hidden=\"true\" class=\"wp-block-spacer\"><\/div>\n\n\n\n<h3 class=\"has-text-align-center\"><strong>33-36 rue de Seine 75006 Paris <\/strong><br> <strong> 01 46 34 61 07 <\/strong><\/h3>\n","protected":false},"excerpt":{"rendered":"<p>Georges-Philippe and Nathalie Vallois were the first ones to dedicate personal exhibitions to Alain Bublex, Gilles Barbier or Paul MacCarthy in France and they are now on display all around the world. Among those whose works are defended by the gallery, there are really well known artists but also younger artists :&nbsp; Boris Achour, Pilar [&hellip;]<\/p>\n","protected":false},"author":2,"featured_media":127154,"comment_status":"closed","ping_status":"open","sticky":false,"template":"","format":"standard","meta":[],"categories":[266],"tags":[526,60,373],"yoast_head":"<!-- This site is optimized with the Yoast SEO plugin v20.1 - https:\/\/yoast.com\/wordpress\/plugins\/seo\/ -->\n<title>Galerie G-P &amp; NATHALIE VALLOIS | Galleries | City Guide Paris - De Saint-Germain des pr\u00e9s au Palais Royal | les Germanopratines<\/title>\n<meta name=\"description\" content=\"Georges-Philippe and Nathalie Vallois were the first ones to dedicate personal exhibitions to Alain Bublex, Gilles Barbier or Paul MacCarthy in France and\" \/>\n<meta name=\"robots\" content=\"index, follow, max-snippet:-1, max-image-preview:large, max-video-preview:-1\" \/>\n<link rel=\"canonical\" href=\"https:\/\/www.germanopratines.fr\/en\/culture\/contemporary-art-photography\/galerie-g-p-nathalie-vallois-2\/\" \/>\n<meta property=\"og:locale\" content=\"en_US\" \/>\n<meta property=\"og:type\" content=\"article\" \/>\n<meta property=\"og:title\" content=\"Galerie G-P &amp; NATHALIE VALLOIS | Galleries | City Guide Paris - De Saint-Germain des pr\u00e9s au Palais Royal | les Germanopratines\" \/>\n<meta property=\"og:description\" content=\"Georges-Philippe and Nathalie Vallois were the first ones to dedicate personal exhibitions to Alain Bublex, Gilles Barbier or Paul MacCarthy in France and\" \/>\n<meta property=\"og:url\" content=\"https:\/\/www.germanopratines.fr\/en\/culture\/contemporary-art-photography\/galerie-g-p-nathalie-vallois-2\/\" \/>\n<meta property=\"og:site_name\" content=\"les Germanopratines\" \/>\n<meta property=\"article:publisher\" content=\"https:\/\/www.facebook.com\/lesGermanopratines\/\" \/>\n<meta property=\"article:published_time\" content=\"2012-04-09T14:43:35+00:00\" \/>\n<meta property=\"article:modified_time\" content=\"2023-05-01T11:25:48+00:00\" \/>\n<meta property=\"og:image\" content=\"https:\/\/www.germanopratines.fr\/wp-content\/uploads\/2023\/04\/Galerie-Georges-Philippe-et-Nathalie-Vallois.jpg\" \/>\n\t<meta property=\"og:image:width\" content=\"903\" \/>\n\t<meta property=\"og:image:height\" content=\"1195\" \/>\n\t<meta property=\"og:image:type\" content=\"image\/jpeg\" \/>\n<meta name=\"author\" content=\"H\u00e9l\u00e8ne\" \/>\n<meta name=\"twitter:card\" content=\"summary_large_image\" \/>\n<meta name=\"twitter:label1\" content=\"Written by\" \/>\n\t<meta name=\"twitter:data1\" content=\"H\u00e9l\u00e8ne\" \/>\n\t<meta name=\"twitter:label2\" content=\"Est. reading time\" \/>\n\t<meta name=\"twitter:data2\" content=\"1 minute\" \/>\n<script type=\"application\/ld+json\" class=\"yoast-schema-graph\">{\"@context\":\"https:\/\/schema.org\",\"@graph\":[{\"@type\":\"WebPage\",\"@id\":\"https:\/\/www.germanopratines.fr\/en\/culture\/contemporary-art-photography\/galerie-g-p-nathalie-vallois-2\/\",\"url\":\"https:\/\/www.germanopratines.fr\/en\/culture\/contemporary-art-photography\/galerie-g-p-nathalie-vallois-2\/\",\"name\":\"Galerie G-P & NATHALIE VALLOIS | Galleries | City Guide Paris - De Saint-Germain des pr\u00e9s au Palais Royal | les Germanopratines\",\"isPartOf\":{\"@id\":\"https:\/\/www.germanopratines.fr\/#website\"},\"datePublished\":\"2012-04-09T14:43:35+00:00\",\"dateModified\":\"2023-05-01T11:25:48+00:00\",\"author\":{\"@id\":\"https:\/\/www.germanopratines.fr\/#\/schema\/person\/43c18b9b6ab0cb9aeb48d095821db016\"},\"description\":\"Georges-Philippe and Nathalie Vallois were the first ones to dedicate personal exhibitions to Alain Bublex, Gilles Barbier or Paul MacCarthy in France and\",\"breadcrumb\":{\"@id\":\"https:\/\/www.germanopratines.fr\/en\/culture\/contemporary-art-photography\/galerie-g-p-nathalie-vallois-2\/#breadcrumb\"},\"inLanguage\":\"en-US\",\"potentialAction\":[{\"@type\":\"ReadAction\",\"target\":[\"https:\/\/www.germanopratines.fr\/en\/culture\/contemporary-art-photography\/galerie-g-p-nathalie-vallois-2\/\"]}]},{\"@type\":\"BreadcrumbList\",\"@id\":\"https:\/\/www.germanopratines.fr\/en\/culture\/contemporary-art-photography\/galerie-g-p-nathalie-vallois-2\/#breadcrumb\",\"itemListElement\":[{\"@type\":\"ListItem\",\"position\":1,\"name\":\"Accueil\",\"item\":\"https:\/\/www.germanopratines.fr\/en\/home-2\/\"},{\"@type\":\"ListItem\",\"position\":2,\"name\":\"Galerie G-P &#038; NATHALIE VALLOIS\"}]},{\"@type\":\"WebSite\",\"@id\":\"https:\/\/www.germanopratines.fr\/#website\",\"url\":\"https:\/\/www.germanopratines.fr\/\",\"name\":\"les Germanopratines\",\"description\":\"City Guide Paris - De Saint-Germain des pr\u00e9s au Palais Royal\",\"potentialAction\":[{\"@type\":\"SearchAction\",\"target\":{\"@type\":\"EntryPoint\",\"urlTemplate\":\"https:\/\/www.germanopratines.fr\/?s={search_term_string}\"},\"query-input\":\"required name=search_term_string\"}],\"inLanguage\":\"en-US\"},{\"@type\":\"Person\",\"@id\":\"https:\/\/www.germanopratines.fr\/#\/schema\/person\/43c18b9b6ab0cb9aeb48d095821db016\",\"name\":\"H\u00e9l\u00e8ne\",\"sameAs\":[\"https:\/\/www.germanopratines.fr\"]}]}<\/script>\n<!-- \/ Yoast SEO plugin. -->","yoast_head_json":{"title":"Galerie G-P & NATHALIE VALLOIS | Galleries | City Guide Paris - De Saint-Germain des pr\u00e9s au Palais Royal | les Germanopratines","description":"Georges-Philippe and Nathalie Vallois were the first ones to dedicate personal exhibitions to Alain Bublex, Gilles Barbier or Paul MacCarthy in France and","robots":{"index":"index","follow":"follow","max-snippet":"max-snippet:-1","max-image-preview":"max-image-preview:large","max-video-preview":"max-video-preview:-1"},"canonical":"https:\/\/www.germanopratines.fr\/en\/culture\/contemporary-art-photography\/galerie-g-p-nathalie-vallois-2\/","og_locale":"en_US","og_type":"article","og_title":"Galerie G-P & NATHALIE VALLOIS | Galleries | City Guide Paris - De Saint-Germain des pr\u00e9s au Palais Royal | les Germanopratines","og_description":"Georges-Philippe and Nathalie Vallois were the first ones to dedicate personal exhibitions to Alain Bublex, Gilles Barbier or Paul MacCarthy in France and","og_url":"https:\/\/www.germanopratines.fr\/en\/culture\/contemporary-art-photography\/galerie-g-p-nathalie-vallois-2\/","og_site_name":"les Germanopratines","article_publisher":"https:\/\/www.facebook.com\/lesGermanopratines\/","article_published_time":"2012-04-09T14:43:35+00:00","article_modified_time":"2023-05-01T11:25:48+00:00","og_image":[{"width":903,"height":1195,"url":"https:\/\/www.germanopratines.fr\/wp-content\/uploads\/2023\/04\/Galerie-Georges-Philippe-et-Nathalie-Vallois.jpg","type":"image\/jpeg"}],"author":"H\u00e9l\u00e8ne","twitter_card":"summary_large_image","twitter_misc":{"Written by":"H\u00e9l\u00e8ne","Est. reading time":"1 minute"},"schema":{"@context":"https:\/\/schema.org","@graph":[{"@type":"WebPage","@id":"https:\/\/www.germanopratines.fr\/en\/culture\/contemporary-art-photography\/galerie-g-p-nathalie-vallois-2\/","url":"https:\/\/www.germanopratines.fr\/en\/culture\/contemporary-art-photography\/galerie-g-p-nathalie-vallois-2\/","name":"Galerie G-P & NATHALIE VALLOIS | Galleries | City Guide Paris - De Saint-Germain des pr\u00e9s au Palais Royal | les Germanopratines","isPartOf":{"@id":"https:\/\/www.germanopratines.fr\/#website"},"datePublished":"2012-04-09T14:43:35+00:00","dateModified":"2023-05-01T11:25:48+00:00","author":{"@id":"https:\/\/www.germanopratines.fr\/#\/schema\/person\/43c18b9b6ab0cb9aeb48d095821db016"},"description":"Georges-Philippe and Nathalie Vallois were the first ones to dedicate personal exhibitions to Alain Bublex, Gilles Barbier or Paul MacCarthy in France and","breadcrumb":{"@id":"https:\/\/www.germanopratines.fr\/en\/culture\/contemporary-art-photography\/galerie-g-p-nathalie-vallois-2\/#breadcrumb"},"inLanguage":"en-US","potentialAction":[{"@type":"ReadAction","target":["https:\/\/www.germanopratines.fr\/en\/culture\/contemporary-art-photography\/galerie-g-p-nathalie-vallois-2\/"]}]},{"@type":"BreadcrumbList","@id":"https:\/\/www.germanopratines.fr\/en\/culture\/contemporary-art-photography\/galerie-g-p-nathalie-vallois-2\/#breadcrumb","itemListElement":[{"@type":"ListItem","position":1,"name":"Accueil","item":"https:\/\/www.germanopratines.fr\/en\/home-2\/"},{"@type":"ListItem","position":2,"name":"Galerie G-P &#038; NATHALIE VALLOIS"}]},{"@type":"WebSite","@id":"https:\/\/www.germanopratines.fr\/#website","url":"https:\/\/www.germanopratines.fr\/","name":"les Germanopratines","description":"City Guide Paris - De Saint-Germain des pr\u00e9s au Palais Royal","potentialAction":[{"@type":"SearchAction","target":{"@type":"EntryPoint","urlTemplate":"https:\/\/www.germanopratines.fr\/?s={search_term_string}"},"query-input":"required name=search_term_string"}],"inLanguage":"en-US"},{"@type":"Person","@id":"https:\/\/www.germanopratines.fr\/#\/schema\/person\/43c18b9b6ab0cb9aeb48d095821db016","name":"H\u00e9l\u00e8ne","sameAs":["https:\/\/www.germanopratines.fr"]}]}},"_links":{"self":[{"href":"https:\/\/www.germanopratines.fr\/en\/wp-json\/wp\/v2\/posts\/28480"}],"collection":[{"href":"https:\/\/www.germanopratines.fr\/en\/wp-json\/wp\/v2\/posts"}],"about":[{"href":"https:\/\/www.germanopratines.fr\/en\/wp-json\/wp\/v2\/types\/post"}],"author":[{"embeddable":true,"href":"https:\/\/www.germanopratines.fr\/en\/wp-json\/wp\/v2\/users\/2"}],"replies":[{"embeddable":true,"href":"https:\/\/www.germanopratines.fr\/en\/wp-json\/wp\/v2\/comments?post=28480"}],"version-history":[{"count":4,"href":"https:\/\/www.germanopratines.fr\/en\/wp-json\/wp\/v2\/posts\/28480\/revisions"}],"predecessor-version":[{"id":127205,"href":"https:\/\/www.germanopratines.fr\/en\/wp-json\/wp\/v2\/posts\/28480\/revisions\/127205"}],"wp:featuredmedia":[{"embeddable":true,"href":"https:\/\/www.germanopratines.fr\/en\/wp-json\/wp\/v2\/media\/127154"}],"wp:attachment":[{"href":"https:\/\/www.germanopratines.fr\/en\/wp-json\/wp\/v2\/media?parent=28480"}],"wp:term":[{"taxonomy":"category","embeddable":true,"href":"https:\/\/www.germanopratines.fr\/en\/wp-json\/wp\/v2\/categories?post=28480"},{"taxonomy":"post_tag","embeddable":true,"href":"https:\/\/www.germanopratines.fr\/en\/wp-json\/wp\/v2\/tags?post=28480"}],"curies":[{"name":"wp","href":"https:\/\/api.w.org\/{rel}","templated":true}]}}