{"id":28163,"date":"2015-10-31T10:24:00","date_gmt":"2015-10-31T08:24:00","guid":{"rendered":"https:\/\/www.germanopratines.fr\/?p=28163"},"modified":"2026-02-10T16:57:13","modified_gmt":"2026-02-10T14:57:13","slug":"ralph-lauren","status":"publish","type":"post","link":"https:\/\/www.germanopratines.fr\/en\/appearance\/fashion\/ralph-lauren\/","title":{"rendered":"RALPH LAUREN"},"content":{"rendered":"\n<figure class=\"wp-block-image size-full is-resized\"><a href=\"https:\/\/www.germanopratines.fr\/wp-content\/uploads\/2023\/01\/Ralph-Lauren.jpg\"><img decoding=\"async\" loading=\"lazy\" src=\"https:\/\/www.germanopratines.fr\/wp-content\/uploads\/2023\/01\/Ralph-Lauren.jpg\" alt=\"\" class=\"wp-image-125937\" width=\"1052\" height=\"729\" srcset=\"https:\/\/www.germanopratines.fr\/wp-content\/uploads\/2023\/01\/Ralph-Lauren.jpg 915w, https:\/\/www.germanopratines.fr\/wp-content\/uploads\/2023\/01\/Ralph-Lauren-300x208.jpg 300w, https:\/\/www.germanopratines.fr\/wp-content\/uploads\/2023\/01\/Ralph-Lauren-768x532.jpg 768w, https:\/\/www.germanopratines.fr\/wp-content\/uploads\/2023\/01\/Ralph-Lauren-705x488.jpg 705w, https:\/\/www.germanopratines.fr\/wp-content\/uploads\/2023\/01\/Ralph-Lauren-450x312.jpg 450w\" sizes=\"(max-width: 1052px) 100vw, 1052px\" \/><\/a><\/figure>\n\n\n\n<div style=\"height:35px\" aria-hidden=\"true\" class=\"wp-block-spacer\"><\/div>\n\n\n\n<p>\u201cI wanted to create a space that evokes the glamour, culture, and artistic spirit of Saint-Germain-des-Pr\u00e9s, a neighborhood I fell in love with,\u201d explains Ralph Lauren. Opened in 2011, the largest Ralph Lauren store in Europe is the latest addition to the Saint-Germain-des-Pr\u00e9s district. Each floor, each room, showcases a different line or style (black label, purple, polo, women&#8217;s, men&#8217;s, etc.). All of this, of course, with impeccable elegance.<\/p>\n\n\n\n<div style=\"height:38px\" aria-hidden=\"true\" class=\"wp-block-spacer\"><\/div>\n\n\n\n<h2 class=\"has-text-align-center\">SPRING \/ SUMMER 2026<\/h2>\n\n\n\n<div style=\"height:32px\" aria-hidden=\"true\" class=\"wp-block-spacer\"><\/div>\n\n\n\n<figure class=\"wp-block-image size-large is-resized\"><a href=\"https:\/\/www.germanopratines.fr\/wp-content\/uploads\/2015\/10\/RALPH-LAUREN-SS-2026-1.jpg\"><img decoding=\"async\" loading=\"lazy\" src=\"https:\/\/www.germanopratines.fr\/wp-content\/uploads\/2015\/10\/RALPH-LAUREN-SS-2026-1-855x1030.jpg\" alt=\"\" class=\"wp-image-140670\" width=\"1033\" height=\"1244\" srcset=\"https:\/\/www.germanopratines.fr\/wp-content\/uploads\/2015\/10\/RALPH-LAUREN-SS-2026-1-855x1030.jpg 855w, https:\/\/www.germanopratines.fr\/wp-content\/uploads\/2015\/10\/RALPH-LAUREN-SS-2026-1-249x300.jpg 249w, https:\/\/www.germanopratines.fr\/wp-content\/uploads\/2015\/10\/RALPH-LAUREN-SS-2026-1-768x925.jpg 768w, https:\/\/www.germanopratines.fr\/wp-content\/uploads\/2015\/10\/RALPH-LAUREN-SS-2026-1-585x705.jpg 585w, https:\/\/www.germanopratines.fr\/wp-content\/uploads\/2015\/10\/RALPH-LAUREN-SS-2026-1.jpg 1125w\" sizes=\"(max-width: 1033px) 100vw, 1033px\" \/><\/a><\/figure>\n\n\n\n<div style=\"height:24px\" aria-hidden=\"true\" class=\"wp-block-spacer\"><\/div>\n\n\n\n<figure class=\"wp-block-image size-large is-resized\"><a href=\"https:\/\/www.germanopratines.fr\/wp-content\/uploads\/2015\/10\/RALPH-LAUREN-SS-2026-2.jpg\"><img decoding=\"async\" loading=\"lazy\" src=\"https:\/\/www.germanopratines.fr\/wp-content\/uploads\/2015\/10\/RALPH-LAUREN-SS-2026-2-684x1030.jpg\" alt=\"\" class=\"wp-image-140672\" width=\"1027\" height=\"1547\" srcset=\"https:\/\/www.germanopratines.fr\/wp-content\/uploads\/2015\/10\/RALPH-LAUREN-SS-2026-2-684x1030.jpg 684w, https:\/\/www.germanopratines.fr\/wp-content\/uploads\/2015\/10\/RALPH-LAUREN-SS-2026-2-199x300.jpg 199w, https:\/\/www.germanopratines.fr\/wp-content\/uploads\/2015\/10\/RALPH-LAUREN-SS-2026-2-768x1156.jpg 768w, https:\/\/www.germanopratines.fr\/wp-content\/uploads\/2015\/10\/RALPH-LAUREN-SS-2026-2-1020x1536.jpg 1020w, https:\/\/www.germanopratines.fr\/wp-content\/uploads\/2015\/10\/RALPH-LAUREN-SS-2026-2-996x1500.jpg 996w, https:\/\/www.germanopratines.fr\/wp-content\/uploads\/2015\/10\/RALPH-LAUREN-SS-2026-2-468x705.jpg 468w, https:\/\/www.germanopratines.fr\/wp-content\/uploads\/2015\/10\/RALPH-LAUREN-SS-2026-2.jpg 1052w\" sizes=\"(max-width: 1027px) 100vw, 1027px\" \/><\/a><\/figure>\n\n\n\n<div style=\"height:24px\" aria-hidden=\"true\" class=\"wp-block-spacer\"><\/div>\n\n\n\n<figure class=\"wp-block-image size-large is-resized\"><a href=\"https:\/\/www.germanopratines.fr\/wp-content\/uploads\/2015\/10\/RALPH-LAUREN-SS-2026-3.jpg\"><img decoding=\"async\" loading=\"lazy\" src=\"https:\/\/www.germanopratines.fr\/wp-content\/uploads\/2015\/10\/RALPH-LAUREN-SS-2026-3-674x1030.jpg\" alt=\"\" class=\"wp-image-140674\" width=\"1026\" height=\"1568\" srcset=\"https:\/\/www.germanopratines.fr\/wp-content\/uploads\/2015\/10\/RALPH-LAUREN-SS-2026-3-674x1030.jpg 674w, https:\/\/www.germanopratines.fr\/wp-content\/uploads\/2015\/10\/RALPH-LAUREN-SS-2026-3-196x300.jpg 196w, https:\/\/www.germanopratines.fr\/wp-content\/uploads\/2015\/10\/RALPH-LAUREN-SS-2026-3-768x1173.jpg 768w, https:\/\/www.germanopratines.fr\/wp-content\/uploads\/2015\/10\/RALPH-LAUREN-SS-2026-3-1006x1536.jpg 1006w, https:\/\/www.germanopratines.fr\/wp-content\/uploads\/2015\/10\/RALPH-LAUREN-SS-2026-3-982x1500.jpg 982w, https:\/\/www.germanopratines.fr\/wp-content\/uploads\/2015\/10\/RALPH-LAUREN-SS-2026-3-462x705.jpg 462w, https:\/\/www.germanopratines.fr\/wp-content\/uploads\/2015\/10\/RALPH-LAUREN-SS-2026-3.jpg 1125w\" sizes=\"(max-width: 1026px) 100vw, 1026px\" \/><\/a><\/figure>\n\n\n\n<div style=\"height:25px\" aria-hidden=\"true\" class=\"wp-block-spacer\"><\/div>\n\n\n\n<figure class=\"wp-block-image size-large is-resized\"><a href=\"https:\/\/www.germanopratines.fr\/wp-content\/uploads\/2015\/10\/RALPH-LAUREN-SS-2026-4.jpg\"><img decoding=\"async\" loading=\"lazy\" src=\"https:\/\/www.germanopratines.fr\/wp-content\/uploads\/2015\/10\/RALPH-LAUREN-SS-2026-4-684x1030.jpg\" alt=\"\" class=\"wp-image-140676\" width=\"1034\" height=\"1557\" srcset=\"https:\/\/www.germanopratines.fr\/wp-content\/uploads\/2015\/10\/RALPH-LAUREN-SS-2026-4-684x1030.jpg 684w, https:\/\/www.germanopratines.fr\/wp-content\/uploads\/2015\/10\/RALPH-LAUREN-SS-2026-4-199x300.jpg 199w, https:\/\/www.germanopratines.fr\/wp-content\/uploads\/2015\/10\/RALPH-LAUREN-SS-2026-4-768x1156.jpg 768w, https:\/\/www.germanopratines.fr\/wp-content\/uploads\/2015\/10\/RALPH-LAUREN-SS-2026-4-1021x1536.jpg 1021w, https:\/\/www.germanopratines.fr\/wp-content\/uploads\/2015\/10\/RALPH-LAUREN-SS-2026-4-997x1500.jpg 997w, https:\/\/www.germanopratines.fr\/wp-content\/uploads\/2015\/10\/RALPH-LAUREN-SS-2026-4-468x705.jpg 468w, https:\/\/www.germanopratines.fr\/wp-content\/uploads\/2015\/10\/RALPH-LAUREN-SS-2026-4.jpg 1125w\" sizes=\"(max-width: 1034px) 100vw, 1034px\" \/><\/a><\/figure>\n\n\n\n<div style=\"height:25px\" aria-hidden=\"true\" class=\"wp-block-spacer\"><\/div>\n\n\n\n<figure class=\"wp-block-image size-large is-resized\"><a href=\"https:\/\/www.germanopratines.fr\/wp-content\/uploads\/2015\/10\/RALPH-LAUREN-SS-2026-5.jpg\"><img decoding=\"async\" loading=\"lazy\" src=\"https:\/\/www.germanopratines.fr\/wp-content\/uploads\/2015\/10\/RALPH-LAUREN-SS-2026-5-708x1030.jpg\" alt=\"\" class=\"wp-image-140678\" width=\"1043\" height=\"1517\" srcset=\"https:\/\/www.germanopratines.fr\/wp-content\/uploads\/2015\/10\/RALPH-LAUREN-SS-2026-5-708x1030.jpg 708w, https:\/\/www.germanopratines.fr\/wp-content\/uploads\/2015\/10\/RALPH-LAUREN-SS-2026-5-206x300.jpg 206w, https:\/\/www.germanopratines.fr\/wp-content\/uploads\/2015\/10\/RALPH-LAUREN-SS-2026-5-768x1117.jpg 768w, https:\/\/www.germanopratines.fr\/wp-content\/uploads\/2015\/10\/RALPH-LAUREN-SS-2026-5-1056x1536.jpg 1056w, https:\/\/www.germanopratines.fr\/wp-content\/uploads\/2015\/10\/RALPH-LAUREN-SS-2026-5-1031x1500.jpg 1031w, https:\/\/www.germanopratines.fr\/wp-content\/uploads\/2015\/10\/RALPH-LAUREN-SS-2026-5-485x705.jpg 485w, https:\/\/www.germanopratines.fr\/wp-content\/uploads\/2015\/10\/RALPH-LAUREN-SS-2026-5.jpg 1125w\" sizes=\"(max-width: 1043px) 100vw, 1043px\" \/><\/a><\/figure>\n\n\n\n<div style=\"height:100px\" aria-hidden=\"true\" class=\"wp-block-spacer\"><\/div>\n\n\n\n<h1 class=\"has-text-align-center\">RALPH LAUREN<\/h1>\n\n\n\n<h3 class=\"has-text-align-center\"><br>173 Bou\u00adle\u00advard Saint Ger\u00admain 75006 Paris<\/h3>\n","protected":false},"excerpt":{"rendered":"<p>\u201cI wanted to create a space that evokes the glamour, culture, and artistic spirit of Saint-Germain-des-Pr\u00e9s, a neighborhood I fell in love with,\u201d explains Ralph Lauren. Opened in 2011, the largest Ralph Lauren store in Europe is the latest addition to the Saint-Germain-des-Pr\u00e9s district. Each floor, each room, showcases a different line or style (black [&hellip;]<\/p>\n","protected":false},"author":2,"featured_media":140668,"comment_status":"closed","ping_status":"open","sticky":false,"template":"","format":"standard","meta":[],"categories":[262],"tags":[535],"yoast_head":"<!-- This site is optimized with the Yoast SEO plugin v20.1 - https:\/\/yoast.com\/wordpress\/plugins\/seo\/ -->\n<title>RALPH LAUREN | Fashion | City Guide Paris - De Saint-Germain des pr\u00e9s au Palais Royal | les Germanopratines<\/title>\n<meta name=\"description\" content=\"\u201cI wanted to create a space that evokes the glamour, culture, and artistic spirit of Saint-Germain-des-Pr\u00e9s, a neighborhood I fell in love with,\u201d explains\" \/>\n<meta name=\"robots\" content=\"index, follow, max-snippet:-1, max-image-preview:large, max-video-preview:-1\" \/>\n<link rel=\"canonical\" href=\"https:\/\/www.germanopratines.fr\/en\/appearance\/fashion\/ralph-lauren\/\" \/>\n<meta property=\"og:locale\" content=\"en_US\" \/>\n<meta property=\"og:type\" content=\"article\" \/>\n<meta property=\"og:title\" content=\"RALPH LAUREN | Fashion | City Guide Paris - De Saint-Germain des pr\u00e9s au Palais Royal | les Germanopratines\" \/>\n<meta property=\"og:description\" content=\"\u201cI wanted to create a space that evokes the glamour, culture, and artistic spirit of Saint-Germain-des-Pr\u00e9s, a neighborhood I fell in love with,\u201d explains\" \/>\n<meta property=\"og:url\" content=\"https:\/\/www.germanopratines.fr\/en\/appearance\/fashion\/ralph-lauren\/\" \/>\n<meta property=\"og:site_name\" content=\"les Germanopratines\" \/>\n<meta property=\"article:publisher\" content=\"https:\/\/www.facebook.com\/lesGermanopratines\/\" \/>\n<meta property=\"article:published_time\" content=\"2015-10-31T08:24:00+00:00\" \/>\n<meta property=\"article:modified_time\" content=\"2026-02-10T14:57:13+00:00\" \/>\n<meta property=\"og:image\" content=\"https:\/\/www.germanopratines.fr\/wp-content\/uploads\/2015\/10\/IMG_5970.jpg\" \/>\n\t<meta property=\"og:image:width\" content=\"416\" \/>\n\t<meta property=\"og:image:height\" content=\"338\" \/>\n\t<meta property=\"og:image:type\" content=\"image\/jpeg\" \/>\n<meta name=\"author\" content=\"H\u00e9l\u00e8ne\" \/>\n<meta name=\"twitter:card\" content=\"summary_large_image\" \/>\n<meta name=\"twitter:label1\" content=\"Written by\" \/>\n\t<meta name=\"twitter:data1\" content=\"H\u00e9l\u00e8ne\" \/>\n\t<meta name=\"twitter:label2\" content=\"Est. reading time\" \/>\n\t<meta name=\"twitter:data2\" content=\"2 minutes\" \/>\n<script type=\"application\/ld+json\" class=\"yoast-schema-graph\">{\"@context\":\"https:\/\/schema.org\",\"@graph\":[{\"@type\":\"WebPage\",\"@id\":\"https:\/\/www.germanopratines.fr\/en\/appearance\/fashion\/ralph-lauren\/\",\"url\":\"https:\/\/www.germanopratines.fr\/en\/appearance\/fashion\/ralph-lauren\/\",\"name\":\"RALPH LAUREN | Fashion | City Guide Paris - De Saint-Germain des pr\u00e9s au Palais Royal | les Germanopratines\",\"isPartOf\":{\"@id\":\"https:\/\/www.germanopratines.fr\/#website\"},\"datePublished\":\"2015-10-31T08:24:00+00:00\",\"dateModified\":\"2026-02-10T14:57:13+00:00\",\"author\":{\"@id\":\"https:\/\/www.germanopratines.fr\/#\/schema\/person\/43c18b9b6ab0cb9aeb48d095821db016\"},\"description\":\"\u201cI wanted to create a space that evokes the glamour, culture, and artistic spirit of Saint-Germain-des-Pr\u00e9s, a neighborhood I fell in love with,\u201d explains\",\"breadcrumb\":{\"@id\":\"https:\/\/www.germanopratines.fr\/en\/appearance\/fashion\/ralph-lauren\/#breadcrumb\"},\"inLanguage\":\"en-US\",\"potentialAction\":[{\"@type\":\"ReadAction\",\"target\":[\"https:\/\/www.germanopratines.fr\/en\/appearance\/fashion\/ralph-lauren\/\"]}]},{\"@type\":\"BreadcrumbList\",\"@id\":\"https:\/\/www.germanopratines.fr\/en\/appearance\/fashion\/ralph-lauren\/#breadcrumb\",\"itemListElement\":[{\"@type\":\"ListItem\",\"position\":1,\"name\":\"Accueil\",\"item\":\"https:\/\/www.germanopratines.fr\/en\/home-2\/\"},{\"@type\":\"ListItem\",\"position\":2,\"name\":\"RALPH LAUREN\"}]},{\"@type\":\"WebSite\",\"@id\":\"https:\/\/www.germanopratines.fr\/#website\",\"url\":\"https:\/\/www.germanopratines.fr\/\",\"name\":\"les Germanopratines\",\"description\":\"City Guide Paris - De Saint-Germain des pr\u00e9s au Palais Royal\",\"potentialAction\":[{\"@type\":\"SearchAction\",\"target\":{\"@type\":\"EntryPoint\",\"urlTemplate\":\"https:\/\/www.germanopratines.fr\/?s={search_term_string}\"},\"query-input\":\"required name=search_term_string\"}],\"inLanguage\":\"en-US\"},{\"@type\":\"Person\",\"@id\":\"https:\/\/www.germanopratines.fr\/#\/schema\/person\/43c18b9b6ab0cb9aeb48d095821db016\",\"name\":\"H\u00e9l\u00e8ne\",\"sameAs\":[\"https:\/\/www.germanopratines.fr\"]}]}<\/script>\n<!-- \/ Yoast SEO plugin. -->","yoast_head_json":{"title":"RALPH LAUREN | Fashion | City Guide Paris - De Saint-Germain des pr\u00e9s au Palais Royal | les Germanopratines","description":"\u201cI wanted to create a space that evokes the glamour, culture, and artistic spirit of Saint-Germain-des-Pr\u00e9s, a neighborhood I fell in love with,\u201d explains","robots":{"index":"index","follow":"follow","max-snippet":"max-snippet:-1","max-image-preview":"max-image-preview:large","max-video-preview":"max-video-preview:-1"},"canonical":"https:\/\/www.germanopratines.fr\/en\/appearance\/fashion\/ralph-lauren\/","og_locale":"en_US","og_type":"article","og_title":"RALPH LAUREN | Fashion | City Guide Paris - De Saint-Germain des pr\u00e9s au Palais Royal | les Germanopratines","og_description":"\u201cI wanted to create a space that evokes the glamour, culture, and artistic spirit of Saint-Germain-des-Pr\u00e9s, a neighborhood I fell in love with,\u201d explains","og_url":"https:\/\/www.germanopratines.fr\/en\/appearance\/fashion\/ralph-lauren\/","og_site_name":"les Germanopratines","article_publisher":"https:\/\/www.facebook.com\/lesGermanopratines\/","article_published_time":"2015-10-31T08:24:00+00:00","article_modified_time":"2026-02-10T14:57:13+00:00","og_image":[{"width":416,"height":338,"url":"https:\/\/www.germanopratines.fr\/wp-content\/uploads\/2015\/10\/IMG_5970.jpg","type":"image\/jpeg"}],"author":"H\u00e9l\u00e8ne","twitter_card":"summary_large_image","twitter_misc":{"Written by":"H\u00e9l\u00e8ne","Est. reading time":"2 minutes"},"schema":{"@context":"https:\/\/schema.org","@graph":[{"@type":"WebPage","@id":"https:\/\/www.germanopratines.fr\/en\/appearance\/fashion\/ralph-lauren\/","url":"https:\/\/www.germanopratines.fr\/en\/appearance\/fashion\/ralph-lauren\/","name":"RALPH LAUREN | Fashion | City Guide Paris - De Saint-Germain des pr\u00e9s au Palais Royal | les Germanopratines","isPartOf":{"@id":"https:\/\/www.germanopratines.fr\/#website"},"datePublished":"2015-10-31T08:24:00+00:00","dateModified":"2026-02-10T14:57:13+00:00","author":{"@id":"https:\/\/www.germanopratines.fr\/#\/schema\/person\/43c18b9b6ab0cb9aeb48d095821db016"},"description":"\u201cI wanted to create a space that evokes the glamour, culture, and artistic spirit of Saint-Germain-des-Pr\u00e9s, a neighborhood I fell in love with,\u201d explains","breadcrumb":{"@id":"https:\/\/www.germanopratines.fr\/en\/appearance\/fashion\/ralph-lauren\/#breadcrumb"},"inLanguage":"en-US","potentialAction":[{"@type":"ReadAction","target":["https:\/\/www.germanopratines.fr\/en\/appearance\/fashion\/ralph-lauren\/"]}]},{"@type":"BreadcrumbList","@id":"https:\/\/www.germanopratines.fr\/en\/appearance\/fashion\/ralph-lauren\/#breadcrumb","itemListElement":[{"@type":"ListItem","position":1,"name":"Accueil","item":"https:\/\/www.germanopratines.fr\/en\/home-2\/"},{"@type":"ListItem","position":2,"name":"RALPH LAUREN"}]},{"@type":"WebSite","@id":"https:\/\/www.germanopratines.fr\/#website","url":"https:\/\/www.germanopratines.fr\/","name":"les Germanopratines","description":"City Guide Paris - De Saint-Germain des pr\u00e9s au Palais Royal","potentialAction":[{"@type":"SearchAction","target":{"@type":"EntryPoint","urlTemplate":"https:\/\/www.germanopratines.fr\/?s={search_term_string}"},"query-input":"required name=search_term_string"}],"inLanguage":"en-US"},{"@type":"Person","@id":"https:\/\/www.germanopratines.fr\/#\/schema\/person\/43c18b9b6ab0cb9aeb48d095821db016","name":"H\u00e9l\u00e8ne","sameAs":["https:\/\/www.germanopratines.fr"]}]}},"_links":{"self":[{"href":"https:\/\/www.germanopratines.fr\/en\/wp-json\/wp\/v2\/posts\/28163"}],"collection":[{"href":"https:\/\/www.germanopratines.fr\/en\/wp-json\/wp\/v2\/posts"}],"about":[{"href":"https:\/\/www.germanopratines.fr\/en\/wp-json\/wp\/v2\/types\/post"}],"author":[{"embeddable":true,"href":"https:\/\/www.germanopratines.fr\/en\/wp-json\/wp\/v2\/users\/2"}],"replies":[{"embeddable":true,"href":"https:\/\/www.germanopratines.fr\/en\/wp-json\/wp\/v2\/comments?post=28163"}],"version-history":[{"count":4,"href":"https:\/\/www.germanopratines.fr\/en\/wp-json\/wp\/v2\/posts\/28163\/revisions"}],"predecessor-version":[{"id":140681,"href":"https:\/\/www.germanopratines.fr\/en\/wp-json\/wp\/v2\/posts\/28163\/revisions\/140681"}],"wp:featuredmedia":[{"embeddable":true,"href":"https:\/\/www.germanopratines.fr\/en\/wp-json\/wp\/v2\/media\/140668"}],"wp:attachment":[{"href":"https:\/\/www.germanopratines.fr\/en\/wp-json\/wp\/v2\/media?parent=28163"}],"wp:term":[{"taxonomy":"category","embeddable":true,"href":"https:\/\/www.germanopratines.fr\/en\/wp-json\/wp\/v2\/categories?post=28163"},{"taxonomy":"post_tag","embeddable":true,"href":"https:\/\/www.germanopratines.fr\/en\/wp-json\/wp\/v2\/tags?post=28163"}],"curies":[{"name":"wp","href":"https:\/\/api.w.org\/{rel}","templated":true}]}}