{"id":141558,"date":"2026-04-06T15:58:47","date_gmt":"2026-04-06T13:58:47","guid":{"rendered":"https:\/\/www.germanopratines.fr\/le-choc-nabis\/"},"modified":"2026-04-26T23:39:21","modified_gmt":"2026-04-26T21:39:21","slug":"le-choc-nabis","status":"publish","type":"post","link":"https:\/\/www.germanopratines.fr\/en\/exhibitions\/le-choc-nabis\/","title":{"rendered":"Le choc Nabis"},"content":{"rendered":"\n<div style=\"height:40px\" aria-hidden=\"true\" class=\"wp-block-spacer\"><\/div>\n\n\n\n<figure class=\"wp-block-image size-large is-resized\"><a href=\"https:\/\/www.germanopratines.fr\/wp-content\/uploads\/2026\/04\/Emile-Bernard-Nus-dans-un-paysage-1887-scaled.jpg\"><img decoding=\"async\" loading=\"lazy\" src=\"https:\/\/www.germanopratines.fr\/wp-content\/uploads\/2026\/04\/Emile-Bernard-Nus-dans-un-paysage-1887-1030x835.jpg\" alt=\"\" class=\"wp-image-141427\" width=\"1033\" height=\"837\" srcset=\"https:\/\/www.germanopratines.fr\/wp-content\/uploads\/2026\/04\/Emile-Bernard-Nus-dans-un-paysage-1887-1030x835.jpg 1030w, https:\/\/www.germanopratines.fr\/wp-content\/uploads\/2026\/04\/Emile-Bernard-Nus-dans-un-paysage-1887-300x243.jpg 300w, https:\/\/www.germanopratines.fr\/wp-content\/uploads\/2026\/04\/Emile-Bernard-Nus-dans-un-paysage-1887-768x622.jpg 768w, https:\/\/www.germanopratines.fr\/wp-content\/uploads\/2026\/04\/Emile-Bernard-Nus-dans-un-paysage-1887-1536x1245.jpg 1536w, https:\/\/www.germanopratines.fr\/wp-content\/uploads\/2026\/04\/Emile-Bernard-Nus-dans-un-paysage-1887-2048x1660.jpg 2048w, https:\/\/www.germanopratines.fr\/wp-content\/uploads\/2026\/04\/Emile-Bernard-Nus-dans-un-paysage-1887-1500x1216.jpg 1500w, https:\/\/www.germanopratines.fr\/wp-content\/uploads\/2026\/04\/Emile-Bernard-Nus-dans-un-paysage-1887-495x400.jpg 495w, https:\/\/www.germanopratines.fr\/wp-content\/uploads\/2026\/04\/Emile-Bernard-Nus-dans-un-paysage-1887-845x684.jpg 845w, https:\/\/www.germanopratines.fr\/wp-content\/uploads\/2026\/04\/Emile-Bernard-Nus-dans-un-paysage-1887-705x571.jpg 705w\" sizes=\"(max-width: 1033px) 100vw, 1033px\" \/><\/a><\/figure>\n\n\n\n<div style=\"height:51px\" aria-hidden=\"true\" class=\"wp-block-spacer\"><\/div>\n\n\n\n<p>For its inaugural exhibition, the Waddington Custot Gallery highlights the pioneering European modernist movement, in which it has recognized expertise: the Nabis. The exhibition brings together some thirty works by the movement&#8217;s leading figures, including Pierre Bonnard, Maurice Denis, \u00c9douard Vuillard, Charles Filiger, Ker-Xavier Roussel, Paul S\u00e9rusier, \u00c9mile Bernard, Paul Ranson, and J\u00f3zsef Rippl-R\u00f3nai.<\/p>\n\n\n\n<p>Disciples of Gauguin, who claimed &#8220;the right to dare everything,&#8221; the Nabis painters drew inspiration from his desire to liberate color and his vision of painting as an inner quest. The work created by Paul S\u00e9rusier under Gauguin&#8217;s direct influence in the summer of 1888 would become <em>The Talisman<\/em>, a seminal work and aesthetic reference point for the group.<\/p>\n\n\n\n<p>The term &#8220;Nabi,&#8221; borrowed from Hebrew and meaning &#8220;prophet,&#8221; reflects both the spiritual quest and the innovative ambition of this collective, which saw itself as the harbinger of an artistic renewal. The Nabis favored clean lines and flat planes of color, as seen in Paul S\u00e9rusier&#8217;s Bretonne Entendant (Breton Woman Breastfeeding). The Neo-Impressionist influence is also evident in Pierre Bonnard&#8217;s \u00c9tude pour \u2018Le Corsage \u00e0 carreaux\u2019 (Study for \u2018The Checkered Bodice\u2019), while Japonism influenced artists like Paul Ranson, as seen in his work Le Grand Tigre (The Great Tiger).<\/p>\n\n\n\n<div style=\"height:51px\" aria-hidden=\"true\" class=\"wp-block-spacer\"><\/div>\n\n\n\n<figure class=\"wp-block-image size-large is-resized\"><a href=\"https:\/\/www.germanopratines.fr\/wp-content\/uploads\/2026\/04\/Paul-Serusier-Bretonne-allaitant-Courtesy-Waddington-Custot-1-scaled.jpg\"><img decoding=\"async\" loading=\"lazy\" src=\"https:\/\/www.germanopratines.fr\/wp-content\/uploads\/2026\/04\/Paul-Serusier-Bretonne-allaitant-Courtesy-Waddington-Custot-1-780x1030.jpg\" alt=\"\" class=\"wp-image-141419\" width=\"1033\" height=\"1364\" srcset=\"https:\/\/www.germanopratines.fr\/wp-content\/uploads\/2026\/04\/Paul-Serusier-Bretonne-allaitant-Courtesy-Waddington-Custot-1-780x1030.jpg 780w, https:\/\/www.germanopratines.fr\/wp-content\/uploads\/2026\/04\/Paul-Serusier-Bretonne-allaitant-Courtesy-Waddington-Custot-1-227x300.jpg 227w, https:\/\/www.germanopratines.fr\/wp-content\/uploads\/2026\/04\/Paul-Serusier-Bretonne-allaitant-Courtesy-Waddington-Custot-1-768x1014.jpg 768w, https:\/\/www.germanopratines.fr\/wp-content\/uploads\/2026\/04\/Paul-Serusier-Bretonne-allaitant-Courtesy-Waddington-Custot-1-1163x1536.jpg 1163w, https:\/\/www.germanopratines.fr\/wp-content\/uploads\/2026\/04\/Paul-Serusier-Bretonne-allaitant-Courtesy-Waddington-Custot-1-1551x2048.jpg 1551w, https:\/\/www.germanopratines.fr\/wp-content\/uploads\/2026\/04\/Paul-Serusier-Bretonne-allaitant-Courtesy-Waddington-Custot-1-1136x1500.jpg 1136w, https:\/\/www.germanopratines.fr\/wp-content\/uploads\/2026\/04\/Paul-Serusier-Bretonne-allaitant-Courtesy-Waddington-Custot-1-534x705.jpg 534w, https:\/\/www.germanopratines.fr\/wp-content\/uploads\/2026\/04\/Paul-Serusier-Bretonne-allaitant-Courtesy-Waddington-Custot-1-scaled.jpg 1939w\" sizes=\"(max-width: 1033px) 100vw, 1033px\" \/><\/a><\/figure>\n\n\n\n<div style=\"height:50px\" aria-hidden=\"true\" class=\"wp-block-spacer\"><\/div>\n\n\n\n<p>Closely aligned with Symbolism, the Nabis were also interested in contemporary life, seeking to elevate the everyday. Interior scenes, contemplative figures, and stylized landscapes were thus elevated to the status of fully-fledged artistic subjects. Although exclusively male, the group constantly drew inspiration from female models, making &#8220;their mother, their partner or wife, their sister, privileged models&#8221; (Gilles Genty), as seen in Maurice Denis&#8217;s Portrait of Martha in a Red Apron (sketch) or Ker-Xavier Roussel&#8217;s Women in the Garden. Drawing inspiration from prints, stained glass, and folk art, the Nabis rejected the traditional hierarchy of genres and advocated for continuity between so-called &#8220;major&#8221; and &#8220;minor&#8221; arts. Painting, decoration, printmaking, and applied arts were approached with the same exacting standards, resulting in diverse projects such as Maurice Denis&#8217;s The White Horse (stained glass design). This openness led the group to invest in a multitude of media and to play a decisive role in the development of decorative arts and practices of the multiple at the dawn of modernity.<\/p>\n\n\n\n<div style=\"height:49px\" aria-hidden=\"true\" class=\"wp-block-spacer\"><\/div>\n\n\n\n<figure class=\"wp-block-image aligncenter size-large is-resized\"><a href=\"https:\/\/www.germanopratines.fr\/wp-content\/uploads\/2026\/04\/Maurice-Denis-Cheval-Blanc-\u00a9-Jean-Louis-Losi-1-scaled.jpg\"><img decoding=\"async\" loading=\"lazy\" src=\"https:\/\/www.germanopratines.fr\/wp-content\/uploads\/2026\/04\/Maurice-Denis-Cheval-Blanc-\u00a9-Jean-Louis-Losi-1-585x1030.jpg\" alt=\"\" class=\"wp-image-141429\" width=\"974\" height=\"1715\" srcset=\"https:\/\/www.germanopratines.fr\/wp-content\/uploads\/2026\/04\/Maurice-Denis-Cheval-Blanc-\u00a9-Jean-Louis-Losi-1-585x1030.jpg 585w, https:\/\/www.germanopratines.fr\/wp-content\/uploads\/2026\/04\/Maurice-Denis-Cheval-Blanc-\u00a9-Jean-Louis-Losi-1-170x300.jpg 170w, https:\/\/www.germanopratines.fr\/wp-content\/uploads\/2026\/04\/Maurice-Denis-Cheval-Blanc-\u00a9-Jean-Louis-Losi-1-768x1352.jpg 768w, https:\/\/www.germanopratines.fr\/wp-content\/uploads\/2026\/04\/Maurice-Denis-Cheval-Blanc-\u00a9-Jean-Louis-Losi-1-873x1536.jpg 873w, https:\/\/www.germanopratines.fr\/wp-content\/uploads\/2026\/04\/Maurice-Denis-Cheval-Blanc-\u00a9-Jean-Louis-Losi-1-1163x2048.jpg 1163w, https:\/\/www.germanopratines.fr\/wp-content\/uploads\/2026\/04\/Maurice-Denis-Cheval-Blanc-\u00a9-Jean-Louis-Losi-1-852x1500.jpg 852w, https:\/\/www.germanopratines.fr\/wp-content\/uploads\/2026\/04\/Maurice-Denis-Cheval-Blanc-\u00a9-Jean-Louis-Losi-1-400x705.jpg 400w, https:\/\/www.germanopratines.fr\/wp-content\/uploads\/2026\/04\/Maurice-Denis-Cheval-Blanc-\u00a9-Jean-Louis-Losi-1-scaled.jpg 1454w\" sizes=\"(max-width: 974px) 100vw, 974px\" \/><\/a><\/figure>\n\n\n\n<div style=\"height:49px\" aria-hidden=\"true\" class=\"wp-block-spacer\"><\/div>\n\n\n\n<p>Embodying the \u201cNabi shock,\u201d an unprecedented dialogue with contemporary works by Etel Adnan, Ben Arp\u00e9a, Marcel\u00b7la Barcel\u00f3, Ian Davenport, Pierre Knop, Fran\u00e7ois R\u00e9au, Anne Rothenstein, Christine Safa, and Fabienne Verdier illuminates a shared conception of painting as an autonomous, sensitive, and interior space.<br>While the Nabis championed a subjective, decorative, and synthetic style of painting, in which color, rhythm, and interiority take precedence over any attempt at an illusionistic representation of reality, this approach resonates today in contemporary practices: Etel Adnan\u2019s compositions, with their radical simplification and frontal chromatism, echo the spiritual quest and symbolic density of figures like Charles Filiger. Fabienne Verdier\u2019s concentrated gesture, at once meditative and physical, engages in a dialogue with the concept of painting as an inner experience, as advocated by Maurice Denis. In Ian Davenport&#8217;s work, the repetition, fluidity, and musicality of color extend the creative and rhythmic ambition that runs through the work of Bonnard or Vuillard. Through the diversity of their languages \u200b\u200band the convergence of their intentions, these artists reaffirm, like the Nabis, a painting where surface, matter, and color become the vehicles of a poetic and inner experience of the world, inscribing the Nabi aesthetic within a long and ever-evolving history.<\/p>\n\n\n\n<div style=\"height:51px\" aria-hidden=\"true\" class=\"wp-block-spacer\"><\/div>\n\n\n\n<figure class=\"wp-block-image size-large is-resized\"><a href=\"https:\/\/www.germanopratines.fr\/wp-content\/uploads\/2026\/04\/Ker-Xavier-Roussel-Deux-ages-de-la-vie-1892-scaled.jpg\"><img decoding=\"async\" loading=\"lazy\" src=\"https:\/\/www.germanopratines.fr\/wp-content\/uploads\/2026\/04\/Ker-Xavier-Roussel-Deux-ages-de-la-vie-1892-1030x580.jpg\" alt=\"\" class=\"wp-image-141425\" width=\"1042\" height=\"586\" srcset=\"https:\/\/www.germanopratines.fr\/wp-content\/uploads\/2026\/04\/Ker-Xavier-Roussel-Deux-ages-de-la-vie-1892-1030x580.jpg 1030w, https:\/\/www.germanopratines.fr\/wp-content\/uploads\/2026\/04\/Ker-Xavier-Roussel-Deux-ages-de-la-vie-1892-300x169.jpg 300w, https:\/\/www.germanopratines.fr\/wp-content\/uploads\/2026\/04\/Ker-Xavier-Roussel-Deux-ages-de-la-vie-1892-768x433.jpg 768w, https:\/\/www.germanopratines.fr\/wp-content\/uploads\/2026\/04\/Ker-Xavier-Roussel-Deux-ages-de-la-vie-1892-1536x865.jpg 1536w, https:\/\/www.germanopratines.fr\/wp-content\/uploads\/2026\/04\/Ker-Xavier-Roussel-Deux-ages-de-la-vie-1892-2048x1153.jpg 2048w, https:\/\/www.germanopratines.fr\/wp-content\/uploads\/2026\/04\/Ker-Xavier-Roussel-Deux-ages-de-la-vie-1892-1500x845.jpg 1500w, https:\/\/www.germanopratines.fr\/wp-content\/uploads\/2026\/04\/Ker-Xavier-Roussel-Deux-ages-de-la-vie-1892-705x397.jpg 705w\" sizes=\"(max-width: 1042px) 100vw, 1042px\" \/><\/a><\/figure>\n\n\n\n<div style=\"height:100px\" aria-hidden=\"true\" class=\"wp-block-spacer\"><\/div>\n\n\n\n<h3 class=\"has-text-align-center\">April 7 &#8211; June 6, 2026<\/h3>\n\n\n\n<div style=\"height:28px\" aria-hidden=\"true\" class=\"wp-block-spacer\"><\/div>\n\n\n\n<h1 class=\"has-text-align-center\">GALERIE WADDINGTON CUSTOT<\/h1>\n\n\n\n<h3 class=\"has-text-align-center\">36 rue de Seine 75006<\/h3>\n","protected":false},"excerpt":{"rendered":"<p>For its inaugural exhibition, the Waddington Custot Gallery highlights the pioneering European modernist movement, in which it has recognized expertise: the Nabis. The exhibition brings together some thirty works by the movement&#8217;s leading figures, including Pierre Bonnard, Maurice Denis, \u00c9douard Vuillard, Charles Filiger, Ker-Xavier Roussel, Paul S\u00e9rusier, \u00c9mile Bernard, Paul Ranson, and J\u00f3zsef Rippl-R\u00f3nai. Disciples [&hellip;]<\/p>\n","protected":false},"author":2,"featured_media":141428,"comment_status":"closed","ping_status":"open","sticky":false,"template":"","format":"standard","meta":[],"categories":[389,381,302],"tags":[],"yoast_head":"<!-- This site is optimized with the Yoast SEO plugin v20.1 - https:\/\/yoast.com\/wordpress\/plugins\/seo\/ -->\n<title>Le choc Nabis | Exhibitions | City Guide Paris - De Saint-Germain des pr\u00e9s au Palais Royal | les Germanopratines<\/title>\n<meta name=\"description\" content=\"For its inaugural exhibition, the Waddington Custot Gallery highlights the pioneering European modernist movement, in which it has recognized expertise:\" \/>\n<meta name=\"robots\" content=\"index, follow, max-snippet:-1, max-image-preview:large, max-video-preview:-1\" \/>\n<link rel=\"canonical\" href=\"https:\/\/www.germanopratines.fr\/en\/exhibitions\/le-choc-nabis\/\" \/>\n<meta property=\"og:locale\" content=\"en_US\" \/>\n<meta property=\"og:type\" content=\"article\" \/>\n<meta property=\"og:title\" content=\"Le choc Nabis | Exhibitions | City Guide Paris - De Saint-Germain des pr\u00e9s au Palais Royal | les Germanopratines\" \/>\n<meta property=\"og:description\" content=\"For its inaugural exhibition, the Waddington Custot Gallery highlights the pioneering European modernist movement, in which it has recognized expertise:\" \/>\n<meta property=\"og:url\" content=\"https:\/\/www.germanopratines.fr\/en\/exhibitions\/le-choc-nabis\/\" \/>\n<meta property=\"og:site_name\" content=\"les Germanopratines\" \/>\n<meta property=\"article:publisher\" content=\"https:\/\/www.facebook.com\/lesGermanopratines\/\" \/>\n<meta property=\"article:published_time\" content=\"2026-04-06T13:58:47+00:00\" \/>\n<meta property=\"article:modified_time\" content=\"2026-04-26T21:39:21+00:00\" \/>\n<meta property=\"og:image\" content=\"https:\/\/www.germanopratines.fr\/wp-content\/uploads\/2026\/04\/Emile-Bernard-Nus-dans-un-paysage-1887-1030x835.jpg\" \/>\n\t<meta property=\"og:image:width\" content=\"1030\" \/>\n\t<meta property=\"og:image:height\" content=\"835\" \/>\n\t<meta property=\"og:image:type\" content=\"image\/jpeg\" \/>\n<meta name=\"author\" content=\"H\u00e9l\u00e8ne\" \/>\n<meta name=\"twitter:card\" content=\"summary_large_image\" \/>\n<meta name=\"twitter:label1\" content=\"Written by\" \/>\n\t<meta name=\"twitter:data1\" content=\"H\u00e9l\u00e8ne\" \/>\n\t<meta name=\"twitter:label2\" content=\"Est. reading time\" \/>\n\t<meta name=\"twitter:data2\" content=\"4 minutes\" \/>\n<script type=\"application\/ld+json\" class=\"yoast-schema-graph\">{\"@context\":\"https:\/\/schema.org\",\"@graph\":[{\"@type\":\"WebPage\",\"@id\":\"https:\/\/www.germanopratines.fr\/en\/exhibitions\/le-choc-nabis\/\",\"url\":\"https:\/\/www.germanopratines.fr\/en\/exhibitions\/le-choc-nabis\/\",\"name\":\"Le choc Nabis | Exhibitions | City Guide Paris - De Saint-Germain des pr\u00e9s au Palais Royal | les Germanopratines\",\"isPartOf\":{\"@id\":\"https:\/\/www.germanopratines.fr\/#website\"},\"datePublished\":\"2026-04-06T13:58:47+00:00\",\"dateModified\":\"2026-04-26T21:39:21+00:00\",\"author\":{\"@id\":\"https:\/\/www.germanopratines.fr\/#\/schema\/person\/43c18b9b6ab0cb9aeb48d095821db016\"},\"description\":\"For its inaugural exhibition, the Waddington Custot Gallery highlights the pioneering European modernist movement, in which it has recognized expertise:\",\"breadcrumb\":{\"@id\":\"https:\/\/www.germanopratines.fr\/en\/exhibitions\/le-choc-nabis\/#breadcrumb\"},\"inLanguage\":\"en-US\",\"potentialAction\":[{\"@type\":\"ReadAction\",\"target\":[\"https:\/\/www.germanopratines.fr\/en\/exhibitions\/le-choc-nabis\/\"]}]},{\"@type\":\"BreadcrumbList\",\"@id\":\"https:\/\/www.germanopratines.fr\/en\/exhibitions\/le-choc-nabis\/#breadcrumb\",\"itemListElement\":[{\"@type\":\"ListItem\",\"position\":1,\"name\":\"Accueil\",\"item\":\"https:\/\/www.germanopratines.fr\/en\/home-2\/\"},{\"@type\":\"ListItem\",\"position\":2,\"name\":\"Le choc Nabis\"}]},{\"@type\":\"WebSite\",\"@id\":\"https:\/\/www.germanopratines.fr\/#website\",\"url\":\"https:\/\/www.germanopratines.fr\/\",\"name\":\"les Germanopratines\",\"description\":\"City Guide Paris - De Saint-Germain des pr\u00e9s au Palais Royal\",\"potentialAction\":[{\"@type\":\"SearchAction\",\"target\":{\"@type\":\"EntryPoint\",\"urlTemplate\":\"https:\/\/www.germanopratines.fr\/?s={search_term_string}\"},\"query-input\":\"required name=search_term_string\"}],\"inLanguage\":\"en-US\"},{\"@type\":\"Person\",\"@id\":\"https:\/\/www.germanopratines.fr\/#\/schema\/person\/43c18b9b6ab0cb9aeb48d095821db016\",\"name\":\"H\u00e9l\u00e8ne\",\"sameAs\":[\"https:\/\/www.germanopratines.fr\"]}]}<\/script>\n<!-- \/ Yoast SEO plugin. -->","yoast_head_json":{"title":"Le choc Nabis | Exhibitions | City Guide Paris - De Saint-Germain des pr\u00e9s au Palais Royal | les Germanopratines","description":"For its inaugural exhibition, the Waddington Custot Gallery highlights the pioneering European modernist movement, in which it has recognized expertise:","robots":{"index":"index","follow":"follow","max-snippet":"max-snippet:-1","max-image-preview":"max-image-preview:large","max-video-preview":"max-video-preview:-1"},"canonical":"https:\/\/www.germanopratines.fr\/en\/exhibitions\/le-choc-nabis\/","og_locale":"en_US","og_type":"article","og_title":"Le choc Nabis | Exhibitions | City Guide Paris - De Saint-Germain des pr\u00e9s au Palais Royal | les Germanopratines","og_description":"For its inaugural exhibition, the Waddington Custot Gallery highlights the pioneering European modernist movement, in which it has recognized expertise:","og_url":"https:\/\/www.germanopratines.fr\/en\/exhibitions\/le-choc-nabis\/","og_site_name":"les Germanopratines","article_publisher":"https:\/\/www.facebook.com\/lesGermanopratines\/","article_published_time":"2026-04-06T13:58:47+00:00","article_modified_time":"2026-04-26T21:39:21+00:00","og_image":[{"width":1030,"height":835,"url":"https:\/\/www.germanopratines.fr\/wp-content\/uploads\/2026\/04\/Emile-Bernard-Nus-dans-un-paysage-1887-1030x835.jpg","type":"image\/jpeg"}],"author":"H\u00e9l\u00e8ne","twitter_card":"summary_large_image","twitter_misc":{"Written by":"H\u00e9l\u00e8ne","Est. reading time":"4 minutes"},"schema":{"@context":"https:\/\/schema.org","@graph":[{"@type":"WebPage","@id":"https:\/\/www.germanopratines.fr\/en\/exhibitions\/le-choc-nabis\/","url":"https:\/\/www.germanopratines.fr\/en\/exhibitions\/le-choc-nabis\/","name":"Le choc Nabis | Exhibitions | City Guide Paris - De Saint-Germain des pr\u00e9s au Palais Royal | les Germanopratines","isPartOf":{"@id":"https:\/\/www.germanopratines.fr\/#website"},"datePublished":"2026-04-06T13:58:47+00:00","dateModified":"2026-04-26T21:39:21+00:00","author":{"@id":"https:\/\/www.germanopratines.fr\/#\/schema\/person\/43c18b9b6ab0cb9aeb48d095821db016"},"description":"For its inaugural exhibition, the Waddington Custot Gallery highlights the pioneering European modernist movement, in which it has recognized expertise:","breadcrumb":{"@id":"https:\/\/www.germanopratines.fr\/en\/exhibitions\/le-choc-nabis\/#breadcrumb"},"inLanguage":"en-US","potentialAction":[{"@type":"ReadAction","target":["https:\/\/www.germanopratines.fr\/en\/exhibitions\/le-choc-nabis\/"]}]},{"@type":"BreadcrumbList","@id":"https:\/\/www.germanopratines.fr\/en\/exhibitions\/le-choc-nabis\/#breadcrumb","itemListElement":[{"@type":"ListItem","position":1,"name":"Accueil","item":"https:\/\/www.germanopratines.fr\/en\/home-2\/"},{"@type":"ListItem","position":2,"name":"Le choc Nabis"}]},{"@type":"WebSite","@id":"https:\/\/www.germanopratines.fr\/#website","url":"https:\/\/www.germanopratines.fr\/","name":"les Germanopratines","description":"City Guide Paris - De Saint-Germain des pr\u00e9s au Palais Royal","potentialAction":[{"@type":"SearchAction","target":{"@type":"EntryPoint","urlTemplate":"https:\/\/www.germanopratines.fr\/?s={search_term_string}"},"query-input":"required name=search_term_string"}],"inLanguage":"en-US"},{"@type":"Person","@id":"https:\/\/www.germanopratines.fr\/#\/schema\/person\/43c18b9b6ab0cb9aeb48d095821db016","name":"H\u00e9l\u00e8ne","sameAs":["https:\/\/www.germanopratines.fr"]}]}},"_links":{"self":[{"href":"https:\/\/www.germanopratines.fr\/en\/wp-json\/wp\/v2\/posts\/141558"}],"collection":[{"href":"https:\/\/www.germanopratines.fr\/en\/wp-json\/wp\/v2\/posts"}],"about":[{"href":"https:\/\/www.germanopratines.fr\/en\/wp-json\/wp\/v2\/types\/post"}],"author":[{"embeddable":true,"href":"https:\/\/www.germanopratines.fr\/en\/wp-json\/wp\/v2\/users\/2"}],"replies":[{"embeddable":true,"href":"https:\/\/www.germanopratines.fr\/en\/wp-json\/wp\/v2\/comments?post=141558"}],"version-history":[{"count":1,"href":"https:\/\/www.germanopratines.fr\/en\/wp-json\/wp\/v2\/posts\/141558\/revisions"}],"predecessor-version":[{"id":141560,"href":"https:\/\/www.germanopratines.fr\/en\/wp-json\/wp\/v2\/posts\/141558\/revisions\/141560"}],"wp:featuredmedia":[{"embeddable":true,"href":"https:\/\/www.germanopratines.fr\/en\/wp-json\/wp\/v2\/media\/141428"}],"wp:attachment":[{"href":"https:\/\/www.germanopratines.fr\/en\/wp-json\/wp\/v2\/media?parent=141558"}],"wp:term":[{"taxonomy":"category","embeddable":true,"href":"https:\/\/www.germanopratines.fr\/en\/wp-json\/wp\/v2\/categories?post=141558"},{"taxonomy":"post_tag","embeddable":true,"href":"https:\/\/www.germanopratines.fr\/en\/wp-json\/wp\/v2\/tags?post=141558"}],"curies":[{"name":"wp","href":"https:\/\/api.w.org\/{rel}","templated":true}]}}