{"id":141552,"date":"2026-03-30T21:11:10","date_gmt":"2026-03-30T19:11:10","guid":{"rendered":"https:\/\/www.germanopratines.fr\/robert-couturier-2\/"},"modified":"2026-04-26T12:24:22","modified_gmt":"2026-04-26T10:24:22","slug":"robert-couturier-2","status":"publish","type":"post","link":"https:\/\/www.germanopratines.fr\/en\/news\/robert-couturier-2\/","title":{"rendered":"Robert Couturier"},"content":{"rendered":"\n<h1 class=\"has-text-align-center\">Free drawing<\/h1>\n\n\n\n<p><a href=\"https:\/\/galeriedinavierny.fr\/wp-content\/uploads\/2026\/03\/CP_COUTURIER.pdf\" target=\"_blank\" rel=\"noreferrer noopener\">&nbsp;<\/a><\/p>\n\n\n\n<div style=\"height:39px\" aria-hidden=\"true\" class=\"wp-block-spacer\"><\/div>\n\n\n\n<figure class=\"wp-block-image size-large is-resized\"><a href=\"https:\/\/www.germanopratines.fr\/wp-content\/uploads\/2026\/03\/ROBERT-COUTURIER-Galerie-Dina-Vierny-1.jpg\"><img decoding=\"async\" loading=\"lazy\" src=\"https:\/\/www.germanopratines.fr\/wp-content\/uploads\/2026\/03\/ROBERT-COUTURIER-Galerie-Dina-Vierny-1-790x1030.jpg\" alt=\"\" class=\"wp-image-141395\" width=\"1025\" height=\"1337\" srcset=\"https:\/\/www.germanopratines.fr\/wp-content\/uploads\/2026\/03\/ROBERT-COUTURIER-Galerie-Dina-Vierny-1-790x1030.jpg 790w, https:\/\/www.germanopratines.fr\/wp-content\/uploads\/2026\/03\/ROBERT-COUTURIER-Galerie-Dina-Vierny-1-230x300.jpg 230w, https:\/\/www.germanopratines.fr\/wp-content\/uploads\/2026\/03\/ROBERT-COUTURIER-Galerie-Dina-Vierny-1-768x1001.jpg 768w, https:\/\/www.germanopratines.fr\/wp-content\/uploads\/2026\/03\/ROBERT-COUTURIER-Galerie-Dina-Vierny-1-1178x1536.jpg 1178w, https:\/\/www.germanopratines.fr\/wp-content\/uploads\/2026\/03\/ROBERT-COUTURIER-Galerie-Dina-Vierny-1-1571x2048.jpg 1571w, https:\/\/www.germanopratines.fr\/wp-content\/uploads\/2026\/03\/ROBERT-COUTURIER-Galerie-Dina-Vierny-1-1150x1500.jpg 1150w, https:\/\/www.germanopratines.fr\/wp-content\/uploads\/2026\/03\/ROBERT-COUTURIER-Galerie-Dina-Vierny-1-541x705.jpg 541w, https:\/\/www.germanopratines.fr\/wp-content\/uploads\/2026\/03\/ROBERT-COUTURIER-Galerie-Dina-Vierny-1.jpg 1800w\" sizes=\"(max-width: 1025px) 100vw, 1025px\" \/><\/a><\/figure>\n\n\n\n<div style=\"height:51px\" aria-hidden=\"true\" class=\"wp-block-spacer\"><\/div>\n\n\n\n<p>The first exhibition devoted to the graphic work of Robert Couturier since 1959. Bringing together nearly twenty works created between the 1930s and 1990s and accompanied by a catalogue, it highlights the vitality, inventiveness, and exacting standards of a medium to which the artist dedicated his entire life with tireless fervor.<\/p>\n\n\n\n<p>Considered one of the leading sculptors of the post-war period alongside Richier and Giacometti, Robert Couturier (1905\u20132008) was also, and intrinsically so, an important draftsman. Far from being anecdotal, this dual practice reveals the unity of his creative thought: through both line and volume, he pursued throughout his life a single quest, that of &#8220;evoking as much humanity as possible with the most minimal means.&#8221;<\/p>\n\n\n\n<div style=\"height:51px\" aria-hidden=\"true\" class=\"wp-block-spacer\"><\/div>\n\n\n\n<figure class=\"wp-block-image size-large is-resized\"><a href=\"https:\/\/www.germanopratines.fr\/wp-content\/uploads\/2026\/03\/ROBERT-COUTURIER-Galerie-Dina-Vierny-3-scaled.jpg\"><img decoding=\"async\" loading=\"lazy\" src=\"https:\/\/www.germanopratines.fr\/wp-content\/uploads\/2026\/03\/ROBERT-COUTURIER-Galerie-Dina-Vierny-3-795x1030.jpg\" alt=\"\" class=\"wp-image-141399\" width=\"1020\" height=\"1321\" srcset=\"https:\/\/www.germanopratines.fr\/wp-content\/uploads\/2026\/03\/ROBERT-COUTURIER-Galerie-Dina-Vierny-3-795x1030.jpg 795w, https:\/\/www.germanopratines.fr\/wp-content\/uploads\/2026\/03\/ROBERT-COUTURIER-Galerie-Dina-Vierny-3-231x300.jpg 231w, https:\/\/www.germanopratines.fr\/wp-content\/uploads\/2026\/03\/ROBERT-COUTURIER-Galerie-Dina-Vierny-3-768x996.jpg 768w, https:\/\/www.germanopratines.fr\/wp-content\/uploads\/2026\/03\/ROBERT-COUTURIER-Galerie-Dina-Vierny-3-1185x1536.jpg 1185w, https:\/\/www.germanopratines.fr\/wp-content\/uploads\/2026\/03\/ROBERT-COUTURIER-Galerie-Dina-Vierny-3-1580x2048.jpg 1580w, https:\/\/www.germanopratines.fr\/wp-content\/uploads\/2026\/03\/ROBERT-COUTURIER-Galerie-Dina-Vierny-3-1157x1500.jpg 1157w, https:\/\/www.germanopratines.fr\/wp-content\/uploads\/2026\/03\/ROBERT-COUTURIER-Galerie-Dina-Vierny-3-544x705.jpg 544w, https:\/\/www.germanopratines.fr\/wp-content\/uploads\/2026\/03\/ROBERT-COUTURIER-Galerie-Dina-Vierny-3-scaled.jpg 1975w\" sizes=\"(max-width: 1020px) 100vw, 1020px\" \/><\/a><\/figure>\n\n\n\n<div style=\"height:49px\" aria-hidden=\"true\" class=\"wp-block-spacer\"><\/div>\n\n\n\n<p>Conceived as a small retrospective of his drawings, this exhibition spans the artist&#8217;s entire life, from his earliest drawings in the 1930s to the final works of this centenarian creator. Through the diversity of these drawings, the coherence of a gesture unfolds, a gesture that neither time nor age has been able to diminish.<\/p>\n\n\n\n<p>From adolescence, Couturier imposed upon himself a daily discipline: never going to bed without having drawn. It is no coincidence that the artist first trained in lithography. Far more than an academic exercise, this practice stemmed from an inner necessity, an impulse he summarized with a personal neologism: &#8220;d\u00e9prendre&#8221; (to detach). This term underscores his commitment to total freedom, making drawing a space for play, a pleasure for the eye, and a vibrant tension between the spoken and the unspoken.<\/p>\n\n\n\n<div style=\"height:49px\" aria-hidden=\"true\" class=\"wp-block-spacer\"><\/div>\n\n\n\n<figure class=\"wp-block-image size-large is-resized\"><a href=\"https:\/\/www.germanopratines.fr\/wp-content\/uploads\/2026\/03\/ROBERT-COUTURIER-Galerie-Dina-Vierny-4.jpg\"><img decoding=\"async\" loading=\"lazy\" src=\"https:\/\/www.germanopratines.fr\/wp-content\/uploads\/2026\/03\/ROBERT-COUTURIER-Galerie-Dina-Vierny-4-652x1030.jpg\" alt=\"\" class=\"wp-image-141401\" width=\"1025\" height=\"1619\" srcset=\"https:\/\/www.germanopratines.fr\/wp-content\/uploads\/2026\/03\/ROBERT-COUTURIER-Galerie-Dina-Vierny-4-652x1030.jpg 652w, https:\/\/www.germanopratines.fr\/wp-content\/uploads\/2026\/03\/ROBERT-COUTURIER-Galerie-Dina-Vierny-4-190x300.jpg 190w, https:\/\/www.germanopratines.fr\/wp-content\/uploads\/2026\/03\/ROBERT-COUTURIER-Galerie-Dina-Vierny-4-768x1213.jpg 768w, https:\/\/www.germanopratines.fr\/wp-content\/uploads\/2026\/03\/ROBERT-COUTURIER-Galerie-Dina-Vierny-4-973x1536.jpg 973w, https:\/\/www.germanopratines.fr\/wp-content\/uploads\/2026\/03\/ROBERT-COUTURIER-Galerie-Dina-Vierny-4-950x1500.jpg 950w, https:\/\/www.germanopratines.fr\/wp-content\/uploads\/2026\/03\/ROBERT-COUTURIER-Galerie-Dina-Vierny-4-446x705.jpg 446w, https:\/\/www.germanopratines.fr\/wp-content\/uploads\/2026\/03\/ROBERT-COUTURIER-Galerie-Dina-Vierny-4.jpg 1000w\" sizes=\"(max-width: 1025px) 100vw, 1025px\" \/><\/a><\/figure>\n\n\n\n<div style=\"height:51px\" aria-hidden=\"true\" class=\"wp-block-spacer\"><\/div>\n\n\n\n<p>The works presented here bear witness to the enduring nature of his recurring themes: the human figure\u2014woman, man, child, couple\u2014reinvented through a singular anatomical freedom. Like Ingres and his penchant for controlled distortion, Couturier stretches, distends, and opens up form to reach another reality.<\/p>\n\n\n\n<p>Here, economy of means is a deliberate artistic choice, not a deficiency. Through the sheer tension of a contour or the joyful wandering of a line across the page, Couturier manages to breathe life into the inert.<\/p>\n\n\n\n<div style=\"height:51px\" aria-hidden=\"true\" class=\"wp-block-spacer\"><\/div>\n\n\n\n<figure class=\"wp-block-image size-large is-resized\"><a href=\"https:\/\/www.germanopratines.fr\/wp-content\/uploads\/2026\/03\/ROBERT-COUTURIER-Galerie-Dina-Vierny-5.jpg\"><img decoding=\"async\" loading=\"lazy\" src=\"https:\/\/www.germanopratines.fr\/wp-content\/uploads\/2026\/03\/ROBERT-COUTURIER-Galerie-Dina-Vierny-5-1030x660.jpg\" alt=\"\" class=\"wp-image-141403\" width=\"1029\" height=\"659\" srcset=\"https:\/\/www.germanopratines.fr\/wp-content\/uploads\/2026\/03\/ROBERT-COUTURIER-Galerie-Dina-Vierny-5-1030x660.jpg 1030w, https:\/\/www.germanopratines.fr\/wp-content\/uploads\/2026\/03\/ROBERT-COUTURIER-Galerie-Dina-Vierny-5-300x192.jpg 300w, https:\/\/www.germanopratines.fr\/wp-content\/uploads\/2026\/03\/ROBERT-COUTURIER-Galerie-Dina-Vierny-5-768x492.jpg 768w, https:\/\/www.germanopratines.fr\/wp-content\/uploads\/2026\/03\/ROBERT-COUTURIER-Galerie-Dina-Vierny-5-1536x984.jpg 1536w, https:\/\/www.germanopratines.fr\/wp-content\/uploads\/2026\/03\/ROBERT-COUTURIER-Galerie-Dina-Vierny-5-1500x961.jpg 1500w, https:\/\/www.germanopratines.fr\/wp-content\/uploads\/2026\/03\/ROBERT-COUTURIER-Galerie-Dina-Vierny-5-705x452.jpg 705w, https:\/\/www.germanopratines.fr\/wp-content\/uploads\/2026\/03\/ROBERT-COUTURIER-Galerie-Dina-Vierny-5.jpg 2000w\" sizes=\"(max-width: 1029px) 100vw, 1029px\" \/><\/a><\/figure>\n\n\n\n<div style=\"height:51px\" aria-hidden=\"true\" class=\"wp-block-spacer\"><\/div>\n\n\n\n<p>\u201cThe unusual and the playful only work through his always unexpected artistic discoveries. Couturier awakens our gaze, rekindles what is most alive in each medium, drawing, sculpture. What magic in his linear asceticism! Poetry is the great victor.\u201d<br>Lydia Harambourg<\/p>\n\n\n\n<div style=\"height:100px\" aria-hidden=\"true\" class=\"wp-block-spacer\"><\/div>\n\n\n\n<h3 class=\"has-text-align-center\">March 19 &#8211; May 30, 2026<\/h3>\n\n\n\n<div style=\"height:28px\" aria-hidden=\"true\" class=\"wp-block-spacer\"><\/div>\n\n\n\n<h1 class=\"has-text-align-center\">GALERIE DINA VIERNY<\/h1>\n\n\n\n<h3 class=\"has-text-align-center\"><strong>36 Rue Jacob 75006 Paris<\/strong><\/h3>\n","protected":false},"excerpt":{"rendered":"<p>Free drawing &nbsp; The first exhibition devoted to the graphic work of Robert Couturier since 1959. Bringing together nearly twenty works created between the 1930s and 1990s and accompanied by a catalogue, it highlights the vitality, inventiveness, and exacting standards of a medium to which the artist dedicated his entire life with tireless fervor. Considered [&hellip;]<\/p>\n","protected":false},"author":2,"featured_media":141396,"comment_status":"closed","ping_status":"open","sticky":false,"template":"","format":"standard","meta":[],"categories":[389,381,302],"tags":[],"yoast_head":"<!-- This site is optimized with the Yoast SEO plugin v20.1 - https:\/\/yoast.com\/wordpress\/plugins\/seo\/ -->\n<title>Robert Couturier | City Guide Paris - De Saint-Germain des pr\u00e9s au Palais Royal | les Germanopratines<\/title>\n<meta name=\"description\" content=\"Free drawing &nbsp; The first exhibition devoted to the graphic work of Robert Couturier since 1959. Bringing together nearly twenty works created between\" \/>\n<meta name=\"robots\" content=\"index, follow, max-snippet:-1, max-image-preview:large, max-video-preview:-1\" \/>\n<link rel=\"canonical\" href=\"https:\/\/www.germanopratines.fr\/en\/news\/robert-couturier-2\/\" \/>\n<meta property=\"og:locale\" content=\"en_US\" \/>\n<meta property=\"og:type\" content=\"article\" \/>\n<meta property=\"og:title\" content=\"Robert Couturier | City Guide Paris - De Saint-Germain des pr\u00e9s au Palais Royal | les Germanopratines\" \/>\n<meta property=\"og:description\" content=\"Free drawing &nbsp; The first exhibition devoted to the graphic work of Robert Couturier since 1959. Bringing together nearly twenty works created between\" \/>\n<meta property=\"og:url\" content=\"https:\/\/www.germanopratines.fr\/en\/news\/robert-couturier-2\/\" \/>\n<meta property=\"og:site_name\" content=\"les Germanopratines\" \/>\n<meta property=\"article:publisher\" content=\"https:\/\/www.facebook.com\/lesGermanopratines\/\" \/>\n<meta property=\"article:published_time\" content=\"2026-03-30T19:11:10+00:00\" \/>\n<meta property=\"article:modified_time\" content=\"2026-04-26T10:24:22+00:00\" \/>\n<meta property=\"og:image\" content=\"https:\/\/www.germanopratines.fr\/wp-content\/uploads\/2026\/03\/ROBERT-COUTURIER-Galerie-Dina-Vierny-1.jpg\" \/>\n\t<meta property=\"og:image:width\" content=\"1800\" \/>\n\t<meta property=\"og:image:height\" content=\"2347\" \/>\n\t<meta property=\"og:image:type\" content=\"image\/jpeg\" \/>\n<meta name=\"author\" content=\"H\u00e9l\u00e8ne\" \/>\n<meta name=\"twitter:card\" content=\"summary_large_image\" \/>\n<meta name=\"twitter:label1\" content=\"Written by\" \/>\n\t<meta name=\"twitter:data1\" content=\"H\u00e9l\u00e8ne\" \/>\n\t<meta name=\"twitter:label2\" content=\"Est. reading time\" \/>\n\t<meta name=\"twitter:data2\" content=\"3 minutes\" \/>\n<script type=\"application\/ld+json\" class=\"yoast-schema-graph\">{\"@context\":\"https:\/\/schema.org\",\"@graph\":[{\"@type\":\"WebPage\",\"@id\":\"https:\/\/www.germanopratines.fr\/en\/news\/robert-couturier-2\/\",\"url\":\"https:\/\/www.germanopratines.fr\/en\/news\/robert-couturier-2\/\",\"name\":\"Robert Couturier | City Guide Paris - De Saint-Germain des pr\u00e9s au Palais Royal | les Germanopratines\",\"isPartOf\":{\"@id\":\"https:\/\/www.germanopratines.fr\/#website\"},\"datePublished\":\"2026-03-30T19:11:10+00:00\",\"dateModified\":\"2026-04-26T10:24:22+00:00\",\"author\":{\"@id\":\"https:\/\/www.germanopratines.fr\/#\/schema\/person\/43c18b9b6ab0cb9aeb48d095821db016\"},\"description\":\"Free drawing &nbsp; The first exhibition devoted to the graphic work of Robert Couturier since 1959. Bringing together nearly twenty works created between\",\"breadcrumb\":{\"@id\":\"https:\/\/www.germanopratines.fr\/en\/news\/robert-couturier-2\/#breadcrumb\"},\"inLanguage\":\"en-US\",\"potentialAction\":[{\"@type\":\"ReadAction\",\"target\":[\"https:\/\/www.germanopratines.fr\/en\/news\/robert-couturier-2\/\"]}]},{\"@type\":\"BreadcrumbList\",\"@id\":\"https:\/\/www.germanopratines.fr\/en\/news\/robert-couturier-2\/#breadcrumb\",\"itemListElement\":[{\"@type\":\"ListItem\",\"position\":1,\"name\":\"Accueil\",\"item\":\"https:\/\/www.germanopratines.fr\/en\/home-2\/\"},{\"@type\":\"ListItem\",\"position\":2,\"name\":\"Robert Couturier\"}]},{\"@type\":\"WebSite\",\"@id\":\"https:\/\/www.germanopratines.fr\/#website\",\"url\":\"https:\/\/www.germanopratines.fr\/\",\"name\":\"les Germanopratines\",\"description\":\"City Guide Paris - De Saint-Germain des pr\u00e9s au Palais Royal\",\"potentialAction\":[{\"@type\":\"SearchAction\",\"target\":{\"@type\":\"EntryPoint\",\"urlTemplate\":\"https:\/\/www.germanopratines.fr\/?s={search_term_string}\"},\"query-input\":\"required name=search_term_string\"}],\"inLanguage\":\"en-US\"},{\"@type\":\"Person\",\"@id\":\"https:\/\/www.germanopratines.fr\/#\/schema\/person\/43c18b9b6ab0cb9aeb48d095821db016\",\"name\":\"H\u00e9l\u00e8ne\",\"sameAs\":[\"https:\/\/www.germanopratines.fr\"]}]}<\/script>\n<!-- \/ Yoast SEO plugin. -->","yoast_head_json":{"title":"Robert Couturier | City Guide Paris - De Saint-Germain des pr\u00e9s au Palais Royal | les Germanopratines","description":"Free drawing &nbsp; The first exhibition devoted to the graphic work of Robert Couturier since 1959. Bringing together nearly twenty works created between","robots":{"index":"index","follow":"follow","max-snippet":"max-snippet:-1","max-image-preview":"max-image-preview:large","max-video-preview":"max-video-preview:-1"},"canonical":"https:\/\/www.germanopratines.fr\/en\/news\/robert-couturier-2\/","og_locale":"en_US","og_type":"article","og_title":"Robert Couturier | City Guide Paris - De Saint-Germain des pr\u00e9s au Palais Royal | les Germanopratines","og_description":"Free drawing &nbsp; The first exhibition devoted to the graphic work of Robert Couturier since 1959. Bringing together nearly twenty works created between","og_url":"https:\/\/www.germanopratines.fr\/en\/news\/robert-couturier-2\/","og_site_name":"les Germanopratines","article_publisher":"https:\/\/www.facebook.com\/lesGermanopratines\/","article_published_time":"2026-03-30T19:11:10+00:00","article_modified_time":"2026-04-26T10:24:22+00:00","og_image":[{"width":1800,"height":2347,"url":"https:\/\/www.germanopratines.fr\/wp-content\/uploads\/2026\/03\/ROBERT-COUTURIER-Galerie-Dina-Vierny-1.jpg","type":"image\/jpeg"}],"author":"H\u00e9l\u00e8ne","twitter_card":"summary_large_image","twitter_misc":{"Written by":"H\u00e9l\u00e8ne","Est. reading time":"3 minutes"},"schema":{"@context":"https:\/\/schema.org","@graph":[{"@type":"WebPage","@id":"https:\/\/www.germanopratines.fr\/en\/news\/robert-couturier-2\/","url":"https:\/\/www.germanopratines.fr\/en\/news\/robert-couturier-2\/","name":"Robert Couturier | City Guide Paris - De Saint-Germain des pr\u00e9s au Palais Royal | les Germanopratines","isPartOf":{"@id":"https:\/\/www.germanopratines.fr\/#website"},"datePublished":"2026-03-30T19:11:10+00:00","dateModified":"2026-04-26T10:24:22+00:00","author":{"@id":"https:\/\/www.germanopratines.fr\/#\/schema\/person\/43c18b9b6ab0cb9aeb48d095821db016"},"description":"Free drawing &nbsp; The first exhibition devoted to the graphic work of Robert Couturier since 1959. Bringing together nearly twenty works created between","breadcrumb":{"@id":"https:\/\/www.germanopratines.fr\/en\/news\/robert-couturier-2\/#breadcrumb"},"inLanguage":"en-US","potentialAction":[{"@type":"ReadAction","target":["https:\/\/www.germanopratines.fr\/en\/news\/robert-couturier-2\/"]}]},{"@type":"BreadcrumbList","@id":"https:\/\/www.germanopratines.fr\/en\/news\/robert-couturier-2\/#breadcrumb","itemListElement":[{"@type":"ListItem","position":1,"name":"Accueil","item":"https:\/\/www.germanopratines.fr\/en\/home-2\/"},{"@type":"ListItem","position":2,"name":"Robert Couturier"}]},{"@type":"WebSite","@id":"https:\/\/www.germanopratines.fr\/#website","url":"https:\/\/www.germanopratines.fr\/","name":"les Germanopratines","description":"City Guide Paris - De Saint-Germain des pr\u00e9s au Palais Royal","potentialAction":[{"@type":"SearchAction","target":{"@type":"EntryPoint","urlTemplate":"https:\/\/www.germanopratines.fr\/?s={search_term_string}"},"query-input":"required name=search_term_string"}],"inLanguage":"en-US"},{"@type":"Person","@id":"https:\/\/www.germanopratines.fr\/#\/schema\/person\/43c18b9b6ab0cb9aeb48d095821db016","name":"H\u00e9l\u00e8ne","sameAs":["https:\/\/www.germanopratines.fr"]}]}},"_links":{"self":[{"href":"https:\/\/www.germanopratines.fr\/en\/wp-json\/wp\/v2\/posts\/141552"}],"collection":[{"href":"https:\/\/www.germanopratines.fr\/en\/wp-json\/wp\/v2\/posts"}],"about":[{"href":"https:\/\/www.germanopratines.fr\/en\/wp-json\/wp\/v2\/types\/post"}],"author":[{"embeddable":true,"href":"https:\/\/www.germanopratines.fr\/en\/wp-json\/wp\/v2\/users\/2"}],"replies":[{"embeddable":true,"href":"https:\/\/www.germanopratines.fr\/en\/wp-json\/wp\/v2\/comments?post=141552"}],"version-history":[{"count":1,"href":"https:\/\/www.germanopratines.fr\/en\/wp-json\/wp\/v2\/posts\/141552\/revisions"}],"predecessor-version":[{"id":141554,"href":"https:\/\/www.germanopratines.fr\/en\/wp-json\/wp\/v2\/posts\/141552\/revisions\/141554"}],"wp:featuredmedia":[{"embeddable":true,"href":"https:\/\/www.germanopratines.fr\/en\/wp-json\/wp\/v2\/media\/141396"}],"wp:attachment":[{"href":"https:\/\/www.germanopratines.fr\/en\/wp-json\/wp\/v2\/media?parent=141552"}],"wp:term":[{"taxonomy":"category","embeddable":true,"href":"https:\/\/www.germanopratines.fr\/en\/wp-json\/wp\/v2\/categories?post=141552"},{"taxonomy":"post_tag","embeddable":true,"href":"https:\/\/www.germanopratines.fr\/en\/wp-json\/wp\/v2\/tags?post=141552"}],"curies":[{"name":"wp","href":"https:\/\/api.w.org\/{rel}","templated":true}]}}