{"id":141546,"date":"2026-04-08T13:15:05","date_gmt":"2026-04-08T11:15:05","guid":{"rendered":"https:\/\/www.germanopratines.fr\/gaetano-pesce\/"},"modified":"2026-04-26T12:18:55","modified_gmt":"2026-04-26T10:18:55","slug":"gaetano-pesce","status":"publish","type":"post","link":"https:\/\/www.germanopratines.fr\/en\/exhibitions\/gaetano-pesce\/","title":{"rendered":"Gaetano Pesce"},"content":{"rendered":"\n<h1 class=\"has-text-align-center\">The Chiat\/Day New York project<\/h1>\n\n\n\n<div style=\"height:57px\" aria-hidden=\"true\" class=\"wp-block-spacer\"><\/div>\n\n\n\n<figure class=\"wp-block-image size-large is-resized\"><a href=\"https:\/\/www.germanopratines.fr\/wp-content\/uploads\/2026\/04\/PULP-GALERIE-2026-2.jpg\"><img decoding=\"async\" loading=\"lazy\" src=\"https:\/\/www.germanopratines.fr\/wp-content\/uploads\/2026\/04\/PULP-GALERIE-2026-2-789x1030.jpg\" alt=\"\" class=\"wp-image-141496\" width=\"1026\" height=\"1339\" srcset=\"https:\/\/www.germanopratines.fr\/wp-content\/uploads\/2026\/04\/PULP-GALERIE-2026-2-789x1030.jpg 789w, https:\/\/www.germanopratines.fr\/wp-content\/uploads\/2026\/04\/PULP-GALERIE-2026-2-230x300.jpg 230w, https:\/\/www.germanopratines.fr\/wp-content\/uploads\/2026\/04\/PULP-GALERIE-2026-2-768x1003.jpg 768w, https:\/\/www.germanopratines.fr\/wp-content\/uploads\/2026\/04\/PULP-GALERIE-2026-2-540x705.jpg 540w, https:\/\/www.germanopratines.fr\/wp-content\/uploads\/2026\/04\/PULP-GALERIE-2026-2.jpg 1125w\" sizes=\"(max-width: 1026px) 100vw, 1026px\" \/><\/a><\/figure>\n\n\n\n<div style=\"height:49px\" aria-hidden=\"true\" class=\"wp-block-spacer\"><\/div>\n\n\n\n<p>Con\u00e7u pour les bureaux de l\u2019agence de publicit\u00e9 Chiat\\Day \u00e0 New York, ce projet compte parmi les r\u00e9alisations les plus radicales de Gaetano Pesce. Longtemps cantonn\u00e9 au statut de designer, Pesce y affirme pleinement une posture d\u2019architecte, h\u00e9rit\u00e9e de sa formation \u00e0 l\u2019Universit\u00e9 de Venise et nourrie par une remise en question profonde des principes du modernisme. Le projet Chiat\\Day esquisse une transformation majeure du monde du travail. Pens\u00e9s par Gaetano Pesce et Jay Chiat comme des espaces ouverts, fluides et sans hi\u00e9rarchie apparente, les bureaux rompent avec la logique du poste fixe et de la standardisation. Ici, le lieu de travail se rapproche de l\u2019espace domestique : on y circule librement, on s\u2019y installe, on s\u2019y d\u00e9place selon ses besoins et ses envies.<\/p>\n\n\n\n<div style=\"height:50px\" aria-hidden=\"true\" class=\"wp-block-spacer\"><\/div>\n\n\n\n<figure class=\"wp-block-image size-full is-resized\"><a href=\"https:\/\/www.germanopratines.fr\/wp-content\/uploads\/2026\/04\/PULP-GALERIE-2026-3.jpg\"><img decoding=\"async\" loading=\"lazy\" src=\"https:\/\/www.germanopratines.fr\/wp-content\/uploads\/2026\/04\/PULP-GALERIE-2026-3.jpg\" alt=\"\" class=\"wp-image-141498\" width=\"1052\" height=\"1032\" srcset=\"https:\/\/www.germanopratines.fr\/wp-content\/uploads\/2026\/04\/PULP-GALERIE-2026-3.jpg 731w, https:\/\/www.germanopratines.fr\/wp-content\/uploads\/2026\/04\/PULP-GALERIE-2026-3-300x294.jpg 300w, https:\/\/www.germanopratines.fr\/wp-content\/uploads\/2026\/04\/PULP-GALERIE-2026-3-36x36.jpg 36w, https:\/\/www.germanopratines.fr\/wp-content\/uploads\/2026\/04\/PULP-GALERIE-2026-3-705x691.jpg 705w\" sizes=\"(max-width: 1052px) 100vw, 1052px\" \/><\/a><\/figure>\n\n\n\n<div style=\"height:51px\" aria-hidden=\"true\" class=\"wp-block-spacer\"><\/div>\n\n\n\n<p>Destroyed in 1998, the Chiat\\Day offices represent a major loss to architectural heritage. Through this exhibition, collectors and visitors will be transported to the thirty-eighth floor of an Upper East Side skyscraper, into the heart of Gaetano Pesce&#8217;s playful and innovative world. Each of the exhibited works retains traces of its past use, shaped by the daily lives of the creatives and teams of the most iconic advertising agency in 1990s New York.<\/p>\n\n\n\n<div style=\"height:50px\" aria-hidden=\"true\" class=\"wp-block-spacer\"><\/div>\n\n\n\n<figure class=\"wp-block-image size-large is-resized\"><a href=\"https:\/\/www.germanopratines.fr\/wp-content\/uploads\/2026\/04\/PULP-GALERIE-2026-4.jpg\"><img decoding=\"async\" loading=\"lazy\" src=\"https:\/\/www.germanopratines.fr\/wp-content\/uploads\/2026\/04\/PULP-GALERIE-2026-4-883x1030.jpg\" alt=\"\" class=\"wp-image-141500\" width=\"1036\" height=\"1208\" srcset=\"https:\/\/www.germanopratines.fr\/wp-content\/uploads\/2026\/04\/PULP-GALERIE-2026-4-883x1030.jpg 883w, https:\/\/www.germanopratines.fr\/wp-content\/uploads\/2026\/04\/PULP-GALERIE-2026-4-257x300.jpg 257w, https:\/\/www.germanopratines.fr\/wp-content\/uploads\/2026\/04\/PULP-GALERIE-2026-4-768x896.jpg 768w, https:\/\/www.germanopratines.fr\/wp-content\/uploads\/2026\/04\/PULP-GALERIE-2026-4-604x705.jpg 604w, https:\/\/www.germanopratines.fr\/wp-content\/uploads\/2026\/04\/PULP-GALERIE-2026-4.jpg 934w\" sizes=\"(max-width: 1036px) 100vw, 1036px\" \/><\/a><\/figure>\n\n\n\n<div style=\"height:49px\" aria-hidden=\"true\" class=\"wp-block-spacer\"><\/div>\n\n\n\n<figure class=\"wp-block-image size-large is-resized\"><a href=\"https:\/\/www.germanopratines.fr\/wp-content\/uploads\/2026\/04\/PULP-GALERIE-2026-5.jpg\"><img decoding=\"async\" loading=\"lazy\" src=\"https:\/\/www.germanopratines.fr\/wp-content\/uploads\/2026\/04\/PULP-GALERIE-2026-5-1030x1002.jpg\" alt=\"\" class=\"wp-image-141502\" width=\"1012\" height=\"984\" srcset=\"https:\/\/www.germanopratines.fr\/wp-content\/uploads\/2026\/04\/PULP-GALERIE-2026-5-1030x1002.jpg 1030w, https:\/\/www.germanopratines.fr\/wp-content\/uploads\/2026\/04\/PULP-GALERIE-2026-5-300x292.jpg 300w, https:\/\/www.germanopratines.fr\/wp-content\/uploads\/2026\/04\/PULP-GALERIE-2026-5-768x747.jpg 768w, https:\/\/www.germanopratines.fr\/wp-content\/uploads\/2026\/04\/PULP-GALERIE-2026-5-36x36.jpg 36w, https:\/\/www.germanopratines.fr\/wp-content\/uploads\/2026\/04\/PULP-GALERIE-2026-5-705x686.jpg 705w, https:\/\/www.germanopratines.fr\/wp-content\/uploads\/2026\/04\/PULP-GALERIE-2026-5.jpg 1125w\" sizes=\"(max-width: 1012px) 100vw, 1012px\" \/><\/a><\/figure>\n\n\n\n<div style=\"height:51px\" aria-hidden=\"true\" class=\"wp-block-spacer\"><\/div>\n\n\n\n<p>The exhibition offers a fresh perspective on the work of Gaetano Pesce. Far from limiting the artist to design, it invites us to consider his work as that of a complete artist, whose architecture, furniture, and objects are all products of a single, comprehensive vision. The works presented appear as fragments of a radical and profoundly humanist thought, asserting a formal freedom that continues to resonate today.<\/p>\n\n\n\n<div style=\"height:50px\" aria-hidden=\"true\" class=\"wp-block-spacer\"><\/div>\n\n\n\n<figure class=\"wp-block-image size-large is-resized\"><a href=\"https:\/\/www.germanopratines.fr\/wp-content\/uploads\/2026\/04\/PULP-GALERIE-2026-1.jpg\"><img decoding=\"async\" loading=\"lazy\" src=\"https:\/\/www.germanopratines.fr\/wp-content\/uploads\/2026\/04\/PULP-GALERIE-2026-1-842x1030.jpg\" alt=\"\" class=\"wp-image-141494\" width=\"1036\" height=\"1267\" srcset=\"https:\/\/www.germanopratines.fr\/wp-content\/uploads\/2026\/04\/PULP-GALERIE-2026-1-842x1030.jpg 842w, https:\/\/www.germanopratines.fr\/wp-content\/uploads\/2026\/04\/PULP-GALERIE-2026-1-245x300.jpg 245w, https:\/\/www.germanopratines.fr\/wp-content\/uploads\/2026\/04\/PULP-GALERIE-2026-1-768x940.jpg 768w, https:\/\/www.germanopratines.fr\/wp-content\/uploads\/2026\/04\/PULP-GALERIE-2026-1-576x705.jpg 576w, https:\/\/www.germanopratines.fr\/wp-content\/uploads\/2026\/04\/PULP-GALERIE-2026-1.jpg 1125w\" sizes=\"(max-width: 1036px) 100vw, 1036px\" \/><\/a><\/figure>\n\n\n\n<div style=\"height:100px\" aria-hidden=\"true\" class=\"wp-block-spacer\"><\/div>\n\n\n\n<h3 class=\"has-text-align-center\">March 26 &#8211; May 30, 2026<\/h3>\n\n\n\n<div style=\"height:28px\" aria-hidden=\"true\" class=\"wp-block-spacer\"><\/div>\n\n\n\n<h1 class=\"has-text-align-center\">PULP GALERIE<\/h1>\n\n\n\n<h3 class=\"has-text-align-center\">30 rue de Seine 75006 Paris<\/h3>\n","protected":false},"excerpt":{"rendered":"<p>The Chiat\/Day New York project Con\u00e7u pour les bureaux de l\u2019agence de publicit\u00e9 Chiat\\Day \u00e0 New York, ce projet compte parmi les r\u00e9alisations les plus radicales de Gaetano Pesce. Longtemps cantonn\u00e9 au statut de designer, Pesce y affirme pleinement une posture d\u2019architecte, h\u00e9rit\u00e9e de sa formation \u00e0 l\u2019Universit\u00e9 de Venise et nourrie par une remise [&hellip;]<\/p>\n","protected":false},"author":2,"featured_media":141497,"comment_status":"closed","ping_status":"open","sticky":false,"template":"","format":"standard","meta":[],"categories":[389,381,302],"tags":[],"yoast_head":"<!-- This site is optimized with the Yoast SEO plugin v20.1 - https:\/\/yoast.com\/wordpress\/plugins\/seo\/ -->\n<title>Gaetano Pesce | Exhibitions | City Guide Paris - De Saint-Germain des pr\u00e9s au Palais Royal | les Germanopratines<\/title>\n<meta name=\"description\" content=\"The Chiat\/Day New York project Con\u00e7u pour les bureaux de l\u2019agence de publicit\u00e9 ChiatDay \u00e0 New York, ce projet compte parmi les r\u00e9alisations les plus\" \/>\n<meta name=\"robots\" content=\"index, follow, max-snippet:-1, max-image-preview:large, max-video-preview:-1\" \/>\n<link rel=\"canonical\" href=\"https:\/\/www.germanopratines.fr\/en\/exhibitions\/gaetano-pesce\/\" \/>\n<meta property=\"og:locale\" content=\"en_US\" \/>\n<meta property=\"og:type\" content=\"article\" \/>\n<meta property=\"og:title\" content=\"Gaetano Pesce | Exhibitions | City Guide Paris - De Saint-Germain des pr\u00e9s au Palais Royal | les Germanopratines\" \/>\n<meta property=\"og:description\" content=\"The Chiat\/Day New York project Con\u00e7u pour les bureaux de l\u2019agence de publicit\u00e9 ChiatDay \u00e0 New York, ce projet compte parmi les r\u00e9alisations les plus\" \/>\n<meta property=\"og:url\" content=\"https:\/\/www.germanopratines.fr\/en\/exhibitions\/gaetano-pesce\/\" \/>\n<meta property=\"og:site_name\" content=\"les Germanopratines\" \/>\n<meta property=\"article:publisher\" content=\"https:\/\/www.facebook.com\/lesGermanopratines\/\" \/>\n<meta property=\"article:published_time\" content=\"2026-04-08T11:15:05+00:00\" \/>\n<meta property=\"article:modified_time\" content=\"2026-04-26T10:18:55+00:00\" \/>\n<meta property=\"og:image\" content=\"https:\/\/www.germanopratines.fr\/wp-content\/uploads\/2026\/04\/PULP-GALERIE-2026-2.jpg\" \/>\n\t<meta property=\"og:image:width\" content=\"1125\" \/>\n\t<meta property=\"og:image:height\" content=\"1469\" \/>\n\t<meta property=\"og:image:type\" content=\"image\/jpeg\" \/>\n<meta name=\"author\" content=\"H\u00e9l\u00e8ne\" \/>\n<meta name=\"twitter:card\" content=\"summary_large_image\" \/>\n<meta name=\"twitter:label1\" content=\"Written by\" \/>\n\t<meta name=\"twitter:data1\" content=\"H\u00e9l\u00e8ne\" \/>\n\t<meta name=\"twitter:label2\" content=\"Est. reading time\" \/>\n\t<meta name=\"twitter:data2\" content=\"3 minutes\" \/>\n<script type=\"application\/ld+json\" class=\"yoast-schema-graph\">{\"@context\":\"https:\/\/schema.org\",\"@graph\":[{\"@type\":\"WebPage\",\"@id\":\"https:\/\/www.germanopratines.fr\/en\/exhibitions\/gaetano-pesce\/\",\"url\":\"https:\/\/www.germanopratines.fr\/en\/exhibitions\/gaetano-pesce\/\",\"name\":\"Gaetano Pesce | Exhibitions | City Guide Paris - De Saint-Germain des pr\u00e9s au Palais Royal | les Germanopratines\",\"isPartOf\":{\"@id\":\"https:\/\/www.germanopratines.fr\/#website\"},\"datePublished\":\"2026-04-08T11:15:05+00:00\",\"dateModified\":\"2026-04-26T10:18:55+00:00\",\"author\":{\"@id\":\"https:\/\/www.germanopratines.fr\/#\/schema\/person\/43c18b9b6ab0cb9aeb48d095821db016\"},\"description\":\"The Chiat\/Day New York project Con\u00e7u pour les bureaux de l\u2019agence de publicit\u00e9 Chiat\\\\Day \u00e0 New York, ce projet compte parmi les r\u00e9alisations les plus\",\"breadcrumb\":{\"@id\":\"https:\/\/www.germanopratines.fr\/en\/exhibitions\/gaetano-pesce\/#breadcrumb\"},\"inLanguage\":\"en-US\",\"potentialAction\":[{\"@type\":\"ReadAction\",\"target\":[\"https:\/\/www.germanopratines.fr\/en\/exhibitions\/gaetano-pesce\/\"]}]},{\"@type\":\"BreadcrumbList\",\"@id\":\"https:\/\/www.germanopratines.fr\/en\/exhibitions\/gaetano-pesce\/#breadcrumb\",\"itemListElement\":[{\"@type\":\"ListItem\",\"position\":1,\"name\":\"Accueil\",\"item\":\"https:\/\/www.germanopratines.fr\/en\/home-2\/\"},{\"@type\":\"ListItem\",\"position\":2,\"name\":\"Gaetano Pesce\"}]},{\"@type\":\"WebSite\",\"@id\":\"https:\/\/www.germanopratines.fr\/#website\",\"url\":\"https:\/\/www.germanopratines.fr\/\",\"name\":\"les Germanopratines\",\"description\":\"City Guide Paris - De Saint-Germain des pr\u00e9s au Palais Royal\",\"potentialAction\":[{\"@type\":\"SearchAction\",\"target\":{\"@type\":\"EntryPoint\",\"urlTemplate\":\"https:\/\/www.germanopratines.fr\/?s={search_term_string}\"},\"query-input\":\"required name=search_term_string\"}],\"inLanguage\":\"en-US\"},{\"@type\":\"Person\",\"@id\":\"https:\/\/www.germanopratines.fr\/#\/schema\/person\/43c18b9b6ab0cb9aeb48d095821db016\",\"name\":\"H\u00e9l\u00e8ne\",\"sameAs\":[\"https:\/\/www.germanopratines.fr\"]}]}<\/script>\n<!-- \/ Yoast SEO plugin. -->","yoast_head_json":{"title":"Gaetano Pesce | Exhibitions | City Guide Paris - De Saint-Germain des pr\u00e9s au Palais Royal | les Germanopratines","description":"The Chiat\/Day New York project Con\u00e7u pour les bureaux de l\u2019agence de publicit\u00e9 ChiatDay \u00e0 New York, ce projet compte parmi les r\u00e9alisations les plus","robots":{"index":"index","follow":"follow","max-snippet":"max-snippet:-1","max-image-preview":"max-image-preview:large","max-video-preview":"max-video-preview:-1"},"canonical":"https:\/\/www.germanopratines.fr\/en\/exhibitions\/gaetano-pesce\/","og_locale":"en_US","og_type":"article","og_title":"Gaetano Pesce | Exhibitions | City Guide Paris - De Saint-Germain des pr\u00e9s au Palais Royal | les Germanopratines","og_description":"The Chiat\/Day New York project Con\u00e7u pour les bureaux de l\u2019agence de publicit\u00e9 ChiatDay \u00e0 New York, ce projet compte parmi les r\u00e9alisations les plus","og_url":"https:\/\/www.germanopratines.fr\/en\/exhibitions\/gaetano-pesce\/","og_site_name":"les Germanopratines","article_publisher":"https:\/\/www.facebook.com\/lesGermanopratines\/","article_published_time":"2026-04-08T11:15:05+00:00","article_modified_time":"2026-04-26T10:18:55+00:00","og_image":[{"width":1125,"height":1469,"url":"https:\/\/www.germanopratines.fr\/wp-content\/uploads\/2026\/04\/PULP-GALERIE-2026-2.jpg","type":"image\/jpeg"}],"author":"H\u00e9l\u00e8ne","twitter_card":"summary_large_image","twitter_misc":{"Written by":"H\u00e9l\u00e8ne","Est. reading time":"3 minutes"},"schema":{"@context":"https:\/\/schema.org","@graph":[{"@type":"WebPage","@id":"https:\/\/www.germanopratines.fr\/en\/exhibitions\/gaetano-pesce\/","url":"https:\/\/www.germanopratines.fr\/en\/exhibitions\/gaetano-pesce\/","name":"Gaetano Pesce | Exhibitions | City Guide Paris - De Saint-Germain des pr\u00e9s au Palais Royal | les Germanopratines","isPartOf":{"@id":"https:\/\/www.germanopratines.fr\/#website"},"datePublished":"2026-04-08T11:15:05+00:00","dateModified":"2026-04-26T10:18:55+00:00","author":{"@id":"https:\/\/www.germanopratines.fr\/#\/schema\/person\/43c18b9b6ab0cb9aeb48d095821db016"},"description":"The Chiat\/Day New York project Con\u00e7u pour les bureaux de l\u2019agence de publicit\u00e9 Chiat\\Day \u00e0 New York, ce projet compte parmi les r\u00e9alisations les plus","breadcrumb":{"@id":"https:\/\/www.germanopratines.fr\/en\/exhibitions\/gaetano-pesce\/#breadcrumb"},"inLanguage":"en-US","potentialAction":[{"@type":"ReadAction","target":["https:\/\/www.germanopratines.fr\/en\/exhibitions\/gaetano-pesce\/"]}]},{"@type":"BreadcrumbList","@id":"https:\/\/www.germanopratines.fr\/en\/exhibitions\/gaetano-pesce\/#breadcrumb","itemListElement":[{"@type":"ListItem","position":1,"name":"Accueil","item":"https:\/\/www.germanopratines.fr\/en\/home-2\/"},{"@type":"ListItem","position":2,"name":"Gaetano Pesce"}]},{"@type":"WebSite","@id":"https:\/\/www.germanopratines.fr\/#website","url":"https:\/\/www.germanopratines.fr\/","name":"les Germanopratines","description":"City Guide Paris - De Saint-Germain des pr\u00e9s au Palais Royal","potentialAction":[{"@type":"SearchAction","target":{"@type":"EntryPoint","urlTemplate":"https:\/\/www.germanopratines.fr\/?s={search_term_string}"},"query-input":"required name=search_term_string"}],"inLanguage":"en-US"},{"@type":"Person","@id":"https:\/\/www.germanopratines.fr\/#\/schema\/person\/43c18b9b6ab0cb9aeb48d095821db016","name":"H\u00e9l\u00e8ne","sameAs":["https:\/\/www.germanopratines.fr"]}]}},"_links":{"self":[{"href":"https:\/\/www.germanopratines.fr\/en\/wp-json\/wp\/v2\/posts\/141546"}],"collection":[{"href":"https:\/\/www.germanopratines.fr\/en\/wp-json\/wp\/v2\/posts"}],"about":[{"href":"https:\/\/www.germanopratines.fr\/en\/wp-json\/wp\/v2\/types\/post"}],"author":[{"embeddable":true,"href":"https:\/\/www.germanopratines.fr\/en\/wp-json\/wp\/v2\/users\/2"}],"replies":[{"embeddable":true,"href":"https:\/\/www.germanopratines.fr\/en\/wp-json\/wp\/v2\/comments?post=141546"}],"version-history":[{"count":1,"href":"https:\/\/www.germanopratines.fr\/en\/wp-json\/wp\/v2\/posts\/141546\/revisions"}],"predecessor-version":[{"id":141548,"href":"https:\/\/www.germanopratines.fr\/en\/wp-json\/wp\/v2\/posts\/141546\/revisions\/141548"}],"wp:featuredmedia":[{"embeddable":true,"href":"https:\/\/www.germanopratines.fr\/en\/wp-json\/wp\/v2\/media\/141497"}],"wp:attachment":[{"href":"https:\/\/www.germanopratines.fr\/en\/wp-json\/wp\/v2\/media?parent=141546"}],"wp:term":[{"taxonomy":"category","embeddable":true,"href":"https:\/\/www.germanopratines.fr\/en\/wp-json\/wp\/v2\/categories?post=141546"},{"taxonomy":"post_tag","embeddable":true,"href":"https:\/\/www.germanopratines.fr\/en\/wp-json\/wp\/v2\/tags?post=141546"}],"curies":[{"name":"wp","href":"https:\/\/api.w.org\/{rel}","templated":true}]}}