{"id":140328,"date":"2018-01-26T20:05:00","date_gmt":"2018-01-26T18:05:00","guid":{"rendered":"https:\/\/www.germanopratines.fr\/maison-ola\/"},"modified":"2026-01-30T12:57:14","modified_gmt":"2026-01-30T10:57:14","slug":"maison-ola","status":"publish","type":"post","link":"https:\/\/www.germanopratines.fr\/en\/appearance\/fashion\/maison-ola\/","title":{"rendered":"MAISON OLA"},"content":{"rendered":"\n<figure class=\"wp-block-image size-large is-resized\"><a href=\"https:\/\/www.germanopratines.fr\/wp-content\/uploads\/2026\/01\/IMG_4439.jpg\"><img decoding=\"async\" loading=\"lazy\" src=\"https:\/\/www.germanopratines.fr\/wp-content\/uploads\/2026\/01\/IMG_4439-881x1030.jpg\" alt=\"\" class=\"wp-image-140237\" width=\"1032\" height=\"1206\" srcset=\"https:\/\/www.germanopratines.fr\/wp-content\/uploads\/2026\/01\/IMG_4439-881x1030.jpg 881w, https:\/\/www.germanopratines.fr\/wp-content\/uploads\/2026\/01\/IMG_4439-257x300.jpg 257w, https:\/\/www.germanopratines.fr\/wp-content\/uploads\/2026\/01\/IMG_4439-768x898.jpg 768w, https:\/\/www.germanopratines.fr\/wp-content\/uploads\/2026\/01\/IMG_4439-603x705.jpg 603w, https:\/\/www.germanopratines.fr\/wp-content\/uploads\/2026\/01\/IMG_4439.jpg 1125w\" sizes=\"(max-width: 1032px) 100vw, 1032px\" \/><\/a><\/figure>\n\n\n\n<div style=\"height:49px\" aria-hidden=\"true\" class=\"wp-block-spacer\"><\/div>\n\n\n\n<p>A true showcase for the creations of Maria de la Orden and Gregory Mizele, exclusively designed for our lovely faces. Hats, toques, berets, headbands\u2026 felt, velvet, faux fur, straw\u2026 all the headwear of a chic Parisian woman for every moment of the day and year. A nod, perhaps, to the creations of Hubert de Givenchy for Audrey Heypburn!<\/p>\n\n\n\n<div style=\"height:50px\" aria-hidden=\"true\" class=\"wp-block-spacer\"><\/div>\n\n\n\n<figure class=\"wp-block-image size-large is-resized\"><a href=\"https:\/\/www.germanopratines.fr\/wp-content\/uploads\/2026\/01\/IMG_4443.jpg\"><img decoding=\"async\" loading=\"lazy\" src=\"https:\/\/www.germanopratines.fr\/wp-content\/uploads\/2026\/01\/IMG_4443-942x1030.jpg\" alt=\"\" class=\"wp-image-140223\" width=\"1034\" height=\"1130\" srcset=\"https:\/\/www.germanopratines.fr\/wp-content\/uploads\/2026\/01\/IMG_4443-942x1030.jpg 942w, https:\/\/www.germanopratines.fr\/wp-content\/uploads\/2026\/01\/IMG_4443-274x300.jpg 274w, https:\/\/www.germanopratines.fr\/wp-content\/uploads\/2026\/01\/IMG_4443-768x840.jpg 768w, https:\/\/www.germanopratines.fr\/wp-content\/uploads\/2026\/01\/IMG_4443-645x705.jpg 645w, https:\/\/www.germanopratines.fr\/wp-content\/uploads\/2026\/01\/IMG_4443.jpg 1125w\" sizes=\"(max-width: 1034px) 100vw, 1034px\" \/><\/a><\/figure>\n\n\n\n<div style=\"height:46px\" aria-hidden=\"true\" class=\"wp-block-spacer\"><\/div>\n\n\n\n<figure class=\"wp-block-image size-large is-resized\"><a href=\"https:\/\/www.germanopratines.fr\/wp-content\/uploads\/2026\/01\/IMG_4446.jpg\"><img decoding=\"async\" loading=\"lazy\" src=\"https:\/\/www.germanopratines.fr\/wp-content\/uploads\/2026\/01\/IMG_4446-898x1030.jpg\" alt=\"\" class=\"wp-image-140225\" width=\"1026\" height=\"1176\" srcset=\"https:\/\/www.germanopratines.fr\/wp-content\/uploads\/2026\/01\/IMG_4446-898x1030.jpg 898w, https:\/\/www.germanopratines.fr\/wp-content\/uploads\/2026\/01\/IMG_4446-262x300.jpg 262w, https:\/\/www.germanopratines.fr\/wp-content\/uploads\/2026\/01\/IMG_4446-768x881.jpg 768w, https:\/\/www.germanopratines.fr\/wp-content\/uploads\/2026\/01\/IMG_4446-615x705.jpg 615w, https:\/\/www.germanopratines.fr\/wp-content\/uploads\/2026\/01\/IMG_4446.jpg 1092w\" sizes=\"(max-width: 1026px) 100vw, 1026px\" \/><\/a><\/figure>\n\n\n\n<div style=\"height:49px\" aria-hidden=\"true\" class=\"wp-block-spacer\"><\/div>\n\n\n\n<figure class=\"wp-block-image size-large is-resized\"><a href=\"https:\/\/www.germanopratines.fr\/wp-content\/uploads\/2026\/01\/IMG_4449.jpg\"><img decoding=\"async\" loading=\"lazy\" src=\"https:\/\/www.germanopratines.fr\/wp-content\/uploads\/2026\/01\/IMG_4449-883x1030.jpg\" alt=\"\" class=\"wp-image-140229\" width=\"1013\" height=\"1181\" srcset=\"https:\/\/www.germanopratines.fr\/wp-content\/uploads\/2026\/01\/IMG_4449-883x1030.jpg 883w, https:\/\/www.germanopratines.fr\/wp-content\/uploads\/2026\/01\/IMG_4449-257x300.jpg 257w, https:\/\/www.germanopratines.fr\/wp-content\/uploads\/2026\/01\/IMG_4449-768x896.jpg 768w, https:\/\/www.germanopratines.fr\/wp-content\/uploads\/2026\/01\/IMG_4449-604x705.jpg 604w, https:\/\/www.germanopratines.fr\/wp-content\/uploads\/2026\/01\/IMG_4449.jpg 1125w\" sizes=\"(max-width: 1013px) 100vw, 1013px\" \/><\/a><\/figure>\n\n\n\n<div style=\"height:100px\" aria-hidden=\"true\" class=\"wp-block-spacer\"><\/div>\n\n\n\n<h1 class=\"has-text-align-center\">MAISON OLA<\/h1>\n\n\n\n<div style=\"height:29px\" aria-hidden=\"true\" class=\"wp-block-spacer\"><\/div>\n\n\n\n<h3 class=\"has-text-align-center\">33 rue de Grenelle 75007 Paris<\/h3>\n\n\n\n<div style=\"height:29px\" aria-hidden=\"true\" class=\"wp-block-spacer\"><\/div>\n","protected":false},"excerpt":{"rendered":"<p>A true showcase for the creations of Maria de la Orden and Gregory Mizele, exclusively designed for our lovely faces. Hats, toques, berets, headbands\u2026 felt, velvet, faux fur, straw\u2026 all the headwear of a chic Parisian woman for every moment of the day and year. A nod, perhaps, to the creations of Hubert de Givenchy [&hellip;]<\/p>\n","protected":false},"author":2,"featured_media":140236,"comment_status":"closed","ping_status":"open","sticky":false,"template":"","format":"standard","meta":[],"categories":[262,303],"tags":[],"yoast_head":"<!-- This site is optimized with the Yoast SEO plugin v20.1 - https:\/\/yoast.com\/wordpress\/plugins\/seo\/ -->\n<title>MAISON OLA | Fashion | City Guide Paris - De Saint-Germain des pr\u00e9s au Palais Royal | les Germanopratines<\/title>\n<meta name=\"description\" content=\"A true showcase for the creations of Maria de la Orden and Gregory Mizele, exclusively designed for our lovely faces. Hats, toques, berets, headbands\u2026\" \/>\n<meta name=\"robots\" content=\"index, follow, max-snippet:-1, max-image-preview:large, max-video-preview:-1\" \/>\n<link rel=\"canonical\" href=\"https:\/\/www.germanopratines.fr\/en\/appearance\/fashion\/maison-ola\/\" \/>\n<meta property=\"og:locale\" content=\"en_US\" \/>\n<meta property=\"og:type\" content=\"article\" \/>\n<meta property=\"og:title\" content=\"MAISON OLA | Fashion | City Guide Paris - De Saint-Germain des pr\u00e9s au Palais Royal | les Germanopratines\" \/>\n<meta property=\"og:description\" content=\"A true showcase for the creations of Maria de la Orden and Gregory Mizele, exclusively designed for our lovely faces. Hats, toques, berets, headbands\u2026\" \/>\n<meta property=\"og:url\" content=\"https:\/\/www.germanopratines.fr\/en\/appearance\/fashion\/maison-ola\/\" \/>\n<meta property=\"og:site_name\" content=\"les Germanopratines\" \/>\n<meta property=\"article:publisher\" content=\"https:\/\/www.facebook.com\/lesGermanopratines\/\" \/>\n<meta property=\"article:published_time\" content=\"2018-01-26T18:05:00+00:00\" \/>\n<meta property=\"article:modified_time\" content=\"2026-01-30T10:57:14+00:00\" \/>\n<meta property=\"og:image\" content=\"https:\/\/www.germanopratines.fr\/wp-content\/uploads\/2026\/01\/IMG_4441.jpg\" \/>\n\t<meta property=\"og:image:width\" content=\"1125\" \/>\n\t<meta property=\"og:image:height\" content=\"1858\" \/>\n\t<meta property=\"og:image:type\" content=\"image\/jpeg\" \/>\n<meta name=\"author\" content=\"H\u00e9l\u00e8ne\" \/>\n<meta name=\"twitter:card\" content=\"summary_large_image\" \/>\n<meta name=\"twitter:label1\" content=\"Written by\" \/>\n\t<meta name=\"twitter:data1\" content=\"H\u00e9l\u00e8ne\" \/>\n\t<meta name=\"twitter:label2\" content=\"Est. reading time\" \/>\n\t<meta name=\"twitter:data2\" content=\"2 minutes\" \/>\n<script type=\"application\/ld+json\" class=\"yoast-schema-graph\">{\"@context\":\"https:\/\/schema.org\",\"@graph\":[{\"@type\":\"WebPage\",\"@id\":\"https:\/\/www.germanopratines.fr\/en\/appearance\/fashion\/maison-ola\/\",\"url\":\"https:\/\/www.germanopratines.fr\/en\/appearance\/fashion\/maison-ola\/\",\"name\":\"MAISON OLA | Fashion | City Guide Paris - De Saint-Germain des pr\u00e9s au Palais Royal | les Germanopratines\",\"isPartOf\":{\"@id\":\"https:\/\/www.germanopratines.fr\/#website\"},\"datePublished\":\"2018-01-26T18:05:00+00:00\",\"dateModified\":\"2026-01-30T10:57:14+00:00\",\"author\":{\"@id\":\"https:\/\/www.germanopratines.fr\/#\/schema\/person\/43c18b9b6ab0cb9aeb48d095821db016\"},\"description\":\"A true showcase for the creations of Maria de la Orden and Gregory Mizele, exclusively designed for our lovely faces. Hats, toques, berets, headbands\u2026\",\"breadcrumb\":{\"@id\":\"https:\/\/www.germanopratines.fr\/en\/appearance\/fashion\/maison-ola\/#breadcrumb\"},\"inLanguage\":\"en-US\",\"potentialAction\":[{\"@type\":\"ReadAction\",\"target\":[\"https:\/\/www.germanopratines.fr\/en\/appearance\/fashion\/maison-ola\/\"]}]},{\"@type\":\"BreadcrumbList\",\"@id\":\"https:\/\/www.germanopratines.fr\/en\/appearance\/fashion\/maison-ola\/#breadcrumb\",\"itemListElement\":[{\"@type\":\"ListItem\",\"position\":1,\"name\":\"Accueil\",\"item\":\"https:\/\/www.germanopratines.fr\/en\/home-2\/\"},{\"@type\":\"ListItem\",\"position\":2,\"name\":\"MAISON OLA\"}]},{\"@type\":\"WebSite\",\"@id\":\"https:\/\/www.germanopratines.fr\/#website\",\"url\":\"https:\/\/www.germanopratines.fr\/\",\"name\":\"les Germanopratines\",\"description\":\"City Guide Paris - De Saint-Germain des pr\u00e9s au Palais Royal\",\"potentialAction\":[{\"@type\":\"SearchAction\",\"target\":{\"@type\":\"EntryPoint\",\"urlTemplate\":\"https:\/\/www.germanopratines.fr\/?s={search_term_string}\"},\"query-input\":\"required name=search_term_string\"}],\"inLanguage\":\"en-US\"},{\"@type\":\"Person\",\"@id\":\"https:\/\/www.germanopratines.fr\/#\/schema\/person\/43c18b9b6ab0cb9aeb48d095821db016\",\"name\":\"H\u00e9l\u00e8ne\",\"sameAs\":[\"https:\/\/www.germanopratines.fr\"]}]}<\/script>\n<!-- \/ Yoast SEO plugin. -->","yoast_head_json":{"title":"MAISON OLA | Fashion | City Guide Paris - De Saint-Germain des pr\u00e9s au Palais Royal | les Germanopratines","description":"A true showcase for the creations of Maria de la Orden and Gregory Mizele, exclusively designed for our lovely faces. Hats, toques, berets, headbands\u2026","robots":{"index":"index","follow":"follow","max-snippet":"max-snippet:-1","max-image-preview":"max-image-preview:large","max-video-preview":"max-video-preview:-1"},"canonical":"https:\/\/www.germanopratines.fr\/en\/appearance\/fashion\/maison-ola\/","og_locale":"en_US","og_type":"article","og_title":"MAISON OLA | Fashion | City Guide Paris - De Saint-Germain des pr\u00e9s au Palais Royal | les Germanopratines","og_description":"A true showcase for the creations of Maria de la Orden and Gregory Mizele, exclusively designed for our lovely faces. Hats, toques, berets, headbands\u2026","og_url":"https:\/\/www.germanopratines.fr\/en\/appearance\/fashion\/maison-ola\/","og_site_name":"les Germanopratines","article_publisher":"https:\/\/www.facebook.com\/lesGermanopratines\/","article_published_time":"2018-01-26T18:05:00+00:00","article_modified_time":"2026-01-30T10:57:14+00:00","og_image":[{"width":1125,"height":1858,"url":"https:\/\/www.germanopratines.fr\/wp-content\/uploads\/2026\/01\/IMG_4441.jpg","type":"image\/jpeg"}],"author":"H\u00e9l\u00e8ne","twitter_card":"summary_large_image","twitter_misc":{"Written by":"H\u00e9l\u00e8ne","Est. reading time":"2 minutes"},"schema":{"@context":"https:\/\/schema.org","@graph":[{"@type":"WebPage","@id":"https:\/\/www.germanopratines.fr\/en\/appearance\/fashion\/maison-ola\/","url":"https:\/\/www.germanopratines.fr\/en\/appearance\/fashion\/maison-ola\/","name":"MAISON OLA | Fashion | City Guide Paris - De Saint-Germain des pr\u00e9s au Palais Royal | les Germanopratines","isPartOf":{"@id":"https:\/\/www.germanopratines.fr\/#website"},"datePublished":"2018-01-26T18:05:00+00:00","dateModified":"2026-01-30T10:57:14+00:00","author":{"@id":"https:\/\/www.germanopratines.fr\/#\/schema\/person\/43c18b9b6ab0cb9aeb48d095821db016"},"description":"A true showcase for the creations of Maria de la Orden and Gregory Mizele, exclusively designed for our lovely faces. Hats, toques, berets, headbands\u2026","breadcrumb":{"@id":"https:\/\/www.germanopratines.fr\/en\/appearance\/fashion\/maison-ola\/#breadcrumb"},"inLanguage":"en-US","potentialAction":[{"@type":"ReadAction","target":["https:\/\/www.germanopratines.fr\/en\/appearance\/fashion\/maison-ola\/"]}]},{"@type":"BreadcrumbList","@id":"https:\/\/www.germanopratines.fr\/en\/appearance\/fashion\/maison-ola\/#breadcrumb","itemListElement":[{"@type":"ListItem","position":1,"name":"Accueil","item":"https:\/\/www.germanopratines.fr\/en\/home-2\/"},{"@type":"ListItem","position":2,"name":"MAISON OLA"}]},{"@type":"WebSite","@id":"https:\/\/www.germanopratines.fr\/#website","url":"https:\/\/www.germanopratines.fr\/","name":"les Germanopratines","description":"City Guide Paris - De Saint-Germain des pr\u00e9s au Palais Royal","potentialAction":[{"@type":"SearchAction","target":{"@type":"EntryPoint","urlTemplate":"https:\/\/www.germanopratines.fr\/?s={search_term_string}"},"query-input":"required name=search_term_string"}],"inLanguage":"en-US"},{"@type":"Person","@id":"https:\/\/www.germanopratines.fr\/#\/schema\/person\/43c18b9b6ab0cb9aeb48d095821db016","name":"H\u00e9l\u00e8ne","sameAs":["https:\/\/www.germanopratines.fr"]}]}},"_links":{"self":[{"href":"https:\/\/www.germanopratines.fr\/en\/wp-json\/wp\/v2\/posts\/140328"}],"collection":[{"href":"https:\/\/www.germanopratines.fr\/en\/wp-json\/wp\/v2\/posts"}],"about":[{"href":"https:\/\/www.germanopratines.fr\/en\/wp-json\/wp\/v2\/types\/post"}],"author":[{"embeddable":true,"href":"https:\/\/www.germanopratines.fr\/en\/wp-json\/wp\/v2\/users\/2"}],"replies":[{"embeddable":true,"href":"https:\/\/www.germanopratines.fr\/en\/wp-json\/wp\/v2\/comments?post=140328"}],"version-history":[{"count":1,"href":"https:\/\/www.germanopratines.fr\/en\/wp-json\/wp\/v2\/posts\/140328\/revisions"}],"predecessor-version":[{"id":140329,"href":"https:\/\/www.germanopratines.fr\/en\/wp-json\/wp\/v2\/posts\/140328\/revisions\/140329"}],"wp:featuredmedia":[{"embeddable":true,"href":"https:\/\/www.germanopratines.fr\/en\/wp-json\/wp\/v2\/media\/140236"}],"wp:attachment":[{"href":"https:\/\/www.germanopratines.fr\/en\/wp-json\/wp\/v2\/media?parent=140328"}],"wp:term":[{"taxonomy":"category","embeddable":true,"href":"https:\/\/www.germanopratines.fr\/en\/wp-json\/wp\/v2\/categories?post=140328"},{"taxonomy":"post_tag","embeddable":true,"href":"https:\/\/www.germanopratines.fr\/en\/wp-json\/wp\/v2\/tags?post=140328"}],"curies":[{"name":"wp","href":"https:\/\/api.w.org\/{rel}","templated":true}]}}