{"id":140187,"date":"2026-01-25T18:34:15","date_gmt":"2026-01-25T16:34:15","guid":{"rendered":"https:\/\/www.germanopratines.fr\/zadkine-art-deco\/"},"modified":"2026-01-25T18:42:16","modified_gmt":"2026-01-25T16:42:16","slug":"zadkine-art-deco","status":"publish","type":"post","link":"https:\/\/www.germanopratines.fr\/en\/exhibitions\/zadkine-art-deco\/","title":{"rendered":"Zadkine Art D\u00e9co"},"content":{"rendered":"\n<div style=\"height:51px\" aria-hidden=\"true\" class=\"wp-block-spacer\"><\/div>\n\n\n\n<figure class=\"wp-block-image size-large is-resized\"><a href=\"https:\/\/www.germanopratines.fr\/wp-content\/uploads\/2026\/01\/ZADKINE-ART-DECO-7.jpg\"><img decoding=\"async\" loading=\"lazy\" src=\"https:\/\/www.germanopratines.fr\/wp-content\/uploads\/2026\/01\/ZADKINE-ART-DECO-7-865x1030.jpg\" alt=\"\" class=\"wp-image-140180\" width=\"1017\" height=\"1210\" srcset=\"https:\/\/www.germanopratines.fr\/wp-content\/uploads\/2026\/01\/ZADKINE-ART-DECO-7-865x1030.jpg 865w, https:\/\/www.germanopratines.fr\/wp-content\/uploads\/2026\/01\/ZADKINE-ART-DECO-7-252x300.jpg 252w, https:\/\/www.germanopratines.fr\/wp-content\/uploads\/2026\/01\/ZADKINE-ART-DECO-7-768x915.jpg 768w, https:\/\/www.germanopratines.fr\/wp-content\/uploads\/2026\/01\/ZADKINE-ART-DECO-7-592x705.jpg 592w, https:\/\/www.germanopratines.fr\/wp-content\/uploads\/2026\/01\/ZADKINE-ART-DECO-7.jpg 1125w\" sizes=\"(max-width: 1017px) 100vw, 1017px\" \/><\/a><\/figure>\n\n\n\n<div style=\"height:49px\" aria-hidden=\"true\" class=\"wp-block-spacer\"><\/div>\n\n\n\n<p>In 2025, the Zadkine Museum celebrates the centenary of Art Deco by highlighting the connections sculptor Ossip Zadkine forged with the decorative arts in the 1920s and 1930s. Through more than 90 works\u2014sculptures, objects, and furniture\u2014the exhibition explores, for the first time, Zadkine&#8217;s relationships with some of the leading decorators of the Art Deco period, such as Eileen Gray and Marc du Plantier. It also reveals the shared inspiration that unites their creations.<\/p>\n\n\n\n<p>Thanks to numerous loans\u2014from both private collections and prestigious institutions, such as the Royal Museum of Fine Arts Antwerp, the S\u00e8vres porcelain factory, the Mobilier National (National Furniture Collection), and the Mus\u00e9e des Ann\u00e9es 30 (Museum of the 1930s) in Boulogne-Billancourt\u2014the exhibition allows visitors to appreciate the breadth of Zadkine&#8217;s talent as a complete artist, passionate about the beauty and variety of materials.<\/p>\n\n\n\n<div style=\"height:51px\" aria-hidden=\"true\" class=\"wp-block-spacer\"><\/div>\n\n\n\n<figure class=\"wp-block-image size-large is-resized\"><a href=\"https:\/\/www.germanopratines.fr\/wp-content\/uploads\/2026\/01\/ZADKINE-ART-DECO-4.jpg\"><img decoding=\"async\" loading=\"lazy\" src=\"https:\/\/www.germanopratines.fr\/wp-content\/uploads\/2026\/01\/ZADKINE-ART-DECO-4-1030x980.jpg\" alt=\"\" class=\"wp-image-140182\" width=\"1024\" height=\"974\" srcset=\"https:\/\/www.germanopratines.fr\/wp-content\/uploads\/2026\/01\/ZADKINE-ART-DECO-4-1030x980.jpg 1030w, https:\/\/www.germanopratines.fr\/wp-content\/uploads\/2026\/01\/ZADKINE-ART-DECO-4-300x285.jpg 300w, https:\/\/www.germanopratines.fr\/wp-content\/uploads\/2026\/01\/ZADKINE-ART-DECO-4-768x730.jpg 768w, https:\/\/www.germanopratines.fr\/wp-content\/uploads\/2026\/01\/ZADKINE-ART-DECO-4-705x671.jpg 705w, https:\/\/www.germanopratines.fr\/wp-content\/uploads\/2026\/01\/ZADKINE-ART-DECO-4.jpg 1125w\" sizes=\"(max-width: 1024px) 100vw, 1024px\" \/><\/a><\/figure>\n\n\n\n<div style=\"height:51px\" aria-hidden=\"true\" class=\"wp-block-spacer\"><\/div>\n\n\n\n<p>He who intended to behave &#8220;like a 13th and 14th century cabinetmaker who always trusted his instinct,&#8221; as he wrote in his memoirs, maintained a constant interest in the skills borrowed from craftsmanship. In the early 1920s, when Zadkine, having returned from Cubism, sought a new path, he experimented with different techniques: he colored, gilded, and lacquered his sculptures, giving birth to some of his masterpieces such as the Golden Bird, a plaster cast gilded with gold leaf, or the Torso of Hermaphrodite, lacquered with the collaboration of the decorator Andr\u00e9 Groult. However, it was his mastery of direct carving that led to his being invited to participate in the International Exhibition of Decorative Arts in 1925. Alongside sculptors such as Pompon and the Martel brothers, he contributed to the decoration of the Pergola de la Douce France, a monumental structure erected on the Esplanade des Invalides, intended to revive the ancestral technique of direct stone carving, perceived as more authentic than modeling.<\/p>\n\n\n\n<p>The exhibition, conceived in five sections, first explores the &#8220;decorative turn&#8221; that took place in Zadkine&#8217;s work during the 1920s, a period when the sculptor developed a passion for color in sculpture and experimented with techniques such as gilding and lacquering.<\/p>\n\n\n\n<div style=\"height:49px\" aria-hidden=\"true\" class=\"wp-block-spacer\"><\/div>\n\n\n\n<figure class=\"wp-block-image size-large is-resized\"><a href=\"https:\/\/www.germanopratines.fr\/wp-content\/uploads\/2026\/01\/ZADKINE-ART-DECO-5.jpg\"><img decoding=\"async\" loading=\"lazy\" src=\"https:\/\/www.germanopratines.fr\/wp-content\/uploads\/2026\/01\/ZADKINE-ART-DECO-5-858x1030.jpg\" alt=\"\" class=\"wp-image-140172\" width=\"1016\" height=\"1219\" srcset=\"https:\/\/www.germanopratines.fr\/wp-content\/uploads\/2026\/01\/ZADKINE-ART-DECO-5-858x1030.jpg 858w, https:\/\/www.germanopratines.fr\/wp-content\/uploads\/2026\/01\/ZADKINE-ART-DECO-5-250x300.jpg 250w, https:\/\/www.germanopratines.fr\/wp-content\/uploads\/2026\/01\/ZADKINE-ART-DECO-5-768x922.jpg 768w, https:\/\/www.germanopratines.fr\/wp-content\/uploads\/2026\/01\/ZADKINE-ART-DECO-5-588x705.jpg 588w, https:\/\/www.germanopratines.fr\/wp-content\/uploads\/2026\/01\/ZADKINE-ART-DECO-5.jpg 1125w\" sizes=\"(max-width: 1016px) 100vw, 1016px\" \/><\/a><\/figure>\n\n\n\n<div style=\"height:49px\" aria-hidden=\"true\" class=\"wp-block-spacer\"><\/div>\n\n\n\n<p>A second section highlights Zadkine&#8217;s sculptures designed for architecture: Zadkine collaborated on several occasions with architects to decorate monuments, in Paris as well as in Brussels.<\/p>\n\n\n\n<div style=\"height:49px\" aria-hidden=\"true\" class=\"wp-block-spacer\"><\/div>\n\n\n\n<figure class=\"wp-block-image size-large is-resized\"><a href=\"https:\/\/www.germanopratines.fr\/wp-content\/uploads\/2026\/01\/ZADKINE-ART-DECO-10.jpg\"><img decoding=\"async\" loading=\"lazy\" src=\"https:\/\/www.germanopratines.fr\/wp-content\/uploads\/2026\/01\/ZADKINE-ART-DECO-10-826x1030.jpg\" alt=\"\" class=\"wp-image-140176\" width=\"1023\" height=\"1275\" srcset=\"https:\/\/www.germanopratines.fr\/wp-content\/uploads\/2026\/01\/ZADKINE-ART-DECO-10-826x1030.jpg 826w, https:\/\/www.germanopratines.fr\/wp-content\/uploads\/2026\/01\/ZADKINE-ART-DECO-10-241x300.jpg 241w, https:\/\/www.germanopratines.fr\/wp-content\/uploads\/2026\/01\/ZADKINE-ART-DECO-10-768x957.jpg 768w, https:\/\/www.germanopratines.fr\/wp-content\/uploads\/2026\/01\/ZADKINE-ART-DECO-10-566x705.jpg 566w, https:\/\/www.germanopratines.fr\/wp-content\/uploads\/2026\/01\/ZADKINE-ART-DECO-10.jpg 1125w\" sizes=\"(max-width: 1023px) 100vw, 1023px\" \/><\/a><\/figure>\n\n\n\n<div style=\"height:48px\" aria-hidden=\"true\" class=\"wp-block-spacer\"><\/div>\n\n\n\n<p>Sections three and four are devoted to the 1925 and 1937 exhibitions, to which Zadkine contributed. In this centenary year, the focus is on the 1925 Exhibition and the Pergola of Douce France, one of the few remaining monuments from 1925. Presented at the Zadkine Museum through a model, sketches, and documents, the Pergola was reassembled in 1935 in \u00c9tampes, where it can still be admired today.<\/p>\n\n\n\n<div style=\"height:50px\" aria-hidden=\"true\" class=\"wp-block-spacer\"><\/div>\n\n\n\n<figure class=\"wp-block-image size-large is-resized\"><a href=\"https:\/\/www.germanopratines.fr\/wp-content\/uploads\/2026\/01\/ZADKINE-ART-DECO-11.jpg\"><img decoding=\"async\" loading=\"lazy\" src=\"https:\/\/www.germanopratines.fr\/wp-content\/uploads\/2026\/01\/ZADKINE-ART-DECO-11-856x1030.jpg\" alt=\"\" class=\"wp-image-140174\" width=\"1018\" height=\"1225\" srcset=\"https:\/\/www.germanopratines.fr\/wp-content\/uploads\/2026\/01\/ZADKINE-ART-DECO-11-856x1030.jpg 856w, https:\/\/www.germanopratines.fr\/wp-content\/uploads\/2026\/01\/ZADKINE-ART-DECO-11-249x300.jpg 249w, https:\/\/www.germanopratines.fr\/wp-content\/uploads\/2026\/01\/ZADKINE-ART-DECO-11-768x924.jpg 768w, https:\/\/www.germanopratines.fr\/wp-content\/uploads\/2026\/01\/ZADKINE-ART-DECO-11-586x705.jpg 586w, https:\/\/www.germanopratines.fr\/wp-content\/uploads\/2026\/01\/ZADKINE-ART-DECO-11.jpg 1125w\" sizes=\"(max-width: 1018px) 100vw, 1018px\" \/><\/a><\/figure>\n\n\n\n<div style=\"height:50px\" aria-hidden=\"true\" class=\"wp-block-spacer\"><\/div>\n\n\n\n<p>The exhibition concludes with a tribute to three decorators with whom Zadkine was close: Eileen Gray, Marc du Plantier, and Andr\u00e9 Groult. In the sculptor&#8217;s former studio, furniture and objects are displayed alongside Zadkine&#8217;s works, presented in the way they were integrated into the Art Deco interiors designed by the renowned creators who recognized his talent.<\/p>\n\n\n\n<div style=\"height:100px\" aria-hidden=\"true\" class=\"wp-block-spacer\"><\/div>\n\n\n\n<h3 class=\"has-text-align-center\">November 15, 2025 &#8211; April 12, 2026<\/h3>\n\n\n\n<div style=\"height:37px\" aria-hidden=\"true\" class=\"wp-block-spacer\"><\/div>\n\n\n\n<h1 class=\"has-text-align-center\">MUSEE ZADKINE<\/h1>\n\n\n\n<h3 class=\"has-text-align-center\">100 bis rue d\u2019Assas 75006 Paris<\/h3>\n","protected":false},"excerpt":{"rendered":"<p>In 2025, the Zadkine Museum celebrates the centenary of Art Deco by highlighting the connections sculptor Ossip Zadkine forged with the decorative arts in the 1920s and 1930s. Through more than 90 works\u2014sculptures, objects, and furniture\u2014the exhibition explores, for the first time, Zadkine&#8217;s relationships with some of the leading decorators of the Art Deco period, [&hellip;]<\/p>\n","protected":false},"author":2,"featured_media":140181,"comment_status":"closed","ping_status":"open","sticky":false,"template":"","format":"standard","meta":[],"categories":[381],"tags":[],"yoast_head":"<!-- This site is optimized with the Yoast SEO plugin v20.1 - https:\/\/yoast.com\/wordpress\/plugins\/seo\/ -->\n<title>Zadkine Art D\u00e9co | City Guide Paris - De Saint-Germain des pr\u00e9s au Palais Royal | les Germanopratines<\/title>\n<meta name=\"description\" content=\"In 2025, the Zadkine Museum celebrates the centenary of Art Deco by highlighting the connections sculptor Ossip Zadkine forged with the decorative arts in\" \/>\n<meta name=\"robots\" content=\"index, follow, max-snippet:-1, max-image-preview:large, max-video-preview:-1\" \/>\n<link rel=\"canonical\" href=\"https:\/\/www.germanopratines.fr\/en\/news\/zadkine-art-deco\/\" \/>\n<meta property=\"og:locale\" content=\"en_US\" \/>\n<meta property=\"og:type\" content=\"article\" \/>\n<meta property=\"og:title\" content=\"Zadkine Art D\u00e9co | City Guide Paris - De Saint-Germain des pr\u00e9s au Palais Royal | les Germanopratines\" \/>\n<meta property=\"og:description\" content=\"In 2025, the Zadkine Museum celebrates the centenary of Art Deco by highlighting the connections sculptor Ossip Zadkine forged with the decorative arts in\" \/>\n<meta property=\"og:url\" content=\"https:\/\/www.germanopratines.fr\/en\/news\/zadkine-art-deco\/\" \/>\n<meta property=\"og:site_name\" content=\"les Germanopratines\" \/>\n<meta property=\"article:publisher\" content=\"https:\/\/www.facebook.com\/lesGermanopratines\/\" \/>\n<meta property=\"article:published_time\" content=\"2026-01-25T16:34:15+00:00\" \/>\n<meta property=\"article:modified_time\" content=\"2026-01-25T16:42:16+00:00\" \/>\n<meta property=\"og:image\" content=\"https:\/\/www.germanopratines.fr\/wp-content\/uploads\/2026\/01\/ZADKINE-ART-DECO-7.jpg\" \/>\n\t<meta property=\"og:image:width\" content=\"1125\" \/>\n\t<meta property=\"og:image:height\" content=\"1340\" \/>\n\t<meta property=\"og:image:type\" content=\"image\/jpeg\" \/>\n<meta name=\"author\" content=\"H\u00e9l\u00e8ne\" \/>\n<meta name=\"twitter:card\" content=\"summary_large_image\" \/>\n<meta name=\"twitter:label1\" content=\"Written by\" \/>\n\t<meta name=\"twitter:data1\" content=\"H\u00e9l\u00e8ne\" \/>\n\t<meta name=\"twitter:label2\" content=\"Est. reading time\" \/>\n\t<meta name=\"twitter:data2\" content=\"4 minutes\" \/>\n<script type=\"application\/ld+json\" class=\"yoast-schema-graph\">{\"@context\":\"https:\/\/schema.org\",\"@graph\":[{\"@type\":\"WebPage\",\"@id\":\"https:\/\/www.germanopratines.fr\/en\/news\/zadkine-art-deco\/\",\"url\":\"https:\/\/www.germanopratines.fr\/en\/news\/zadkine-art-deco\/\",\"name\":\"Zadkine Art D\u00e9co | City Guide Paris - De Saint-Germain des pr\u00e9s au Palais Royal | les Germanopratines\",\"isPartOf\":{\"@id\":\"https:\/\/www.germanopratines.fr\/#website\"},\"datePublished\":\"2026-01-25T16:34:15+00:00\",\"dateModified\":\"2026-01-25T16:42:16+00:00\",\"author\":{\"@id\":\"https:\/\/www.germanopratines.fr\/#\/schema\/person\/43c18b9b6ab0cb9aeb48d095821db016\"},\"description\":\"In 2025, the Zadkine Museum celebrates the centenary of Art Deco by highlighting the connections sculptor Ossip Zadkine forged with the decorative arts in\",\"breadcrumb\":{\"@id\":\"https:\/\/www.germanopratines.fr\/en\/news\/zadkine-art-deco\/#breadcrumb\"},\"inLanguage\":\"en-US\",\"potentialAction\":[{\"@type\":\"ReadAction\",\"target\":[\"https:\/\/www.germanopratines.fr\/en\/news\/zadkine-art-deco\/\"]}]},{\"@type\":\"BreadcrumbList\",\"@id\":\"https:\/\/www.germanopratines.fr\/en\/news\/zadkine-art-deco\/#breadcrumb\",\"itemListElement\":[{\"@type\":\"ListItem\",\"position\":1,\"name\":\"Accueil\",\"item\":\"https:\/\/www.germanopratines.fr\/en\/home-2\/\"},{\"@type\":\"ListItem\",\"position\":2,\"name\":\"Zadkine Art D\u00e9co\"}]},{\"@type\":\"WebSite\",\"@id\":\"https:\/\/www.germanopratines.fr\/#website\",\"url\":\"https:\/\/www.germanopratines.fr\/\",\"name\":\"les Germanopratines\",\"description\":\"City Guide Paris - De Saint-Germain des pr\u00e9s au Palais Royal\",\"potentialAction\":[{\"@type\":\"SearchAction\",\"target\":{\"@type\":\"EntryPoint\",\"urlTemplate\":\"https:\/\/www.germanopratines.fr\/?s={search_term_string}\"},\"query-input\":\"required name=search_term_string\"}],\"inLanguage\":\"en-US\"},{\"@type\":\"Person\",\"@id\":\"https:\/\/www.germanopratines.fr\/#\/schema\/person\/43c18b9b6ab0cb9aeb48d095821db016\",\"name\":\"H\u00e9l\u00e8ne\",\"sameAs\":[\"https:\/\/www.germanopratines.fr\"]}]}<\/script>\n<!-- \/ Yoast SEO plugin. -->","yoast_head_json":{"title":"Zadkine Art D\u00e9co | City Guide Paris - De Saint-Germain des pr\u00e9s au Palais Royal | les Germanopratines","description":"In 2025, the Zadkine Museum celebrates the centenary of Art Deco by highlighting the connections sculptor Ossip Zadkine forged with the decorative arts in","robots":{"index":"index","follow":"follow","max-snippet":"max-snippet:-1","max-image-preview":"max-image-preview:large","max-video-preview":"max-video-preview:-1"},"canonical":"https:\/\/www.germanopratines.fr\/en\/news\/zadkine-art-deco\/","og_locale":"en_US","og_type":"article","og_title":"Zadkine Art D\u00e9co | City Guide Paris - De Saint-Germain des pr\u00e9s au Palais Royal | les Germanopratines","og_description":"In 2025, the Zadkine Museum celebrates the centenary of Art Deco by highlighting the connections sculptor Ossip Zadkine forged with the decorative arts in","og_url":"https:\/\/www.germanopratines.fr\/en\/news\/zadkine-art-deco\/","og_site_name":"les Germanopratines","article_publisher":"https:\/\/www.facebook.com\/lesGermanopratines\/","article_published_time":"2026-01-25T16:34:15+00:00","article_modified_time":"2026-01-25T16:42:16+00:00","og_image":[{"width":1125,"height":1340,"url":"https:\/\/www.germanopratines.fr\/wp-content\/uploads\/2026\/01\/ZADKINE-ART-DECO-7.jpg","type":"image\/jpeg"}],"author":"H\u00e9l\u00e8ne","twitter_card":"summary_large_image","twitter_misc":{"Written by":"H\u00e9l\u00e8ne","Est. reading time":"4 minutes"},"schema":{"@context":"https:\/\/schema.org","@graph":[{"@type":"WebPage","@id":"https:\/\/www.germanopratines.fr\/en\/news\/zadkine-art-deco\/","url":"https:\/\/www.germanopratines.fr\/en\/news\/zadkine-art-deco\/","name":"Zadkine Art D\u00e9co | City Guide Paris - De Saint-Germain des pr\u00e9s au Palais Royal | les Germanopratines","isPartOf":{"@id":"https:\/\/www.germanopratines.fr\/#website"},"datePublished":"2026-01-25T16:34:15+00:00","dateModified":"2026-01-25T16:42:16+00:00","author":{"@id":"https:\/\/www.germanopratines.fr\/#\/schema\/person\/43c18b9b6ab0cb9aeb48d095821db016"},"description":"In 2025, the Zadkine Museum celebrates the centenary of Art Deco by highlighting the connections sculptor Ossip Zadkine forged with the decorative arts in","breadcrumb":{"@id":"https:\/\/www.germanopratines.fr\/en\/news\/zadkine-art-deco\/#breadcrumb"},"inLanguage":"en-US","potentialAction":[{"@type":"ReadAction","target":["https:\/\/www.germanopratines.fr\/en\/news\/zadkine-art-deco\/"]}]},{"@type":"BreadcrumbList","@id":"https:\/\/www.germanopratines.fr\/en\/news\/zadkine-art-deco\/#breadcrumb","itemListElement":[{"@type":"ListItem","position":1,"name":"Accueil","item":"https:\/\/www.germanopratines.fr\/en\/home-2\/"},{"@type":"ListItem","position":2,"name":"Zadkine Art D\u00e9co"}]},{"@type":"WebSite","@id":"https:\/\/www.germanopratines.fr\/#website","url":"https:\/\/www.germanopratines.fr\/","name":"les Germanopratines","description":"City Guide Paris - De Saint-Germain des pr\u00e9s au Palais Royal","potentialAction":[{"@type":"SearchAction","target":{"@type":"EntryPoint","urlTemplate":"https:\/\/www.germanopratines.fr\/?s={search_term_string}"},"query-input":"required name=search_term_string"}],"inLanguage":"en-US"},{"@type":"Person","@id":"https:\/\/www.germanopratines.fr\/#\/schema\/person\/43c18b9b6ab0cb9aeb48d095821db016","name":"H\u00e9l\u00e8ne","sameAs":["https:\/\/www.germanopratines.fr"]}]}},"_links":{"self":[{"href":"https:\/\/www.germanopratines.fr\/en\/wp-json\/wp\/v2\/posts\/140187"}],"collection":[{"href":"https:\/\/www.germanopratines.fr\/en\/wp-json\/wp\/v2\/posts"}],"about":[{"href":"https:\/\/www.germanopratines.fr\/en\/wp-json\/wp\/v2\/types\/post"}],"author":[{"embeddable":true,"href":"https:\/\/www.germanopratines.fr\/en\/wp-json\/wp\/v2\/users\/2"}],"replies":[{"embeddable":true,"href":"https:\/\/www.germanopratines.fr\/en\/wp-json\/wp\/v2\/comments?post=140187"}],"version-history":[{"count":1,"href":"https:\/\/www.germanopratines.fr\/en\/wp-json\/wp\/v2\/posts\/140187\/revisions"}],"predecessor-version":[{"id":140189,"href":"https:\/\/www.germanopratines.fr\/en\/wp-json\/wp\/v2\/posts\/140187\/revisions\/140189"}],"wp:featuredmedia":[{"embeddable":true,"href":"https:\/\/www.germanopratines.fr\/en\/wp-json\/wp\/v2\/media\/140181"}],"wp:attachment":[{"href":"https:\/\/www.germanopratines.fr\/en\/wp-json\/wp\/v2\/media?parent=140187"}],"wp:term":[{"taxonomy":"category","embeddable":true,"href":"https:\/\/www.germanopratines.fr\/en\/wp-json\/wp\/v2\/categories?post=140187"},{"taxonomy":"post_tag","embeddable":true,"href":"https:\/\/www.germanopratines.fr\/en\/wp-json\/wp\/v2\/tags?post=140187"}],"curies":[{"name":"wp","href":"https:\/\/api.w.org\/{rel}","templated":true}]}}