{"id":139990,"date":"2025-11-18T06:04:00","date_gmt":"2025-11-18T04:04:00","guid":{"rendered":"https:\/\/www.germanopratines.fr\/maurits-cornelis-escher\/"},"modified":"2025-11-24T18:13:03","modified_gmt":"2025-11-24T16:13:03","slug":"maurits-cornelis-escher","status":"publish","type":"post","link":"https:\/\/www.germanopratines.fr\/en\/exhibitions\/maurits-cornelis-escher\/","title":{"rendered":"Maurits Cornelis Escher"},"content":{"rendered":"\n<figure class=\"wp-block-image size-full is-resized\"><a href=\"https:\/\/www.germanopratines.fr\/wp-content\/uploads\/2025\/11\/M.C-ESCHER-4.jpg\"><img decoding=\"async\" loading=\"lazy\" src=\"https:\/\/www.germanopratines.fr\/wp-content\/uploads\/2025\/11\/M.C-ESCHER-4.jpg\" alt=\"\" class=\"wp-image-139966\" width=\"1026\" height=\"853\" srcset=\"https:\/\/www.germanopratines.fr\/wp-content\/uploads\/2025\/11\/M.C-ESCHER-4.jpg 991w, https:\/\/www.germanopratines.fr\/wp-content\/uploads\/2025\/11\/M.C-ESCHER-4-300x250.jpg 300w, https:\/\/www.germanopratines.fr\/wp-content\/uploads\/2025\/11\/M.C-ESCHER-4-768x639.jpg 768w, https:\/\/www.germanopratines.fr\/wp-content\/uploads\/2025\/11\/M.C-ESCHER-4-705x587.jpg 705w\" sizes=\"(max-width: 1026px) 100vw, 1026px\" \/><\/a><\/figure>\n\n\n\n<div style=\"height:50px\" aria-hidden=\"true\" class=\"wp-block-spacer\"><\/div>\n\n\n\n<p>Maurits Cornelis Escher, or as he preferred to be called, M.C. Escher, is a fascinating artist who knew how to transform geometry and mathematics into art, through his tessellations, optical illusions and impossible worlds, but who was initially also a remarkable landscape painter.<\/p>\n\n\n\n<div style=\"height:49px\" aria-hidden=\"true\" class=\"wp-block-spacer\"><\/div>\n\n\n\n<figure class=\"wp-block-image size-large is-resized\"><a href=\"https:\/\/www.germanopratines.fr\/wp-content\/uploads\/2025\/11\/M.C-ESCHER-3.jpg\"><img decoding=\"async\" loading=\"lazy\" src=\"https:\/\/www.germanopratines.fr\/wp-content\/uploads\/2025\/11\/M.C-ESCHER-3-641x1030.jpg\" alt=\"\" class=\"wp-image-139964\" width=\"1021\" height=\"1641\" srcset=\"https:\/\/www.germanopratines.fr\/wp-content\/uploads\/2025\/11\/M.C-ESCHER-3-641x1030.jpg 641w, https:\/\/www.germanopratines.fr\/wp-content\/uploads\/2025\/11\/M.C-ESCHER-3-187x300.jpg 187w, https:\/\/www.germanopratines.fr\/wp-content\/uploads\/2025\/11\/M.C-ESCHER-3-768x1234.jpg 768w, https:\/\/www.germanopratines.fr\/wp-content\/uploads\/2025\/11\/M.C-ESCHER-3-956x1536.jpg 956w, https:\/\/www.germanopratines.fr\/wp-content\/uploads\/2025\/11\/M.C-ESCHER-3-934x1500.jpg 934w, https:\/\/www.germanopratines.fr\/wp-content\/uploads\/2025\/11\/M.C-ESCHER-3-439x705.jpg 439w, https:\/\/www.germanopratines.fr\/wp-content\/uploads\/2025\/11\/M.C-ESCHER-3.jpg 1007w\" sizes=\"(max-width: 1021px) 100vw, 1021px\" \/><\/a><\/figure>\n\n\n\n<div style=\"height:49px\" aria-hidden=\"true\" class=\"wp-block-spacer\"><\/div>\n\n\n\n<p>The exhibition, curated by Jean-Hubert Martin and Federico Giudiceandrea, two of the leading experts on the artist, immerses us in the imaginative and astonishing world of this Dutch genius, born in 1898 in Leeuwarden, Netherlands.<\/p>\n\n\n\n<p>Celebrated for his visionary creations, visual paradoxes, and infinite geometries, he has become an icon over time, not only for mathematicians and researchers, but also for the general public, captivated by the visual and conceptual power of his work. His creations represent a true convergence of the scientific world and artistic creation, profoundly influencing the worlds of design, graphic arts, film, advertising, fashion, and music even today.<\/p>\n\n\n\n<div style=\"height:50px\" aria-hidden=\"true\" class=\"wp-block-spacer\"><\/div>\n\n\n\n<figure class=\"wp-block-image size-full is-resized\"><a href=\"https:\/\/www.germanopratines.fr\/wp-content\/uploads\/2025\/11\/M.C-ESCHER-5-1.jpg\"><img decoding=\"async\" loading=\"lazy\" src=\"https:\/\/www.germanopratines.fr\/wp-content\/uploads\/2025\/11\/M.C-ESCHER-5-1.jpg\" alt=\"\" class=\"wp-image-139973\" width=\"1017\" height=\"796\" srcset=\"https:\/\/www.germanopratines.fr\/wp-content\/uploads\/2025\/11\/M.C-ESCHER-5-1.jpg 902w, https:\/\/www.germanopratines.fr\/wp-content\/uploads\/2025\/11\/M.C-ESCHER-5-1-300x235.jpg 300w, https:\/\/www.germanopratines.fr\/wp-content\/uploads\/2025\/11\/M.C-ESCHER-5-1-768x601.jpg 768w, https:\/\/www.germanopratines.fr\/wp-content\/uploads\/2025\/11\/M.C-ESCHER-5-1-705x552.jpg 705w\" sizes=\"(max-width: 1017px) 100vw, 1017px\" \/><\/a><\/figure>\n\n\n\n<div style=\"height:50px\" aria-hidden=\"true\" class=\"wp-block-spacer\"><\/div>\n\n\n\n<p>From the 1950s onward, his popularity steadily increased. Thanks also to his connections with the scientific and academic world, various journals began to dedicate articles and reviews to him. In the United States, the hippie movement appropriated his works, modifying and reproducing them on posters and T-shirts, in a psychedelic style.<\/p>\n\n\n\n<p>The exhibition immerses us in his work and its progression toward abstraction, impossible perspectives, and astonishing, sometimes disconcerting, representations of seemingly plausible worlds irreconcilable with reality, which M.C. Escher managed to bring together in a unique artistic dimension.<\/p>\n\n\n\n<div style=\"height:51px\" aria-hidden=\"true\" class=\"wp-block-spacer\"><\/div>\n\n\n\n<figure class=\"wp-block-image size-large is-resized\"><a href=\"https:\/\/www.germanopratines.fr\/wp-content\/uploads\/2025\/11\/M.C-ESCHER-6.jpg\"><img decoding=\"async\" loading=\"lazy\" src=\"https:\/\/www.germanopratines.fr\/wp-content\/uploads\/2025\/11\/M.C-ESCHER-6-611x1030.jpg\" alt=\"\" class=\"wp-image-139970\" width=\"1044\" height=\"1761\" srcset=\"https:\/\/www.germanopratines.fr\/wp-content\/uploads\/2025\/11\/M.C-ESCHER-6-611x1030.jpg 611w, https:\/\/www.germanopratines.fr\/wp-content\/uploads\/2025\/11\/M.C-ESCHER-6-178x300.jpg 178w, https:\/\/www.germanopratines.fr\/wp-content\/uploads\/2025\/11\/M.C-ESCHER-6-768x1294.jpg 768w, https:\/\/www.germanopratines.fr\/wp-content\/uploads\/2025\/11\/M.C-ESCHER-6-418x705.jpg 418w, https:\/\/www.germanopratines.fr\/wp-content\/uploads\/2025\/11\/M.C-ESCHER-6.jpg 861w\" sizes=\"(max-width: 1044px) 100vw, 1044px\" \/><\/a><\/figure>\n\n\n\n<div style=\"height:100px\" aria-hidden=\"true\" class=\"wp-block-spacer\"><\/div>\n\n\n\n<h3 class=\"has-text-align-center\">November 15, 2025 &#8211; March 1st, 2026<\/h3>\n\n\n\n<div style=\"height:34px\" aria-hidden=\"true\" class=\"wp-block-spacer\"><\/div>\n\n\n\n<h1 class=\"has-text-align-center\">MONNAIE DE PARIS<\/h1>\n\n\n\n<h3 class=\"has-text-align-center\">11 quai de Conti 75006 Paris<\/h3>\n","protected":false},"excerpt":{"rendered":"<p>Maurits Cornelis Escher, or as he preferred to be called, M.C. Escher, is a fascinating artist who knew how to transform geometry and mathematics into art, through his tessellations, optical illusions and impossible worlds, but who was initially also a remarkable landscape painter. The exhibition, curated by Jean-Hubert Martin and Federico Giudiceandrea, two of the [&hellip;]<\/p>\n","protected":false},"author":2,"featured_media":139971,"comment_status":"closed","ping_status":"open","sticky":false,"template":"","format":"standard","meta":[],"categories":[381],"tags":[],"yoast_head":"<!-- This site is optimized with the Yoast SEO plugin v20.1 - https:\/\/yoast.com\/wordpress\/plugins\/seo\/ -->\n<title>Maurits Cornelis Escher | City Guide Paris - De Saint-Germain des pr\u00e9s au Palais Royal | les Germanopratines<\/title>\n<meta name=\"description\" content=\"Maurits Cornelis Escher, or as he preferred to be called, M.C. Escher, is a fascinating artist who knew how to transform geometry and mathematics into\" \/>\n<meta name=\"robots\" content=\"index, follow, max-snippet:-1, max-image-preview:large, max-video-preview:-1\" \/>\n<link rel=\"canonical\" href=\"https:\/\/www.germanopratines.fr\/en\/exhibitions\/maurits-cornelis-escher\/\" \/>\n<meta property=\"og:locale\" content=\"en_US\" \/>\n<meta property=\"og:type\" content=\"article\" \/>\n<meta property=\"og:title\" content=\"Maurits Cornelis Escher | City Guide Paris - De Saint-Germain des pr\u00e9s au Palais Royal | les Germanopratines\" \/>\n<meta property=\"og:description\" content=\"Maurits Cornelis Escher, or as he preferred to be called, M.C. Escher, is a fascinating artist who knew how to transform geometry and mathematics into\" \/>\n<meta property=\"og:url\" content=\"https:\/\/www.germanopratines.fr\/en\/exhibitions\/maurits-cornelis-escher\/\" \/>\n<meta property=\"og:site_name\" content=\"les Germanopratines\" \/>\n<meta property=\"article:publisher\" content=\"https:\/\/www.facebook.com\/lesGermanopratines\/\" \/>\n<meta property=\"article:published_time\" content=\"2025-11-18T04:04:00+00:00\" \/>\n<meta property=\"article:modified_time\" content=\"2025-11-24T16:13:03+00:00\" \/>\n<meta property=\"og:image\" content=\"https:\/\/www.germanopratines.fr\/wp-content\/uploads\/2025\/11\/M.C-ESCHER-6.jpg\" \/>\n\t<meta property=\"og:image:width\" content=\"861\" \/>\n\t<meta property=\"og:image:height\" content=\"1451\" \/>\n\t<meta property=\"og:image:type\" content=\"image\/jpeg\" \/>\n<meta name=\"author\" content=\"H\u00e9l\u00e8ne\" \/>\n<meta name=\"twitter:card\" content=\"summary_large_image\" \/>\n<meta name=\"twitter:label1\" content=\"Written by\" \/>\n\t<meta name=\"twitter:data1\" content=\"H\u00e9l\u00e8ne\" \/>\n\t<meta name=\"twitter:label2\" content=\"Est. reading time\" \/>\n\t<meta name=\"twitter:data2\" content=\"3 minutes\" \/>\n<script type=\"application\/ld+json\" class=\"yoast-schema-graph\">{\"@context\":\"https:\/\/schema.org\",\"@graph\":[{\"@type\":\"WebPage\",\"@id\":\"https:\/\/www.germanopratines.fr\/en\/exhibitions\/maurits-cornelis-escher\/\",\"url\":\"https:\/\/www.germanopratines.fr\/en\/exhibitions\/maurits-cornelis-escher\/\",\"name\":\"Maurits Cornelis Escher | City Guide Paris - De Saint-Germain des pr\u00e9s au Palais Royal | les Germanopratines\",\"isPartOf\":{\"@id\":\"https:\/\/www.germanopratines.fr\/#website\"},\"datePublished\":\"2025-11-18T04:04:00+00:00\",\"dateModified\":\"2025-11-24T16:13:03+00:00\",\"author\":{\"@id\":\"https:\/\/www.germanopratines.fr\/#\/schema\/person\/43c18b9b6ab0cb9aeb48d095821db016\"},\"description\":\"Maurits Cornelis Escher, or as he preferred to be called, M.C. Escher, is a fascinating artist who knew how to transform geometry and mathematics into\",\"breadcrumb\":{\"@id\":\"https:\/\/www.germanopratines.fr\/en\/exhibitions\/maurits-cornelis-escher\/#breadcrumb\"},\"inLanguage\":\"en-US\",\"potentialAction\":[{\"@type\":\"ReadAction\",\"target\":[\"https:\/\/www.germanopratines.fr\/en\/exhibitions\/maurits-cornelis-escher\/\"]}]},{\"@type\":\"BreadcrumbList\",\"@id\":\"https:\/\/www.germanopratines.fr\/en\/exhibitions\/maurits-cornelis-escher\/#breadcrumb\",\"itemListElement\":[{\"@type\":\"ListItem\",\"position\":1,\"name\":\"Accueil\",\"item\":\"https:\/\/www.germanopratines.fr\/en\/home-2\/\"},{\"@type\":\"ListItem\",\"position\":2,\"name\":\"Maurits Cornelis Escher\"}]},{\"@type\":\"WebSite\",\"@id\":\"https:\/\/www.germanopratines.fr\/#website\",\"url\":\"https:\/\/www.germanopratines.fr\/\",\"name\":\"les Germanopratines\",\"description\":\"City Guide Paris - De Saint-Germain des pr\u00e9s au Palais Royal\",\"potentialAction\":[{\"@type\":\"SearchAction\",\"target\":{\"@type\":\"EntryPoint\",\"urlTemplate\":\"https:\/\/www.germanopratines.fr\/?s={search_term_string}\"},\"query-input\":\"required name=search_term_string\"}],\"inLanguage\":\"en-US\"},{\"@type\":\"Person\",\"@id\":\"https:\/\/www.germanopratines.fr\/#\/schema\/person\/43c18b9b6ab0cb9aeb48d095821db016\",\"name\":\"H\u00e9l\u00e8ne\",\"sameAs\":[\"https:\/\/www.germanopratines.fr\"]}]}<\/script>\n<!-- \/ Yoast SEO plugin. -->","yoast_head_json":{"title":"Maurits Cornelis Escher | City Guide Paris - De Saint-Germain des pr\u00e9s au Palais Royal | les Germanopratines","description":"Maurits Cornelis Escher, or as he preferred to be called, M.C. Escher, is a fascinating artist who knew how to transform geometry and mathematics into","robots":{"index":"index","follow":"follow","max-snippet":"max-snippet:-1","max-image-preview":"max-image-preview:large","max-video-preview":"max-video-preview:-1"},"canonical":"https:\/\/www.germanopratines.fr\/en\/exhibitions\/maurits-cornelis-escher\/","og_locale":"en_US","og_type":"article","og_title":"Maurits Cornelis Escher | City Guide Paris - De Saint-Germain des pr\u00e9s au Palais Royal | les Germanopratines","og_description":"Maurits Cornelis Escher, or as he preferred to be called, M.C. Escher, is a fascinating artist who knew how to transform geometry and mathematics into","og_url":"https:\/\/www.germanopratines.fr\/en\/exhibitions\/maurits-cornelis-escher\/","og_site_name":"les Germanopratines","article_publisher":"https:\/\/www.facebook.com\/lesGermanopratines\/","article_published_time":"2025-11-18T04:04:00+00:00","article_modified_time":"2025-11-24T16:13:03+00:00","og_image":[{"width":861,"height":1451,"url":"https:\/\/www.germanopratines.fr\/wp-content\/uploads\/2025\/11\/M.C-ESCHER-6.jpg","type":"image\/jpeg"}],"author":"H\u00e9l\u00e8ne","twitter_card":"summary_large_image","twitter_misc":{"Written by":"H\u00e9l\u00e8ne","Est. reading time":"3 minutes"},"schema":{"@context":"https:\/\/schema.org","@graph":[{"@type":"WebPage","@id":"https:\/\/www.germanopratines.fr\/en\/exhibitions\/maurits-cornelis-escher\/","url":"https:\/\/www.germanopratines.fr\/en\/exhibitions\/maurits-cornelis-escher\/","name":"Maurits Cornelis Escher | City Guide Paris - De Saint-Germain des pr\u00e9s au Palais Royal | les Germanopratines","isPartOf":{"@id":"https:\/\/www.germanopratines.fr\/#website"},"datePublished":"2025-11-18T04:04:00+00:00","dateModified":"2025-11-24T16:13:03+00:00","author":{"@id":"https:\/\/www.germanopratines.fr\/#\/schema\/person\/43c18b9b6ab0cb9aeb48d095821db016"},"description":"Maurits Cornelis Escher, or as he preferred to be called, M.C. Escher, is a fascinating artist who knew how to transform geometry and mathematics into","breadcrumb":{"@id":"https:\/\/www.germanopratines.fr\/en\/exhibitions\/maurits-cornelis-escher\/#breadcrumb"},"inLanguage":"en-US","potentialAction":[{"@type":"ReadAction","target":["https:\/\/www.germanopratines.fr\/en\/exhibitions\/maurits-cornelis-escher\/"]}]},{"@type":"BreadcrumbList","@id":"https:\/\/www.germanopratines.fr\/en\/exhibitions\/maurits-cornelis-escher\/#breadcrumb","itemListElement":[{"@type":"ListItem","position":1,"name":"Accueil","item":"https:\/\/www.germanopratines.fr\/en\/home-2\/"},{"@type":"ListItem","position":2,"name":"Maurits Cornelis Escher"}]},{"@type":"WebSite","@id":"https:\/\/www.germanopratines.fr\/#website","url":"https:\/\/www.germanopratines.fr\/","name":"les Germanopratines","description":"City Guide Paris - De Saint-Germain des pr\u00e9s au Palais Royal","potentialAction":[{"@type":"SearchAction","target":{"@type":"EntryPoint","urlTemplate":"https:\/\/www.germanopratines.fr\/?s={search_term_string}"},"query-input":"required name=search_term_string"}],"inLanguage":"en-US"},{"@type":"Person","@id":"https:\/\/www.germanopratines.fr\/#\/schema\/person\/43c18b9b6ab0cb9aeb48d095821db016","name":"H\u00e9l\u00e8ne","sameAs":["https:\/\/www.germanopratines.fr"]}]}},"_links":{"self":[{"href":"https:\/\/www.germanopratines.fr\/en\/wp-json\/wp\/v2\/posts\/139990"}],"collection":[{"href":"https:\/\/www.germanopratines.fr\/en\/wp-json\/wp\/v2\/posts"}],"about":[{"href":"https:\/\/www.germanopratines.fr\/en\/wp-json\/wp\/v2\/types\/post"}],"author":[{"embeddable":true,"href":"https:\/\/www.germanopratines.fr\/en\/wp-json\/wp\/v2\/users\/2"}],"replies":[{"embeddable":true,"href":"https:\/\/www.germanopratines.fr\/en\/wp-json\/wp\/v2\/comments?post=139990"}],"version-history":[{"count":1,"href":"https:\/\/www.germanopratines.fr\/en\/wp-json\/wp\/v2\/posts\/139990\/revisions"}],"predecessor-version":[{"id":139992,"href":"https:\/\/www.germanopratines.fr\/en\/wp-json\/wp\/v2\/posts\/139990\/revisions\/139992"}],"wp:featuredmedia":[{"embeddable":true,"href":"https:\/\/www.germanopratines.fr\/en\/wp-json\/wp\/v2\/media\/139971"}],"wp:attachment":[{"href":"https:\/\/www.germanopratines.fr\/en\/wp-json\/wp\/v2\/media?parent=139990"}],"wp:term":[{"taxonomy":"category","embeddable":true,"href":"https:\/\/www.germanopratines.fr\/en\/wp-json\/wp\/v2\/categories?post=139990"},{"taxonomy":"post_tag","embeddable":true,"href":"https:\/\/www.germanopratines.fr\/en\/wp-json\/wp\/v2\/tags?post=139990"}],"curies":[{"name":"wp","href":"https:\/\/api.w.org\/{rel}","templated":true}]}}