{"id":138928,"date":"2025-08-22T16:30:31","date_gmt":"2025-08-22T14:30:31","guid":{"rendered":"https:\/\/www.germanopratines.fr\/galerie-signe\/"},"modified":"2026-02-11T21:35:15","modified_gmt":"2026-02-11T19:35:15","slug":"galerie-signe","status":"publish","type":"post","link":"https:\/\/www.germanopratines.fr\/en\/decor\/art-deco-design\/galerie-signe\/","title":{"rendered":"Galerie SIGNE"},"content":{"rendered":"\n<figure class=\"wp-block-image size-large is-resized\"><a href=\"https:\/\/www.germanopratines.fr\/wp-content\/uploads\/2025\/08\/Galerie-Signe-Paris-1.jpg\"><img decoding=\"async\" loading=\"lazy\" src=\"https:\/\/www.germanopratines.fr\/wp-content\/uploads\/2025\/08\/Galerie-Signe-Paris-1-851x1030.jpg\" alt=\"\" class=\"wp-image-140209\" width=\"1026\" height=\"1242\" srcset=\"https:\/\/www.germanopratines.fr\/wp-content\/uploads\/2025\/08\/Galerie-Signe-Paris-1-851x1030.jpg 851w, https:\/\/www.germanopratines.fr\/wp-content\/uploads\/2025\/08\/Galerie-Signe-Paris-1-248x300.jpg 248w, https:\/\/www.germanopratines.fr\/wp-content\/uploads\/2025\/08\/Galerie-Signe-Paris-1-768x929.jpg 768w, https:\/\/www.germanopratines.fr\/wp-content\/uploads\/2025\/08\/Galerie-Signe-Paris-1-583x705.jpg 583w, https:\/\/www.germanopratines.fr\/wp-content\/uploads\/2025\/08\/Galerie-Signe-Paris-1.jpg 968w\" sizes=\"(max-width: 1026px) 100vw, 1026px\" \/><\/a><\/figure>\n\n\n\n<div style=\"height:51px\" aria-hidden=\"true\" class=\"wp-block-spacer\"><\/div>\n\n\n\n<p>Maxime Bouzidi founded Galerie Sign\u00e9 in 2021 with the aim of supporting emerging contemporary designers, architects, and artists by assisting them with large-scale projects and also by producing the pieces he presents in his gallery. Through him, one can discover or follow the work of Martin Szekely, Marie &amp; Alexandre, Nemo, Emmanuel Outy, and Julie Richoz.<\/p>\n\n\n\n<div style=\"height:50px\" aria-hidden=\"true\" class=\"wp-block-spacer\"><\/div>\n\n\n\n<figure class=\"wp-block-image size-large is-resized\"><a href=\"https:\/\/www.germanopratines.fr\/wp-content\/uploads\/2025\/08\/Galerie-Signe-Paris-2.jpg\"><img decoding=\"async\" loading=\"lazy\" src=\"https:\/\/www.germanopratines.fr\/wp-content\/uploads\/2025\/08\/Galerie-Signe-Paris-2-680x1030.jpg\" alt=\"\" class=\"wp-image-140212\" width=\"1019\" height=\"1543\" srcset=\"https:\/\/www.germanopratines.fr\/wp-content\/uploads\/2025\/08\/Galerie-Signe-Paris-2-680x1030.jpg 680w, https:\/\/www.germanopratines.fr\/wp-content\/uploads\/2025\/08\/Galerie-Signe-Paris-2-198x300.jpg 198w, https:\/\/www.germanopratines.fr\/wp-content\/uploads\/2025\/08\/Galerie-Signe-Paris-2-768x1163.jpg 768w, https:\/\/www.germanopratines.fr\/wp-content\/uploads\/2025\/08\/Galerie-Signe-Paris-2-1014x1536.jpg 1014w, https:\/\/www.germanopratines.fr\/wp-content\/uploads\/2025\/08\/Galerie-Signe-Paris-2-990x1500.jpg 990w, https:\/\/www.germanopratines.fr\/wp-content\/uploads\/2025\/08\/Galerie-Signe-Paris-2-465x705.jpg 465w, https:\/\/www.germanopratines.fr\/wp-content\/uploads\/2025\/08\/Galerie-Signe-Paris-2.jpg 1125w\" sizes=\"(max-width: 1019px) 100vw, 1019px\" \/><\/a><\/figure>\n\n\n\n<div style=\"height:50px\" aria-hidden=\"true\" class=\"wp-block-spacer\"><\/div>\n\n\n\n<figure class=\"wp-block-image size-large is-resized\"><a href=\"https:\/\/www.germanopratines.fr\/wp-content\/uploads\/2025\/08\/Galerie-Signe-Paris.jpg\"><img decoding=\"async\" loading=\"lazy\" src=\"https:\/\/www.germanopratines.fr\/wp-content\/uploads\/2025\/08\/Galerie-Signe-Paris-946x1030.jpg\" alt=\"\" class=\"wp-image-138918\" width=\"1015\" height=\"1105\" srcset=\"https:\/\/www.germanopratines.fr\/wp-content\/uploads\/2025\/08\/Galerie-Signe-Paris-946x1030.jpg 946w, https:\/\/www.germanopratines.fr\/wp-content\/uploads\/2025\/08\/Galerie-Signe-Paris-276x300.jpg 276w, https:\/\/www.germanopratines.fr\/wp-content\/uploads\/2025\/08\/Galerie-Signe-Paris-768x836.jpg 768w, https:\/\/www.germanopratines.fr\/wp-content\/uploads\/2025\/08\/Galerie-Signe-Paris-647x705.jpg 647w, https:\/\/www.germanopratines.fr\/wp-content\/uploads\/2025\/08\/Galerie-Signe-Paris.jpg 1103w\" sizes=\"(max-width: 1015px) 100vw, 1015px\" \/><\/a><\/figure>\n\n\n\n<div style=\"height:100px\" aria-hidden=\"true\" class=\"wp-block-spacer\"><\/div>\n\n\n\n<h1 class=\"has-text-align-center\">Galerie SIGNE<\/h1>\n\n\n\n<div style=\"height:21px\" aria-hidden=\"true\" class=\"wp-block-spacer\"><\/div>\n\n\n\n<h3 class=\"has-text-align-center\">33 rue Bonaparte 75006 Paris<\/h3>\n","protected":false},"excerpt":{"rendered":"<p>Maxime Bouzidi founded Galerie Sign\u00e9 in 2021 with the aim of supporting emerging contemporary designers, architects, and artists by assisting them with large-scale projects and also by producing the pieces he presents in his gallery. Through him, one can discover or follow the work of Martin Szekely, Marie &amp; Alexandre, Nemo, Emmanuel Outy, and Julie [&hellip;]<\/p>\n","protected":false},"author":2,"featured_media":138919,"comment_status":"closed","ping_status":"open","sticky":false,"template":"","format":"standard","meta":[],"categories":[282],"tags":[],"yoast_head":"<!-- This site is optimized with the Yoast SEO plugin v20.1 - https:\/\/yoast.com\/wordpress\/plugins\/seo\/ -->\n<title>Galerie SIGNE | Art Deco &amp; Design | City Guide Paris - De Saint-Germain des pr\u00e9s au Palais Royal | les Germanopratines<\/title>\n<meta name=\"description\" content=\"Maxime Bouzidi founded Galerie Sign\u00e9 in 2021 with the aim of supporting emerging contemporary designers, architects, and artists by assisting them with\" \/>\n<meta name=\"robots\" content=\"index, follow, max-snippet:-1, max-image-preview:large, max-video-preview:-1\" \/>\n<link rel=\"canonical\" href=\"https:\/\/www.germanopratines.fr\/en\/decor\/art-deco-design\/galerie-signe\/\" \/>\n<meta property=\"og:locale\" content=\"en_US\" \/>\n<meta property=\"og:type\" content=\"article\" \/>\n<meta property=\"og:title\" content=\"Galerie SIGNE | Art Deco &amp; Design | City Guide Paris - De Saint-Germain des pr\u00e9s au Palais Royal | les Germanopratines\" \/>\n<meta property=\"og:description\" content=\"Maxime Bouzidi founded Galerie Sign\u00e9 in 2021 with the aim of supporting emerging contemporary designers, architects, and artists by assisting them with\" \/>\n<meta property=\"og:url\" content=\"https:\/\/www.germanopratines.fr\/en\/decor\/art-deco-design\/galerie-signe\/\" \/>\n<meta property=\"og:site_name\" content=\"les Germanopratines\" \/>\n<meta property=\"article:publisher\" content=\"https:\/\/www.facebook.com\/lesGermanopratines\/\" \/>\n<meta property=\"article:published_time\" content=\"2025-08-22T14:30:31+00:00\" \/>\n<meta property=\"article:modified_time\" content=\"2026-02-11T19:35:15+00:00\" \/>\n<meta property=\"og:image\" content=\"https:\/\/www.germanopratines.fr\/wp-content\/uploads\/2025\/08\/Galerie-Signe-Paris.jpg\" \/>\n\t<meta property=\"og:image:width\" content=\"1103\" \/>\n\t<meta property=\"og:image:height\" content=\"1201\" \/>\n\t<meta property=\"og:image:type\" content=\"image\/jpeg\" \/>\n<meta name=\"author\" content=\"H\u00e9l\u00e8ne\" \/>\n<meta name=\"twitter:card\" content=\"summary_large_image\" \/>\n<meta name=\"twitter:label1\" content=\"Written by\" \/>\n\t<meta name=\"twitter:data1\" content=\"H\u00e9l\u00e8ne\" \/>\n\t<meta name=\"twitter:label2\" content=\"Est. reading time\" \/>\n\t<meta name=\"twitter:data2\" content=\"1 minute\" \/>\n<script type=\"application\/ld+json\" class=\"yoast-schema-graph\">{\"@context\":\"https:\/\/schema.org\",\"@graph\":[{\"@type\":\"WebPage\",\"@id\":\"https:\/\/www.germanopratines.fr\/en\/decor\/art-deco-design\/galerie-signe\/\",\"url\":\"https:\/\/www.germanopratines.fr\/en\/decor\/art-deco-design\/galerie-signe\/\",\"name\":\"Galerie SIGNE | Art Deco &amp; Design | City Guide Paris - De Saint-Germain des pr\u00e9s au Palais Royal | les Germanopratines\",\"isPartOf\":{\"@id\":\"https:\/\/www.germanopratines.fr\/#website\"},\"datePublished\":\"2025-08-22T14:30:31+00:00\",\"dateModified\":\"2026-02-11T19:35:15+00:00\",\"author\":{\"@id\":\"https:\/\/www.germanopratines.fr\/#\/schema\/person\/43c18b9b6ab0cb9aeb48d095821db016\"},\"description\":\"Maxime Bouzidi founded Galerie Sign\u00e9 in 2021 with the aim of supporting emerging contemporary designers, architects, and artists by assisting them with\",\"breadcrumb\":{\"@id\":\"https:\/\/www.germanopratines.fr\/en\/decor\/art-deco-design\/galerie-signe\/#breadcrumb\"},\"inLanguage\":\"en-US\",\"potentialAction\":[{\"@type\":\"ReadAction\",\"target\":[\"https:\/\/www.germanopratines.fr\/en\/decor\/art-deco-design\/galerie-signe\/\"]}]},{\"@type\":\"BreadcrumbList\",\"@id\":\"https:\/\/www.germanopratines.fr\/en\/decor\/art-deco-design\/galerie-signe\/#breadcrumb\",\"itemListElement\":[{\"@type\":\"ListItem\",\"position\":1,\"name\":\"Accueil\",\"item\":\"https:\/\/www.germanopratines.fr\/en\/home-2\/\"},{\"@type\":\"ListItem\",\"position\":2,\"name\":\"Galerie SIGNE\"}]},{\"@type\":\"WebSite\",\"@id\":\"https:\/\/www.germanopratines.fr\/#website\",\"url\":\"https:\/\/www.germanopratines.fr\/\",\"name\":\"les Germanopratines\",\"description\":\"City Guide Paris - De Saint-Germain des pr\u00e9s au Palais Royal\",\"potentialAction\":[{\"@type\":\"SearchAction\",\"target\":{\"@type\":\"EntryPoint\",\"urlTemplate\":\"https:\/\/www.germanopratines.fr\/?s={search_term_string}\"},\"query-input\":\"required name=search_term_string\"}],\"inLanguage\":\"en-US\"},{\"@type\":\"Person\",\"@id\":\"https:\/\/www.germanopratines.fr\/#\/schema\/person\/43c18b9b6ab0cb9aeb48d095821db016\",\"name\":\"H\u00e9l\u00e8ne\",\"sameAs\":[\"https:\/\/www.germanopratines.fr\"]}]}<\/script>\n<!-- \/ Yoast SEO plugin. -->","yoast_head_json":{"title":"Galerie SIGNE | Art Deco &amp; Design | City Guide Paris - De Saint-Germain des pr\u00e9s au Palais Royal | les Germanopratines","description":"Maxime Bouzidi founded Galerie Sign\u00e9 in 2021 with the aim of supporting emerging contemporary designers, architects, and artists by assisting them with","robots":{"index":"index","follow":"follow","max-snippet":"max-snippet:-1","max-image-preview":"max-image-preview:large","max-video-preview":"max-video-preview:-1"},"canonical":"https:\/\/www.germanopratines.fr\/en\/decor\/art-deco-design\/galerie-signe\/","og_locale":"en_US","og_type":"article","og_title":"Galerie SIGNE | Art Deco &amp; Design | City Guide Paris - De Saint-Germain des pr\u00e9s au Palais Royal | les Germanopratines","og_description":"Maxime Bouzidi founded Galerie Sign\u00e9 in 2021 with the aim of supporting emerging contemporary designers, architects, and artists by assisting them with","og_url":"https:\/\/www.germanopratines.fr\/en\/decor\/art-deco-design\/galerie-signe\/","og_site_name":"les Germanopratines","article_publisher":"https:\/\/www.facebook.com\/lesGermanopratines\/","article_published_time":"2025-08-22T14:30:31+00:00","article_modified_time":"2026-02-11T19:35:15+00:00","og_image":[{"width":1103,"height":1201,"url":"https:\/\/www.germanopratines.fr\/wp-content\/uploads\/2025\/08\/Galerie-Signe-Paris.jpg","type":"image\/jpeg"}],"author":"H\u00e9l\u00e8ne","twitter_card":"summary_large_image","twitter_misc":{"Written by":"H\u00e9l\u00e8ne","Est. reading time":"1 minute"},"schema":{"@context":"https:\/\/schema.org","@graph":[{"@type":"WebPage","@id":"https:\/\/www.germanopratines.fr\/en\/decor\/art-deco-design\/galerie-signe\/","url":"https:\/\/www.germanopratines.fr\/en\/decor\/art-deco-design\/galerie-signe\/","name":"Galerie SIGNE | Art Deco &amp; Design | City Guide Paris - De Saint-Germain des pr\u00e9s au Palais Royal | les Germanopratines","isPartOf":{"@id":"https:\/\/www.germanopratines.fr\/#website"},"datePublished":"2025-08-22T14:30:31+00:00","dateModified":"2026-02-11T19:35:15+00:00","author":{"@id":"https:\/\/www.germanopratines.fr\/#\/schema\/person\/43c18b9b6ab0cb9aeb48d095821db016"},"description":"Maxime Bouzidi founded Galerie Sign\u00e9 in 2021 with the aim of supporting emerging contemporary designers, architects, and artists by assisting them with","breadcrumb":{"@id":"https:\/\/www.germanopratines.fr\/en\/decor\/art-deco-design\/galerie-signe\/#breadcrumb"},"inLanguage":"en-US","potentialAction":[{"@type":"ReadAction","target":["https:\/\/www.germanopratines.fr\/en\/decor\/art-deco-design\/galerie-signe\/"]}]},{"@type":"BreadcrumbList","@id":"https:\/\/www.germanopratines.fr\/en\/decor\/art-deco-design\/galerie-signe\/#breadcrumb","itemListElement":[{"@type":"ListItem","position":1,"name":"Accueil","item":"https:\/\/www.germanopratines.fr\/en\/home-2\/"},{"@type":"ListItem","position":2,"name":"Galerie SIGNE"}]},{"@type":"WebSite","@id":"https:\/\/www.germanopratines.fr\/#website","url":"https:\/\/www.germanopratines.fr\/","name":"les Germanopratines","description":"City Guide Paris - De Saint-Germain des pr\u00e9s au Palais Royal","potentialAction":[{"@type":"SearchAction","target":{"@type":"EntryPoint","urlTemplate":"https:\/\/www.germanopratines.fr\/?s={search_term_string}"},"query-input":"required name=search_term_string"}],"inLanguage":"en-US"},{"@type":"Person","@id":"https:\/\/www.germanopratines.fr\/#\/schema\/person\/43c18b9b6ab0cb9aeb48d095821db016","name":"H\u00e9l\u00e8ne","sameAs":["https:\/\/www.germanopratines.fr"]}]}},"_links":{"self":[{"href":"https:\/\/www.germanopratines.fr\/en\/wp-json\/wp\/v2\/posts\/138928"}],"collection":[{"href":"https:\/\/www.germanopratines.fr\/en\/wp-json\/wp\/v2\/posts"}],"about":[{"href":"https:\/\/www.germanopratines.fr\/en\/wp-json\/wp\/v2\/types\/post"}],"author":[{"embeddable":true,"href":"https:\/\/www.germanopratines.fr\/en\/wp-json\/wp\/v2\/users\/2"}],"replies":[{"embeddable":true,"href":"https:\/\/www.germanopratines.fr\/en\/wp-json\/wp\/v2\/comments?post=138928"}],"version-history":[{"count":4,"href":"https:\/\/www.germanopratines.fr\/en\/wp-json\/wp\/v2\/posts\/138928\/revisions"}],"predecessor-version":[{"id":141079,"href":"https:\/\/www.germanopratines.fr\/en\/wp-json\/wp\/v2\/posts\/138928\/revisions\/141079"}],"wp:featuredmedia":[{"embeddable":true,"href":"https:\/\/www.germanopratines.fr\/en\/wp-json\/wp\/v2\/media\/138919"}],"wp:attachment":[{"href":"https:\/\/www.germanopratines.fr\/en\/wp-json\/wp\/v2\/media?parent=138928"}],"wp:term":[{"taxonomy":"category","embeddable":true,"href":"https:\/\/www.germanopratines.fr\/en\/wp-json\/wp\/v2\/categories?post=138928"},{"taxonomy":"post_tag","embeddable":true,"href":"https:\/\/www.germanopratines.fr\/en\/wp-json\/wp\/v2\/tags?post=138928"}],"curies":[{"name":"wp","href":"https:\/\/api.w.org\/{rel}","templated":true}]}}