{"id":138915,"date":"2025-08-22T16:18:54","date_gmt":"2025-08-22T14:18:54","guid":{"rendered":"https:\/\/www.germanopratines.fr\/aurelien-serre\/"},"modified":"2026-02-11T21:24:30","modified_gmt":"2026-02-11T19:24:30","slug":"aurelien-serre","status":"publish","type":"post","link":"https:\/\/www.germanopratines.fr\/en\/decor\/art-deco-design\/aurelien-serre\/","title":{"rendered":"AURELIEN SERRE"},"content":{"rendered":"\n<figure class=\"wp-block-image size-large is-resized\"><a href=\"https:\/\/www.germanopratines.fr\/wp-content\/uploads\/2025\/08\/AURELIEN-SERRE-Paris-1.jpg\"><img decoding=\"async\" loading=\"lazy\" src=\"https:\/\/www.germanopratines.fr\/wp-content\/uploads\/2025\/08\/AURELIEN-SERRE-Paris-1-696x1030.jpg\" alt=\"\" class=\"wp-image-138902\" width=\"999\" height=\"1478\" srcset=\"https:\/\/www.germanopratines.fr\/wp-content\/uploads\/2025\/08\/AURELIEN-SERRE-Paris-1-696x1030.jpg 696w, https:\/\/www.germanopratines.fr\/wp-content\/uploads\/2025\/08\/AURELIEN-SERRE-Paris-1-203x300.jpg 203w, https:\/\/www.germanopratines.fr\/wp-content\/uploads\/2025\/08\/AURELIEN-SERRE-Paris-1-768x1137.jpg 768w, https:\/\/www.germanopratines.fr\/wp-content\/uploads\/2025\/08\/AURELIEN-SERRE-Paris-1-476x705.jpg 476w, https:\/\/www.germanopratines.fr\/wp-content\/uploads\/2025\/08\/AURELIEN-SERRE-Paris-1.jpg 975w\" sizes=\"(max-width: 999px) 100vw, 999px\" \/><\/a><\/figure>\n\n\n\n<div style=\"height:50px\" aria-hidden=\"true\" class=\"wp-block-spacer\"><\/div>\n\n\n\n<p>Aur\u00e9lien Serre studied architecture but quickly found himself unable to disown his passion for the design of the 60s and 70s. He then decided to present rare pieces at the Paul Bert Market, before opening his Gallery in the Carr\u00e9 Rive Gauche where he also shows his own creations.<\/p>\n\n\n\n<div style=\"height:51px\" aria-hidden=\"true\" class=\"wp-block-spacer\"><\/div>\n\n\n\n<figure class=\"wp-block-image size-large is-resized\"><a href=\"https:\/\/www.germanopratines.fr\/wp-content\/uploads\/2025\/08\/AURELIEN-SERRE-Paris-4.jpg\"><img decoding=\"async\" loading=\"lazy\" src=\"https:\/\/www.germanopratines.fr\/wp-content\/uploads\/2025\/08\/AURELIEN-SERRE-Paris-4-696x1030.jpg\" alt=\"\" class=\"wp-image-138909\" width=\"998\" height=\"1477\" srcset=\"https:\/\/www.germanopratines.fr\/wp-content\/uploads\/2025\/08\/AURELIEN-SERRE-Paris-4-696x1030.jpg 696w, https:\/\/www.germanopratines.fr\/wp-content\/uploads\/2025\/08\/AURELIEN-SERRE-Paris-4-203x300.jpg 203w, https:\/\/www.germanopratines.fr\/wp-content\/uploads\/2025\/08\/AURELIEN-SERRE-Paris-4-768x1137.jpg 768w, https:\/\/www.germanopratines.fr\/wp-content\/uploads\/2025\/08\/AURELIEN-SERRE-Paris-4-1037x1536.jpg 1037w, https:\/\/www.germanopratines.fr\/wp-content\/uploads\/2025\/08\/AURELIEN-SERRE-Paris-4-1013x1500.jpg 1013w, https:\/\/www.germanopratines.fr\/wp-content\/uploads\/2025\/08\/AURELIEN-SERRE-Paris-4-476x705.jpg 476w, https:\/\/www.germanopratines.fr\/wp-content\/uploads\/2025\/08\/AURELIEN-SERRE-Paris-4.jpg 1086w\" sizes=\"(max-width: 998px) 100vw, 998px\" \/><\/a><\/figure>\n\n\n\n<div style=\"height:49px\" aria-hidden=\"true\" class=\"wp-block-spacer\"><\/div>\n\n\n\n<figure class=\"wp-block-image size-large is-resized\"><a href=\"https:\/\/www.germanopratines.fr\/wp-content\/uploads\/2025\/08\/AURELIEN-SERRE-Paris-3.jpg\"><img decoding=\"async\" loading=\"lazy\" src=\"https:\/\/www.germanopratines.fr\/wp-content\/uploads\/2025\/08\/AURELIEN-SERRE-Paris-3-704x1030.jpg\" alt=\"\" class=\"wp-image-138906\" width=\"999\" height=\"1461\" srcset=\"https:\/\/www.germanopratines.fr\/wp-content\/uploads\/2025\/08\/AURELIEN-SERRE-Paris-3-704x1030.jpg 704w, https:\/\/www.germanopratines.fr\/wp-content\/uploads\/2025\/08\/AURELIEN-SERRE-Paris-3-205x300.jpg 205w, https:\/\/www.germanopratines.fr\/wp-content\/uploads\/2025\/08\/AURELIEN-SERRE-Paris-3-768x1123.jpg 768w, https:\/\/www.germanopratines.fr\/wp-content\/uploads\/2025\/08\/AURELIEN-SERRE-Paris-3-1050x1536.jpg 1050w, https:\/\/www.germanopratines.fr\/wp-content\/uploads\/2025\/08\/AURELIEN-SERRE-Paris-3-1026x1500.jpg 1026w, https:\/\/www.germanopratines.fr\/wp-content\/uploads\/2025\/08\/AURELIEN-SERRE-Paris-3-482x705.jpg 482w, https:\/\/www.germanopratines.fr\/wp-content\/uploads\/2025\/08\/AURELIEN-SERRE-Paris-3.jpg 1125w\" sizes=\"(max-width: 999px) 100vw, 999px\" \/><\/a><\/figure>\n\n\n\n<div style=\"height:100px\" aria-hidden=\"true\" class=\"wp-block-spacer\"><\/div>\n\n\n\n<h1 class=\"has-text-align-center\">AURELIEN SERRE<\/h1>\n\n\n\n<div style=\"height:24px\" aria-hidden=\"true\" class=\"wp-block-spacer\"><\/div>\n\n\n\n<h3 class=\"has-text-align-center\">2 rue des Saints-P\u00e8res 75007 Paris<\/h3>\n","protected":false},"excerpt":{"rendered":"<p>Aur\u00e9lien Serre studied architecture but quickly found himself unable to disown his passion for the design of the 60s and 70s. He then decided to present rare pieces at the Paul Bert Market, before opening his Gallery in the Carr\u00e9 Rive Gauche where he also shows his own creations. AURELIEN SERRE 2 rue des Saints-P\u00e8res [&hellip;]<\/p>\n","protected":false},"author":2,"featured_media":138912,"comment_status":"closed","ping_status":"open","sticky":false,"template":"","format":"standard","meta":[],"categories":[282],"tags":[],"yoast_head":"<!-- This site is optimized with the Yoast SEO plugin v20.1 - https:\/\/yoast.com\/wordpress\/plugins\/seo\/ -->\n<title>AURELIEN SERRE | Art Deco &amp; Design | City Guide Paris - De Saint-Germain des pr\u00e9s au Palais Royal | les Germanopratines<\/title>\n<meta name=\"description\" content=\"Aur\u00e9lien Serre studied architecture but quickly found himself unable to disown his passion for the design of the 60s and 70s. He then decided to present\" \/>\n<meta name=\"robots\" content=\"index, follow, max-snippet:-1, max-image-preview:large, max-video-preview:-1\" \/>\n<link rel=\"canonical\" href=\"https:\/\/www.germanopratines.fr\/en\/decor\/art-deco-design\/aurelien-serre\/\" \/>\n<meta property=\"og:locale\" content=\"en_US\" \/>\n<meta property=\"og:type\" content=\"article\" \/>\n<meta property=\"og:title\" content=\"AURELIEN SERRE | Art Deco &amp; Design | City Guide Paris - De Saint-Germain des pr\u00e9s au Palais Royal | les Germanopratines\" \/>\n<meta property=\"og:description\" content=\"Aur\u00e9lien Serre studied architecture but quickly found himself unable to disown his passion for the design of the 60s and 70s. He then decided to present\" \/>\n<meta property=\"og:url\" content=\"https:\/\/www.germanopratines.fr\/en\/decor\/art-deco-design\/aurelien-serre\/\" \/>\n<meta property=\"og:site_name\" content=\"les Germanopratines\" \/>\n<meta property=\"article:publisher\" content=\"https:\/\/www.facebook.com\/lesGermanopratines\/\" \/>\n<meta property=\"article:published_time\" content=\"2025-08-22T14:18:54+00:00\" \/>\n<meta property=\"article:modified_time\" content=\"2026-02-11T19:24:30+00:00\" \/>\n<meta property=\"og:image\" content=\"https:\/\/www.germanopratines.fr\/wp-content\/uploads\/2025\/08\/AURELIEN-SERRE-Paris-5.jpg\" \/>\n\t<meta property=\"og:image:width\" content=\"1125\" \/>\n\t<meta property=\"og:image:height\" content=\"1307\" \/>\n\t<meta property=\"og:image:type\" content=\"image\/jpeg\" \/>\n<meta name=\"author\" content=\"H\u00e9l\u00e8ne\" \/>\n<meta name=\"twitter:card\" content=\"summary_large_image\" \/>\n<meta name=\"twitter:label1\" content=\"Written by\" \/>\n\t<meta name=\"twitter:data1\" content=\"H\u00e9l\u00e8ne\" \/>\n\t<meta name=\"twitter:label2\" content=\"Est. reading time\" \/>\n\t<meta name=\"twitter:data2\" content=\"1 minute\" \/>\n<script type=\"application\/ld+json\" class=\"yoast-schema-graph\">{\"@context\":\"https:\/\/schema.org\",\"@graph\":[{\"@type\":\"WebPage\",\"@id\":\"https:\/\/www.germanopratines.fr\/en\/decor\/art-deco-design\/aurelien-serre\/\",\"url\":\"https:\/\/www.germanopratines.fr\/en\/decor\/art-deco-design\/aurelien-serre\/\",\"name\":\"AURELIEN SERRE | Art Deco &amp; Design | City Guide Paris - De Saint-Germain des pr\u00e9s au Palais Royal | les Germanopratines\",\"isPartOf\":{\"@id\":\"https:\/\/www.germanopratines.fr\/#website\"},\"datePublished\":\"2025-08-22T14:18:54+00:00\",\"dateModified\":\"2026-02-11T19:24:30+00:00\",\"author\":{\"@id\":\"https:\/\/www.germanopratines.fr\/#\/schema\/person\/43c18b9b6ab0cb9aeb48d095821db016\"},\"description\":\"Aur\u00e9lien Serre studied architecture but quickly found himself unable to disown his passion for the design of the 60s and 70s. He then decided to present\",\"breadcrumb\":{\"@id\":\"https:\/\/www.germanopratines.fr\/en\/decor\/art-deco-design\/aurelien-serre\/#breadcrumb\"},\"inLanguage\":\"en-US\",\"potentialAction\":[{\"@type\":\"ReadAction\",\"target\":[\"https:\/\/www.germanopratines.fr\/en\/decor\/art-deco-design\/aurelien-serre\/\"]}]},{\"@type\":\"BreadcrumbList\",\"@id\":\"https:\/\/www.germanopratines.fr\/en\/decor\/art-deco-design\/aurelien-serre\/#breadcrumb\",\"itemListElement\":[{\"@type\":\"ListItem\",\"position\":1,\"name\":\"Accueil\",\"item\":\"https:\/\/www.germanopratines.fr\/en\/home-2\/\"},{\"@type\":\"ListItem\",\"position\":2,\"name\":\"AURELIEN SERRE\"}]},{\"@type\":\"WebSite\",\"@id\":\"https:\/\/www.germanopratines.fr\/#website\",\"url\":\"https:\/\/www.germanopratines.fr\/\",\"name\":\"les Germanopratines\",\"description\":\"City Guide Paris - De Saint-Germain des pr\u00e9s au Palais Royal\",\"potentialAction\":[{\"@type\":\"SearchAction\",\"target\":{\"@type\":\"EntryPoint\",\"urlTemplate\":\"https:\/\/www.germanopratines.fr\/?s={search_term_string}\"},\"query-input\":\"required name=search_term_string\"}],\"inLanguage\":\"en-US\"},{\"@type\":\"Person\",\"@id\":\"https:\/\/www.germanopratines.fr\/#\/schema\/person\/43c18b9b6ab0cb9aeb48d095821db016\",\"name\":\"H\u00e9l\u00e8ne\",\"sameAs\":[\"https:\/\/www.germanopratines.fr\"]}]}<\/script>\n<!-- \/ Yoast SEO plugin. -->","yoast_head_json":{"title":"AURELIEN SERRE | Art Deco &amp; Design | City Guide Paris - De Saint-Germain des pr\u00e9s au Palais Royal | les Germanopratines","description":"Aur\u00e9lien Serre studied architecture but quickly found himself unable to disown his passion for the design of the 60s and 70s. He then decided to present","robots":{"index":"index","follow":"follow","max-snippet":"max-snippet:-1","max-image-preview":"max-image-preview:large","max-video-preview":"max-video-preview:-1"},"canonical":"https:\/\/www.germanopratines.fr\/en\/decor\/art-deco-design\/aurelien-serre\/","og_locale":"en_US","og_type":"article","og_title":"AURELIEN SERRE | Art Deco &amp; Design | City Guide Paris - De Saint-Germain des pr\u00e9s au Palais Royal | les Germanopratines","og_description":"Aur\u00e9lien Serre studied architecture but quickly found himself unable to disown his passion for the design of the 60s and 70s. He then decided to present","og_url":"https:\/\/www.germanopratines.fr\/en\/decor\/art-deco-design\/aurelien-serre\/","og_site_name":"les Germanopratines","article_publisher":"https:\/\/www.facebook.com\/lesGermanopratines\/","article_published_time":"2025-08-22T14:18:54+00:00","article_modified_time":"2026-02-11T19:24:30+00:00","og_image":[{"width":1125,"height":1307,"url":"https:\/\/www.germanopratines.fr\/wp-content\/uploads\/2025\/08\/AURELIEN-SERRE-Paris-5.jpg","type":"image\/jpeg"}],"author":"H\u00e9l\u00e8ne","twitter_card":"summary_large_image","twitter_misc":{"Written by":"H\u00e9l\u00e8ne","Est. reading time":"1 minute"},"schema":{"@context":"https:\/\/schema.org","@graph":[{"@type":"WebPage","@id":"https:\/\/www.germanopratines.fr\/en\/decor\/art-deco-design\/aurelien-serre\/","url":"https:\/\/www.germanopratines.fr\/en\/decor\/art-deco-design\/aurelien-serre\/","name":"AURELIEN SERRE | Art Deco &amp; Design | City Guide Paris - De Saint-Germain des pr\u00e9s au Palais Royal | les Germanopratines","isPartOf":{"@id":"https:\/\/www.germanopratines.fr\/#website"},"datePublished":"2025-08-22T14:18:54+00:00","dateModified":"2026-02-11T19:24:30+00:00","author":{"@id":"https:\/\/www.germanopratines.fr\/#\/schema\/person\/43c18b9b6ab0cb9aeb48d095821db016"},"description":"Aur\u00e9lien Serre studied architecture but quickly found himself unable to disown his passion for the design of the 60s and 70s. He then decided to present","breadcrumb":{"@id":"https:\/\/www.germanopratines.fr\/en\/decor\/art-deco-design\/aurelien-serre\/#breadcrumb"},"inLanguage":"en-US","potentialAction":[{"@type":"ReadAction","target":["https:\/\/www.germanopratines.fr\/en\/decor\/art-deco-design\/aurelien-serre\/"]}]},{"@type":"BreadcrumbList","@id":"https:\/\/www.germanopratines.fr\/en\/decor\/art-deco-design\/aurelien-serre\/#breadcrumb","itemListElement":[{"@type":"ListItem","position":1,"name":"Accueil","item":"https:\/\/www.germanopratines.fr\/en\/home-2\/"},{"@type":"ListItem","position":2,"name":"AURELIEN SERRE"}]},{"@type":"WebSite","@id":"https:\/\/www.germanopratines.fr\/#website","url":"https:\/\/www.germanopratines.fr\/","name":"les Germanopratines","description":"City Guide Paris - De Saint-Germain des pr\u00e9s au Palais Royal","potentialAction":[{"@type":"SearchAction","target":{"@type":"EntryPoint","urlTemplate":"https:\/\/www.germanopratines.fr\/?s={search_term_string}"},"query-input":"required name=search_term_string"}],"inLanguage":"en-US"},{"@type":"Person","@id":"https:\/\/www.germanopratines.fr\/#\/schema\/person\/43c18b9b6ab0cb9aeb48d095821db016","name":"H\u00e9l\u00e8ne","sameAs":["https:\/\/www.germanopratines.fr"]}]}},"_links":{"self":[{"href":"https:\/\/www.germanopratines.fr\/en\/wp-json\/wp\/v2\/posts\/138915"}],"collection":[{"href":"https:\/\/www.germanopratines.fr\/en\/wp-json\/wp\/v2\/posts"}],"about":[{"href":"https:\/\/www.germanopratines.fr\/en\/wp-json\/wp\/v2\/types\/post"}],"author":[{"embeddable":true,"href":"https:\/\/www.germanopratines.fr\/en\/wp-json\/wp\/v2\/users\/2"}],"replies":[{"embeddable":true,"href":"https:\/\/www.germanopratines.fr\/en\/wp-json\/wp\/v2\/comments?post=138915"}],"version-history":[{"count":2,"href":"https:\/\/www.germanopratines.fr\/en\/wp-json\/wp\/v2\/posts\/138915\/revisions"}],"predecessor-version":[{"id":141069,"href":"https:\/\/www.germanopratines.fr\/en\/wp-json\/wp\/v2\/posts\/138915\/revisions\/141069"}],"wp:featuredmedia":[{"embeddable":true,"href":"https:\/\/www.germanopratines.fr\/en\/wp-json\/wp\/v2\/media\/138912"}],"wp:attachment":[{"href":"https:\/\/www.germanopratines.fr\/en\/wp-json\/wp\/v2\/media?parent=138915"}],"wp:term":[{"taxonomy":"category","embeddable":true,"href":"https:\/\/www.germanopratines.fr\/en\/wp-json\/wp\/v2\/categories?post=138915"},{"taxonomy":"post_tag","embeddable":true,"href":"https:\/\/www.germanopratines.fr\/en\/wp-json\/wp\/v2\/tags?post=138915"}],"curies":[{"name":"wp","href":"https:\/\/api.w.org\/{rel}","templated":true}]}}