{"id":138875,"date":"2025-08-20T08:14:18","date_gmt":"2025-08-20T06:14:18","guid":{"rendered":"https:\/\/www.germanopratines.fr\/maria-de-la-orden\/"},"modified":"2026-02-10T09:50:29","modified_gmt":"2026-02-10T07:50:29","slug":"maria-de-la-orden","status":"publish","type":"post","link":"https:\/\/www.germanopratines.fr\/en\/appearance\/fashion\/maria-de-la-orden\/","title":{"rendered":"MARIA DE LA ORDEN"},"content":{"rendered":"\n<figure class=\"wp-block-image size-large is-resized\"><a href=\"https:\/\/www.germanopratines.fr\/wp-content\/uploads\/2025\/08\/MARIA-DE-LA-ORDEN-1.jpg\"><img decoding=\"async\" loading=\"lazy\" src=\"https:\/\/www.germanopratines.fr\/wp-content\/uploads\/2025\/08\/MARIA-DE-LA-ORDEN-1-1030x684.jpg\" alt=\"\" class=\"wp-image-138844\" width=\"1002\" height=\"665\" srcset=\"https:\/\/www.germanopratines.fr\/wp-content\/uploads\/2025\/08\/MARIA-DE-LA-ORDEN-1-1030x684.jpg 1030w, https:\/\/www.germanopratines.fr\/wp-content\/uploads\/2025\/08\/MARIA-DE-LA-ORDEN-1-300x199.jpg 300w, https:\/\/www.germanopratines.fr\/wp-content\/uploads\/2025\/08\/MARIA-DE-LA-ORDEN-1-768x510.jpg 768w, https:\/\/www.germanopratines.fr\/wp-content\/uploads\/2025\/08\/MARIA-DE-LA-ORDEN-1-705x468.jpg 705w, https:\/\/www.germanopratines.fr\/wp-content\/uploads\/2025\/08\/MARIA-DE-LA-ORDEN-1.jpg 1122w\" sizes=\"(max-width: 1002px) 100vw, 1002px\" \/><\/a><\/figure>\n\n\n\n<div style=\"height:36px\" aria-hidden=\"true\" class=\"wp-block-spacer\"><\/div>\n\n\n\n<p>A bohemian-chic wardrobe with touches of British and Iberian extravagance\u2014that&#8217;s the style and originality of Maria De La Orden&#8217;s eponymous brand. In 2019, after a trip to Peru, she launched a small collection of clothing made from artisanal fabrics. What began as a hobby quickly became a career, as Maria&#8217;s style enjoyed dazzling success. She then partnered with Laure de la Revelli\u00e8re and named her label after her, as it embodies her own style: collars, smocking, bows\u2014all preppy codes that she twists and combines with vintage cuts with an inimitable touch.<\/p>\n\n\n\n<div style=\"height:45px\" aria-hidden=\"true\" class=\"wp-block-spacer\"><\/div>\n\n\n\n<h2 class=\"has-text-align-center\">SPRING \/ SUMMER 2026<\/h2>\n\n\n\n<div style=\"height:40px\" aria-hidden=\"true\" class=\"wp-block-spacer\"><\/div>\n\n\n\n<figure class=\"wp-block-image size-large is-resized\"><a href=\"https:\/\/www.germanopratines.fr\/wp-content\/uploads\/2025\/08\/MARIA-DE-LA-ORDEN-SS-2026-1.webp\"><img decoding=\"async\" loading=\"lazy\" src=\"https:\/\/www.germanopratines.fr\/wp-content\/uploads\/2025\/08\/MARIA-DE-LA-ORDEN-SS-2026-1-687x1030.webp\" alt=\"\" class=\"wp-image-140427\" width=\"1030\" height=\"1544\" srcset=\"https:\/\/www.germanopratines.fr\/wp-content\/uploads\/2025\/08\/MARIA-DE-LA-ORDEN-SS-2026-1-687x1030.webp 687w, https:\/\/www.germanopratines.fr\/wp-content\/uploads\/2025\/08\/MARIA-DE-LA-ORDEN-SS-2026-1-200x300.webp 200w, https:\/\/www.germanopratines.fr\/wp-content\/uploads\/2025\/08\/MARIA-DE-LA-ORDEN-SS-2026-1-768x1152.webp 768w, https:\/\/www.germanopratines.fr\/wp-content\/uploads\/2025\/08\/MARIA-DE-LA-ORDEN-SS-2026-1-470x705.webp 470w, https:\/\/www.germanopratines.fr\/wp-content\/uploads\/2025\/08\/MARIA-DE-LA-ORDEN-SS-2026-1.webp 900w\" sizes=\"(max-width: 1030px) 100vw, 1030px\" \/><\/a><\/figure>\n\n\n\n<div style=\"height:25px\" aria-hidden=\"true\" class=\"wp-block-spacer\"><\/div>\n\n\n\n<figure class=\"wp-block-image size-large is-resized\"><a href=\"https:\/\/www.germanopratines.fr\/wp-content\/uploads\/2025\/08\/MARIA-DE-LA-ORDEN-SS-2026-2.webp\"><img decoding=\"async\" loading=\"lazy\" src=\"https:\/\/www.germanopratines.fr\/wp-content\/uploads\/2025\/08\/MARIA-DE-LA-ORDEN-SS-2026-2-687x1030.webp\" alt=\"\" class=\"wp-image-140430\" width=\"1031\" height=\"1546\" srcset=\"https:\/\/www.germanopratines.fr\/wp-content\/uploads\/2025\/08\/MARIA-DE-LA-ORDEN-SS-2026-2-687x1030.webp 687w, https:\/\/www.germanopratines.fr\/wp-content\/uploads\/2025\/08\/MARIA-DE-LA-ORDEN-SS-2026-2-200x300.webp 200w, https:\/\/www.germanopratines.fr\/wp-content\/uploads\/2025\/08\/MARIA-DE-LA-ORDEN-SS-2026-2-768x1152.webp 768w, https:\/\/www.germanopratines.fr\/wp-content\/uploads\/2025\/08\/MARIA-DE-LA-ORDEN-SS-2026-2-470x705.webp 470w, https:\/\/www.germanopratines.fr\/wp-content\/uploads\/2025\/08\/MARIA-DE-LA-ORDEN-SS-2026-2.webp 900w\" sizes=\"(max-width: 1031px) 100vw, 1031px\" \/><\/a><\/figure>\n\n\n\n<div style=\"height:24px\" aria-hidden=\"true\" class=\"wp-block-spacer\"><\/div>\n\n\n\n<figure class=\"wp-block-image size-large is-resized\"><a href=\"https:\/\/www.germanopratines.fr\/wp-content\/uploads\/2025\/08\/MARIA-DE-LA-ORDEN-SS-2026-3.webp\"><img decoding=\"async\" loading=\"lazy\" src=\"https:\/\/www.germanopratines.fr\/wp-content\/uploads\/2025\/08\/MARIA-DE-LA-ORDEN-SS-2026-3-687x1030.webp\" alt=\"\" class=\"wp-image-140432\" width=\"1016\" height=\"1524\" srcset=\"https:\/\/www.germanopratines.fr\/wp-content\/uploads\/2025\/08\/MARIA-DE-LA-ORDEN-SS-2026-3-687x1030.webp 687w, https:\/\/www.germanopratines.fr\/wp-content\/uploads\/2025\/08\/MARIA-DE-LA-ORDEN-SS-2026-3-200x300.webp 200w, https:\/\/www.germanopratines.fr\/wp-content\/uploads\/2025\/08\/MARIA-DE-LA-ORDEN-SS-2026-3-768x1152.webp 768w, https:\/\/www.germanopratines.fr\/wp-content\/uploads\/2025\/08\/MARIA-DE-LA-ORDEN-SS-2026-3-470x705.webp 470w, https:\/\/www.germanopratines.fr\/wp-content\/uploads\/2025\/08\/MARIA-DE-LA-ORDEN-SS-2026-3.webp 900w\" sizes=\"(max-width: 1016px) 100vw, 1016px\" \/><\/a><\/figure>\n\n\n\n<div style=\"height:24px\" aria-hidden=\"true\" class=\"wp-block-spacer\"><\/div>\n\n\n\n<figure class=\"wp-block-image size-large is-resized\"><a href=\"https:\/\/www.germanopratines.fr\/wp-content\/uploads\/2025\/08\/MARIA-DE-LA-ORDEN-SS-2026-4.webp\"><img decoding=\"async\" loading=\"lazy\" src=\"https:\/\/www.germanopratines.fr\/wp-content\/uploads\/2025\/08\/MARIA-DE-LA-ORDEN-SS-2026-4-687x1030.webp\" alt=\"\" class=\"wp-image-140434\" width=\"1026\" height=\"1539\" srcset=\"https:\/\/www.germanopratines.fr\/wp-content\/uploads\/2025\/08\/MARIA-DE-LA-ORDEN-SS-2026-4-687x1030.webp 687w, https:\/\/www.germanopratines.fr\/wp-content\/uploads\/2025\/08\/MARIA-DE-LA-ORDEN-SS-2026-4-200x300.webp 200w, https:\/\/www.germanopratines.fr\/wp-content\/uploads\/2025\/08\/MARIA-DE-LA-ORDEN-SS-2026-4-768x1152.webp 768w, https:\/\/www.germanopratines.fr\/wp-content\/uploads\/2025\/08\/MARIA-DE-LA-ORDEN-SS-2026-4-470x705.webp 470w, https:\/\/www.germanopratines.fr\/wp-content\/uploads\/2025\/08\/MARIA-DE-LA-ORDEN-SS-2026-4.webp 900w\" sizes=\"(max-width: 1026px) 100vw, 1026px\" \/><\/a><\/figure>\n\n\n\n<div style=\"height:26px\" aria-hidden=\"true\" class=\"wp-block-spacer\"><\/div>\n\n\n\n<figure class=\"wp-block-image size-large is-resized\"><a href=\"https:\/\/www.germanopratines.fr\/wp-content\/uploads\/2025\/08\/MARIA-DE-LA-ORDEN-SS-2026-5.webp\"><img decoding=\"async\" loading=\"lazy\" src=\"https:\/\/www.germanopratines.fr\/wp-content\/uploads\/2025\/08\/MARIA-DE-LA-ORDEN-SS-2026-5-687x1030.webp\" alt=\"\" class=\"wp-image-140436\" width=\"1029\" height=\"1543\" srcset=\"https:\/\/www.germanopratines.fr\/wp-content\/uploads\/2025\/08\/MARIA-DE-LA-ORDEN-SS-2026-5-687x1030.webp 687w, https:\/\/www.germanopratines.fr\/wp-content\/uploads\/2025\/08\/MARIA-DE-LA-ORDEN-SS-2026-5-200x300.webp 200w, https:\/\/www.germanopratines.fr\/wp-content\/uploads\/2025\/08\/MARIA-DE-LA-ORDEN-SS-2026-5-768x1152.webp 768w, https:\/\/www.germanopratines.fr\/wp-content\/uploads\/2025\/08\/MARIA-DE-LA-ORDEN-SS-2026-5-470x705.webp 470w, https:\/\/www.germanopratines.fr\/wp-content\/uploads\/2025\/08\/MARIA-DE-LA-ORDEN-SS-2026-5.webp 900w\" sizes=\"(max-width: 1029px) 100vw, 1029px\" \/><\/a><\/figure>\n\n\n\n<div style=\"height:24px\" aria-hidden=\"true\" class=\"wp-block-spacer\"><\/div>\n\n\n\n<figure class=\"wp-block-image size-large is-resized\"><a href=\"https:\/\/www.germanopratines.fr\/wp-content\/uploads\/2025\/08\/MARIA-DE-LA-ORDEN-SS-2026-6.webp\"><img decoding=\"async\" loading=\"lazy\" src=\"https:\/\/www.germanopratines.fr\/wp-content\/uploads\/2025\/08\/MARIA-DE-LA-ORDEN-SS-2026-6-687x1030.webp\" alt=\"\" class=\"wp-image-140438\" width=\"1025\" height=\"1537\" srcset=\"https:\/\/www.germanopratines.fr\/wp-content\/uploads\/2025\/08\/MARIA-DE-LA-ORDEN-SS-2026-6-687x1030.webp 687w, https:\/\/www.germanopratines.fr\/wp-content\/uploads\/2025\/08\/MARIA-DE-LA-ORDEN-SS-2026-6-200x300.webp 200w, https:\/\/www.germanopratines.fr\/wp-content\/uploads\/2025\/08\/MARIA-DE-LA-ORDEN-SS-2026-6-768x1152.webp 768w, https:\/\/www.germanopratines.fr\/wp-content\/uploads\/2025\/08\/MARIA-DE-LA-ORDEN-SS-2026-6-470x705.webp 470w, https:\/\/www.germanopratines.fr\/wp-content\/uploads\/2025\/08\/MARIA-DE-LA-ORDEN-SS-2026-6.webp 900w\" sizes=\"(max-width: 1025px) 100vw, 1025px\" \/><\/a><\/figure>\n\n\n\n<div style=\"height:100px\" aria-hidden=\"true\" class=\"wp-block-spacer\"><\/div>\n\n\n\n<h1 class=\"has-text-align-center\">MARIA DE LA ORDEN<\/h1>\n\n\n\n<div style=\"height:22px\" aria-hidden=\"true\" class=\"wp-block-spacer\"><\/div>\n\n\n\n<h3 class=\"has-text-align-center\">38 rue de l&#8217;Universit\u00e9 75007 Paris<\/h3>\n","protected":false},"excerpt":{"rendered":"<p>A bohemian-chic wardrobe with touches of British and Iberian extravagance\u2014that&#8217;s the style and originality of Maria De La Orden&#8217;s eponymous brand. In 2019, after a trip to Peru, she launched a small collection of clothing made from artisanal fabrics. What began as a hobby quickly became a career, as Maria&#8217;s style enjoyed dazzling success. She [&hellip;]<\/p>\n","protected":false},"author":2,"featured_media":140989,"comment_status":"closed","ping_status":"open","sticky":false,"template":"","format":"standard","meta":[],"categories":[262],"tags":[],"yoast_head":"<!-- This site is optimized with the Yoast SEO plugin v20.1 - https:\/\/yoast.com\/wordpress\/plugins\/seo\/ -->\n<title>MARIA DE LA ORDEN | City Guide Paris - De Saint-Germain des pr\u00e9s au Palais Royal | les Germanopratines<\/title>\n<meta name=\"description\" content=\"A bohemian-chic wardrobe with touches of British and Iberian extravagance\u2014that&#039;s the style and originality of Maria De La Orden&#039;s eponymous brand. In\" \/>\n<meta name=\"robots\" content=\"index, follow, max-snippet:-1, max-image-preview:large, max-video-preview:-1\" \/>\n<link rel=\"canonical\" href=\"https:\/\/www.germanopratines.fr\/en\/appearance\/fashion\/maria-de-la-orden\/\" \/>\n<meta property=\"og:locale\" content=\"en_US\" \/>\n<meta property=\"og:type\" content=\"article\" \/>\n<meta property=\"og:title\" content=\"MARIA DE LA ORDEN | City Guide Paris - De Saint-Germain des pr\u00e9s au Palais Royal | les Germanopratines\" \/>\n<meta property=\"og:description\" content=\"A bohemian-chic wardrobe with touches of British and Iberian extravagance\u2014that&#039;s the style and originality of Maria De La Orden&#039;s eponymous brand. In\" \/>\n<meta property=\"og:url\" content=\"https:\/\/www.germanopratines.fr\/en\/appearance\/fashion\/maria-de-la-orden\/\" \/>\n<meta property=\"og:site_name\" content=\"les Germanopratines\" \/>\n<meta property=\"article:publisher\" content=\"https:\/\/www.facebook.com\/lesGermanopratines\/\" \/>\n<meta property=\"article:published_time\" content=\"2025-08-20T06:14:18+00:00\" \/>\n<meta property=\"article:modified_time\" content=\"2026-02-10T07:50:29+00:00\" \/>\n<meta property=\"og:image\" content=\"https:\/\/www.germanopratines.fr\/wp-content\/uploads\/2025\/08\/IMG_6130.jpg\" \/>\n\t<meta property=\"og:image:width\" content=\"899\" \/>\n\t<meta property=\"og:image:height\" content=\"744\" \/>\n\t<meta property=\"og:image:type\" content=\"image\/jpeg\" \/>\n<meta name=\"author\" content=\"H\u00e9l\u00e8ne\" \/>\n<meta name=\"twitter:card\" content=\"summary_large_image\" \/>\n<meta name=\"twitter:label1\" content=\"Written by\" \/>\n\t<meta name=\"twitter:data1\" content=\"H\u00e9l\u00e8ne\" \/>\n\t<meta name=\"twitter:label2\" content=\"Est. reading time\" \/>\n\t<meta name=\"twitter:data2\" content=\"2 minutes\" \/>\n<script type=\"application\/ld+json\" class=\"yoast-schema-graph\">{\"@context\":\"https:\/\/schema.org\",\"@graph\":[{\"@type\":\"WebPage\",\"@id\":\"https:\/\/www.germanopratines.fr\/en\/appearance\/fashion\/maria-de-la-orden\/\",\"url\":\"https:\/\/www.germanopratines.fr\/en\/appearance\/fashion\/maria-de-la-orden\/\",\"name\":\"MARIA DE LA ORDEN | City Guide Paris - De Saint-Germain des pr\u00e9s au Palais Royal | les Germanopratines\",\"isPartOf\":{\"@id\":\"https:\/\/www.germanopratines.fr\/#website\"},\"datePublished\":\"2025-08-20T06:14:18+00:00\",\"dateModified\":\"2026-02-10T07:50:29+00:00\",\"author\":{\"@id\":\"https:\/\/www.germanopratines.fr\/#\/schema\/person\/43c18b9b6ab0cb9aeb48d095821db016\"},\"description\":\"A bohemian-chic wardrobe with touches of British and Iberian extravagance\u2014that's the style and originality of Maria De La Orden's eponymous brand. In\",\"breadcrumb\":{\"@id\":\"https:\/\/www.germanopratines.fr\/en\/appearance\/fashion\/maria-de-la-orden\/#breadcrumb\"},\"inLanguage\":\"en-US\",\"potentialAction\":[{\"@type\":\"ReadAction\",\"target\":[\"https:\/\/www.germanopratines.fr\/en\/appearance\/fashion\/maria-de-la-orden\/\"]}]},{\"@type\":\"BreadcrumbList\",\"@id\":\"https:\/\/www.germanopratines.fr\/en\/appearance\/fashion\/maria-de-la-orden\/#breadcrumb\",\"itemListElement\":[{\"@type\":\"ListItem\",\"position\":1,\"name\":\"Accueil\",\"item\":\"https:\/\/www.germanopratines.fr\/en\/home-2\/\"},{\"@type\":\"ListItem\",\"position\":2,\"name\":\"MARIA DE LA ORDEN\"}]},{\"@type\":\"WebSite\",\"@id\":\"https:\/\/www.germanopratines.fr\/#website\",\"url\":\"https:\/\/www.germanopratines.fr\/\",\"name\":\"les Germanopratines\",\"description\":\"City Guide Paris - De Saint-Germain des pr\u00e9s au Palais Royal\",\"potentialAction\":[{\"@type\":\"SearchAction\",\"target\":{\"@type\":\"EntryPoint\",\"urlTemplate\":\"https:\/\/www.germanopratines.fr\/?s={search_term_string}\"},\"query-input\":\"required name=search_term_string\"}],\"inLanguage\":\"en-US\"},{\"@type\":\"Person\",\"@id\":\"https:\/\/www.germanopratines.fr\/#\/schema\/person\/43c18b9b6ab0cb9aeb48d095821db016\",\"name\":\"H\u00e9l\u00e8ne\",\"sameAs\":[\"https:\/\/www.germanopratines.fr\"]}]}<\/script>\n<!-- \/ Yoast SEO plugin. -->","yoast_head_json":{"title":"MARIA DE LA ORDEN | City Guide Paris - De Saint-Germain des pr\u00e9s au Palais Royal | les Germanopratines","description":"A bohemian-chic wardrobe with touches of British and Iberian extravagance\u2014that's the style and originality of Maria De La Orden's eponymous brand. In","robots":{"index":"index","follow":"follow","max-snippet":"max-snippet:-1","max-image-preview":"max-image-preview:large","max-video-preview":"max-video-preview:-1"},"canonical":"https:\/\/www.germanopratines.fr\/en\/appearance\/fashion\/maria-de-la-orden\/","og_locale":"en_US","og_type":"article","og_title":"MARIA DE LA ORDEN | City Guide Paris - De Saint-Germain des pr\u00e9s au Palais Royal | les Germanopratines","og_description":"A bohemian-chic wardrobe with touches of British and Iberian extravagance\u2014that's the style and originality of Maria De La Orden's eponymous brand. In","og_url":"https:\/\/www.germanopratines.fr\/en\/appearance\/fashion\/maria-de-la-orden\/","og_site_name":"les Germanopratines","article_publisher":"https:\/\/www.facebook.com\/lesGermanopratines\/","article_published_time":"2025-08-20T06:14:18+00:00","article_modified_time":"2026-02-10T07:50:29+00:00","og_image":[{"width":899,"height":744,"url":"https:\/\/www.germanopratines.fr\/wp-content\/uploads\/2025\/08\/IMG_6130.jpg","type":"image\/jpeg"}],"author":"H\u00e9l\u00e8ne","twitter_card":"summary_large_image","twitter_misc":{"Written by":"H\u00e9l\u00e8ne","Est. reading time":"2 minutes"},"schema":{"@context":"https:\/\/schema.org","@graph":[{"@type":"WebPage","@id":"https:\/\/www.germanopratines.fr\/en\/appearance\/fashion\/maria-de-la-orden\/","url":"https:\/\/www.germanopratines.fr\/en\/appearance\/fashion\/maria-de-la-orden\/","name":"MARIA DE LA ORDEN | City Guide Paris - De Saint-Germain des pr\u00e9s au Palais Royal | les Germanopratines","isPartOf":{"@id":"https:\/\/www.germanopratines.fr\/#website"},"datePublished":"2025-08-20T06:14:18+00:00","dateModified":"2026-02-10T07:50:29+00:00","author":{"@id":"https:\/\/www.germanopratines.fr\/#\/schema\/person\/43c18b9b6ab0cb9aeb48d095821db016"},"description":"A bohemian-chic wardrobe with touches of British and Iberian extravagance\u2014that's the style and originality of Maria De La Orden's eponymous brand. In","breadcrumb":{"@id":"https:\/\/www.germanopratines.fr\/en\/appearance\/fashion\/maria-de-la-orden\/#breadcrumb"},"inLanguage":"en-US","potentialAction":[{"@type":"ReadAction","target":["https:\/\/www.germanopratines.fr\/en\/appearance\/fashion\/maria-de-la-orden\/"]}]},{"@type":"BreadcrumbList","@id":"https:\/\/www.germanopratines.fr\/en\/appearance\/fashion\/maria-de-la-orden\/#breadcrumb","itemListElement":[{"@type":"ListItem","position":1,"name":"Accueil","item":"https:\/\/www.germanopratines.fr\/en\/home-2\/"},{"@type":"ListItem","position":2,"name":"MARIA DE LA ORDEN"}]},{"@type":"WebSite","@id":"https:\/\/www.germanopratines.fr\/#website","url":"https:\/\/www.germanopratines.fr\/","name":"les Germanopratines","description":"City Guide Paris - De Saint-Germain des pr\u00e9s au Palais Royal","potentialAction":[{"@type":"SearchAction","target":{"@type":"EntryPoint","urlTemplate":"https:\/\/www.germanopratines.fr\/?s={search_term_string}"},"query-input":"required name=search_term_string"}],"inLanguage":"en-US"},{"@type":"Person","@id":"https:\/\/www.germanopratines.fr\/#\/schema\/person\/43c18b9b6ab0cb9aeb48d095821db016","name":"H\u00e9l\u00e8ne","sameAs":["https:\/\/www.germanopratines.fr"]}]}},"_links":{"self":[{"href":"https:\/\/www.germanopratines.fr\/en\/wp-json\/wp\/v2\/posts\/138875"}],"collection":[{"href":"https:\/\/www.germanopratines.fr\/en\/wp-json\/wp\/v2\/posts"}],"about":[{"href":"https:\/\/www.germanopratines.fr\/en\/wp-json\/wp\/v2\/types\/post"}],"author":[{"embeddable":true,"href":"https:\/\/www.germanopratines.fr\/en\/wp-json\/wp\/v2\/users\/2"}],"replies":[{"embeddable":true,"href":"https:\/\/www.germanopratines.fr\/en\/wp-json\/wp\/v2\/comments?post=138875"}],"version-history":[{"count":4,"href":"https:\/\/www.germanopratines.fr\/en\/wp-json\/wp\/v2\/posts\/138875\/revisions"}],"predecessor-version":[{"id":140443,"href":"https:\/\/www.germanopratines.fr\/en\/wp-json\/wp\/v2\/posts\/138875\/revisions\/140443"}],"wp:featuredmedia":[{"embeddable":true,"href":"https:\/\/www.germanopratines.fr\/en\/wp-json\/wp\/v2\/media\/140989"}],"wp:attachment":[{"href":"https:\/\/www.germanopratines.fr\/en\/wp-json\/wp\/v2\/media?parent=138875"}],"wp:term":[{"taxonomy":"category","embeddable":true,"href":"https:\/\/www.germanopratines.fr\/en\/wp-json\/wp\/v2\/categories?post=138875"},{"taxonomy":"post_tag","embeddable":true,"href":"https:\/\/www.germanopratines.fr\/en\/wp-json\/wp\/v2\/tags?post=138875"}],"curies":[{"name":"wp","href":"https:\/\/api.w.org\/{rel}","templated":true}]}}