{"id":137948,"date":"2025-05-11T17:48:16","date_gmt":"2025-05-11T15:48:16","guid":{"rendered":"https:\/\/www.germanopratines.fr\/officine-generale\/"},"modified":"2026-02-11T12:13:52","modified_gmt":"2026-02-11T10:13:52","slug":"officine-generale","status":"publish","type":"post","link":"https:\/\/www.germanopratines.fr\/en\/appearance\/fashion\/officine-generale\/","title":{"rendered":"OFFICINE GENERALE"},"content":{"rendered":"\n<figure class=\"wp-block-image size-large is-resized\"><a href=\"https:\/\/www.germanopratines.fr\/wp-content\/uploads\/2025\/05\/Pierre-Maheo-Officine-Generale.jpg\"><img decoding=\"async\" loading=\"lazy\" src=\"https:\/\/www.germanopratines.fr\/wp-content\/uploads\/2025\/05\/Pierre-Maheo-Officine-Generale-1030x675.jpg\" alt=\"\" class=\"wp-image-137941\" width=\"1032\" height=\"676\" srcset=\"https:\/\/www.germanopratines.fr\/wp-content\/uploads\/2025\/05\/Pierre-Maheo-Officine-Generale-1030x675.jpg 1030w, https:\/\/www.germanopratines.fr\/wp-content\/uploads\/2025\/05\/Pierre-Maheo-Officine-Generale-300x197.jpg 300w, https:\/\/www.germanopratines.fr\/wp-content\/uploads\/2025\/05\/Pierre-Maheo-Officine-Generale-768x503.jpg 768w, https:\/\/www.germanopratines.fr\/wp-content\/uploads\/2025\/05\/Pierre-Maheo-Officine-Generale-705x462.jpg 705w, https:\/\/www.germanopratines.fr\/wp-content\/uploads\/2025\/05\/Pierre-Maheo-Officine-Generale.jpg 1125w\" sizes=\"(max-width: 1032px) 100vw, 1032px\" \/><\/a><\/figure>\n\n\n\n<div style=\"height:48px\" aria-hidden=\"true\" class=\"wp-block-spacer\"><\/div>\n\n\n\n<p>Founded in 2012 by Pierre Mah\u00e9o, Officine G\u00e9n\u00e9rale was born in Saint-Germain-des-Pr\u00e9s before enjoying great success and opening new stores. Inspired by workwear and uniforms, Pierre Mah\u00e9o wanted to create a timeless, Parisian, chic, and stylish women&#8217;s and men&#8217;s wardrobe, favoring beautiful materials: the fabrics come from Italy, Japan, and Scotland, and the clothes are all made in Portugal. A must-have.<\/p>\n\n\n\n<div style=\"height:52px\" aria-hidden=\"true\" class=\"wp-block-spacer\"><\/div>\n\n\n\n<h2 class=\"has-text-align-center\">PRINTEMPS \/ ETE 2026<\/h2>\n\n\n\n<div style=\"height:35px\" aria-hidden=\"true\" class=\"wp-block-spacer\"><\/div>\n\n\n\n<figure class=\"wp-block-image size-large is-resized\"><a href=\"https:\/\/www.germanopratines.fr\/wp-content\/uploads\/2025\/05\/IMG_6145.jpg\"><img decoding=\"async\" loading=\"lazy\" src=\"https:\/\/www.germanopratines.fr\/wp-content\/uploads\/2025\/05\/IMG_6145-719x1030.jpg\" alt=\"\" class=\"wp-image-141015\" width=\"1023\" height=\"1466\" srcset=\"https:\/\/www.germanopratines.fr\/wp-content\/uploads\/2025\/05\/IMG_6145-719x1030.jpg 719w, https:\/\/www.germanopratines.fr\/wp-content\/uploads\/2025\/05\/IMG_6145-210x300.jpg 210w, https:\/\/www.germanopratines.fr\/wp-content\/uploads\/2025\/05\/IMG_6145-492x705.jpg 492w, https:\/\/www.germanopratines.fr\/wp-content\/uploads\/2025\/05\/IMG_6145.jpg 957w\" sizes=\"(max-width: 1023px) 100vw, 1023px\" \/><\/a><\/figure>\n\n\n\n<div style=\"height:36px\" aria-hidden=\"true\" class=\"wp-block-spacer\"><\/div>\n\n\n\n<figure class=\"wp-block-image size-large is-resized\"><a href=\"https:\/\/www.germanopratines.fr\/wp-content\/uploads\/2025\/05\/IMG_6142.jpg\"><img decoding=\"async\" loading=\"lazy\" src=\"https:\/\/www.germanopratines.fr\/wp-content\/uploads\/2025\/05\/IMG_6142-738x1030.jpg\" alt=\"\" class=\"wp-image-141017\" width=\"1041\" height=\"1454\" srcset=\"https:\/\/www.germanopratines.fr\/wp-content\/uploads\/2025\/05\/IMG_6142-738x1030.jpg 738w, https:\/\/www.germanopratines.fr\/wp-content\/uploads\/2025\/05\/IMG_6142-215x300.jpg 215w, https:\/\/www.germanopratines.fr\/wp-content\/uploads\/2025\/05\/IMG_6142-768x1072.jpg 768w, https:\/\/www.germanopratines.fr\/wp-content\/uploads\/2025\/05\/IMG_6142-505x705.jpg 505w, https:\/\/www.germanopratines.fr\/wp-content\/uploads\/2025\/05\/IMG_6142.jpg 930w\" sizes=\"(max-width: 1041px) 100vw, 1041px\" \/><\/a><\/figure>\n\n\n\n<div style=\"height:35px\" aria-hidden=\"true\" class=\"wp-block-spacer\"><\/div>\n\n\n\n<figure class=\"wp-block-image size-large is-resized\"><a href=\"https:\/\/www.germanopratines.fr\/wp-content\/uploads\/2025\/05\/IMG_6141.jpg\"><img decoding=\"async\" loading=\"lazy\" src=\"https:\/\/www.germanopratines.fr\/wp-content\/uploads\/2025\/05\/IMG_6141-727x1030.jpg\" alt=\"\" class=\"wp-image-141019\" width=\"1037\" height=\"1469\" srcset=\"https:\/\/www.germanopratines.fr\/wp-content\/uploads\/2025\/05\/IMG_6141-727x1030.jpg 727w, https:\/\/www.germanopratines.fr\/wp-content\/uploads\/2025\/05\/IMG_6141-212x300.jpg 212w, https:\/\/www.germanopratines.fr\/wp-content\/uploads\/2025\/05\/IMG_6141-768x1088.jpg 768w, https:\/\/www.germanopratines.fr\/wp-content\/uploads\/2025\/05\/IMG_6141-498x705.jpg 498w, https:\/\/www.germanopratines.fr\/wp-content\/uploads\/2025\/05\/IMG_6141.jpg 969w\" sizes=\"(max-width: 1037px) 100vw, 1037px\" \/><\/a><\/figure>\n\n\n\n<div style=\"height:36px\" aria-hidden=\"true\" class=\"wp-block-spacer\"><\/div>\n\n\n\n<figure class=\"wp-block-image size-large is-resized\"><a href=\"https:\/\/www.germanopratines.fr\/wp-content\/uploads\/2025\/05\/IMG_6139.jpg\"><img decoding=\"async\" loading=\"lazy\" src=\"https:\/\/www.germanopratines.fr\/wp-content\/uploads\/2025\/05\/IMG_6139-727x1030.jpg\" alt=\"\" class=\"wp-image-141023\" width=\"1035\" height=\"1467\" srcset=\"https:\/\/www.germanopratines.fr\/wp-content\/uploads\/2025\/05\/IMG_6139-727x1030.jpg 727w, https:\/\/www.germanopratines.fr\/wp-content\/uploads\/2025\/05\/IMG_6139-212x300.jpg 212w, https:\/\/www.germanopratines.fr\/wp-content\/uploads\/2025\/05\/IMG_6139-768x1089.jpg 768w, https:\/\/www.germanopratines.fr\/wp-content\/uploads\/2025\/05\/IMG_6139-497x705.jpg 497w, https:\/\/www.germanopratines.fr\/wp-content\/uploads\/2025\/05\/IMG_6139.jpg 975w\" sizes=\"(max-width: 1035px) 100vw, 1035px\" \/><\/a><\/figure>\n\n\n\n<div style=\"height:35px\" aria-hidden=\"true\" class=\"wp-block-spacer\"><\/div>\n\n\n\n<figure class=\"wp-block-image size-large is-resized\"><a href=\"https:\/\/www.germanopratines.fr\/wp-content\/uploads\/2025\/05\/IMG_6138.jpg\"><img decoding=\"async\" loading=\"lazy\" src=\"https:\/\/www.germanopratines.fr\/wp-content\/uploads\/2025\/05\/IMG_6138-747x1030.jpg\" alt=\"\" class=\"wp-image-141025\" width=\"1017\" height=\"1402\" srcset=\"https:\/\/www.germanopratines.fr\/wp-content\/uploads\/2025\/05\/IMG_6138-747x1030.jpg 747w, https:\/\/www.germanopratines.fr\/wp-content\/uploads\/2025\/05\/IMG_6138-218x300.jpg 218w, https:\/\/www.germanopratines.fr\/wp-content\/uploads\/2025\/05\/IMG_6138-768x1059.jpg 768w, https:\/\/www.germanopratines.fr\/wp-content\/uploads\/2025\/05\/IMG_6138-511x705.jpg 511w, https:\/\/www.germanopratines.fr\/wp-content\/uploads\/2025\/05\/IMG_6138.jpg 990w\" sizes=\"(max-width: 1017px) 100vw, 1017px\" \/><\/a><\/figure>\n\n\n\n<div style=\"height:35px\" aria-hidden=\"true\" class=\"wp-block-spacer\"><\/div>\n\n\n\n<figure class=\"wp-block-image size-large is-resized\"><a href=\"https:\/\/www.germanopratines.fr\/wp-content\/uploads\/2025\/05\/IMG_6140.jpg\"><img decoding=\"async\" loading=\"lazy\" src=\"https:\/\/www.germanopratines.fr\/wp-content\/uploads\/2025\/05\/IMG_6140-741x1030.jpg\" alt=\"\" class=\"wp-image-141021\" width=\"1020\" height=\"1418\" srcset=\"https:\/\/www.germanopratines.fr\/wp-content\/uploads\/2025\/05\/IMG_6140-741x1030.jpg 741w, https:\/\/www.germanopratines.fr\/wp-content\/uploads\/2025\/05\/IMG_6140-216x300.jpg 216w, https:\/\/www.germanopratines.fr\/wp-content\/uploads\/2025\/05\/IMG_6140-768x1068.jpg 768w, https:\/\/www.germanopratines.fr\/wp-content\/uploads\/2025\/05\/IMG_6140-507x705.jpg 507w, https:\/\/www.germanopratines.fr\/wp-content\/uploads\/2025\/05\/IMG_6140.jpg 956w\" sizes=\"(max-width: 1020px) 100vw, 1020px\" \/><\/a><\/figure>\n\n\n\n<div style=\"height:100px\" aria-hidden=\"true\" class=\"wp-block-spacer\"><\/div>\n\n\n\n<h1 class=\"has-text-align-center\">OFFICINE GENERALE<\/h1>\n\n\n\n<div style=\"height:28px\" aria-hidden=\"true\" class=\"wp-block-spacer\"><\/div>\n\n\n\n<h3 class=\"has-text-align-center\">19 rue du Dragon 75006 Paris<\/h3>\n","protected":false},"excerpt":{"rendered":"<p>Founded in 2012 by Pierre Mah\u00e9o, Officine G\u00e9n\u00e9rale was born in Saint-Germain-des-Pr\u00e9s before enjoying great success and opening new stores. Inspired by workwear and uniforms, Pierre Mah\u00e9o wanted to create a timeless, Parisian, chic, and stylish women&#8217;s and men&#8217;s wardrobe, favoring beautiful materials: the fabrics come from Italy, Japan, and Scotland, and the clothes are [&hellip;]<\/p>\n","protected":false},"author":2,"featured_media":141013,"comment_status":"closed","ping_status":"open","sticky":false,"template":"","format":"standard","meta":[],"categories":[262],"tags":[],"yoast_head":"<!-- This site is optimized with the Yoast SEO plugin v20.1 - https:\/\/yoast.com\/wordpress\/plugins\/seo\/ -->\n<title>OFFICINE GENERALE | Fashion | City Guide Paris - De Saint-Germain des pr\u00e9s au Palais Royal | les Germanopratines<\/title>\n<meta name=\"description\" content=\"Founded in 2012 by Pierre Mah\u00e9o, Officine G\u00e9n\u00e9rale was born in Saint-Germain-des-Pr\u00e9s before enjoying great success and opening new stores. Inspired by\" \/>\n<meta name=\"robots\" content=\"index, follow, max-snippet:-1, max-image-preview:large, max-video-preview:-1\" \/>\n<link rel=\"canonical\" href=\"https:\/\/www.germanopratines.fr\/en\/appearance\/fashion\/officine-generale\/\" \/>\n<meta property=\"og:locale\" content=\"en_US\" \/>\n<meta property=\"og:type\" content=\"article\" \/>\n<meta property=\"og:title\" content=\"OFFICINE GENERALE | Fashion | City Guide Paris - De Saint-Germain des pr\u00e9s au Palais Royal | les Germanopratines\" \/>\n<meta property=\"og:description\" content=\"Founded in 2012 by Pierre Mah\u00e9o, Officine G\u00e9n\u00e9rale was born in Saint-Germain-des-Pr\u00e9s before enjoying great success and opening new stores. Inspired by\" \/>\n<meta property=\"og:url\" content=\"https:\/\/www.germanopratines.fr\/en\/appearance\/fashion\/officine-generale\/\" \/>\n<meta property=\"og:site_name\" content=\"les Germanopratines\" \/>\n<meta property=\"article:publisher\" content=\"https:\/\/www.facebook.com\/lesGermanopratines\/\" \/>\n<meta property=\"article:published_time\" content=\"2025-05-11T15:48:16+00:00\" \/>\n<meta property=\"article:modified_time\" content=\"2026-02-11T10:13:52+00:00\" \/>\n<meta property=\"og:image\" content=\"https:\/\/www.germanopratines.fr\/wp-content\/uploads\/2025\/05\/IMG_6146.jpg\" \/>\n\t<meta property=\"og:image:width\" content=\"291\" \/>\n\t<meta property=\"og:image:height\" content=\"240\" \/>\n\t<meta property=\"og:image:type\" content=\"image\/jpeg\" \/>\n<meta name=\"author\" content=\"H\u00e9l\u00e8ne\" \/>\n<meta name=\"twitter:card\" content=\"summary_large_image\" \/>\n<meta name=\"twitter:label1\" content=\"Written by\" \/>\n\t<meta name=\"twitter:data1\" content=\"H\u00e9l\u00e8ne\" \/>\n\t<meta name=\"twitter:label2\" content=\"Est. reading time\" \/>\n\t<meta name=\"twitter:data2\" content=\"2 minutes\" \/>\n<script type=\"application\/ld+json\" class=\"yoast-schema-graph\">{\"@context\":\"https:\/\/schema.org\",\"@graph\":[{\"@type\":\"WebPage\",\"@id\":\"https:\/\/www.germanopratines.fr\/en\/appearance\/fashion\/officine-generale\/\",\"url\":\"https:\/\/www.germanopratines.fr\/en\/appearance\/fashion\/officine-generale\/\",\"name\":\"OFFICINE GENERALE | Fashion | City Guide Paris - De Saint-Germain des pr\u00e9s au Palais Royal | les Germanopratines\",\"isPartOf\":{\"@id\":\"https:\/\/www.germanopratines.fr\/#website\"},\"datePublished\":\"2025-05-11T15:48:16+00:00\",\"dateModified\":\"2026-02-11T10:13:52+00:00\",\"author\":{\"@id\":\"https:\/\/www.germanopratines.fr\/#\/schema\/person\/43c18b9b6ab0cb9aeb48d095821db016\"},\"description\":\"Founded in 2012 by Pierre Mah\u00e9o, Officine G\u00e9n\u00e9rale was born in Saint-Germain-des-Pr\u00e9s before enjoying great success and opening new stores. Inspired by\",\"breadcrumb\":{\"@id\":\"https:\/\/www.germanopratines.fr\/en\/appearance\/fashion\/officine-generale\/#breadcrumb\"},\"inLanguage\":\"en-US\",\"potentialAction\":[{\"@type\":\"ReadAction\",\"target\":[\"https:\/\/www.germanopratines.fr\/en\/appearance\/fashion\/officine-generale\/\"]}]},{\"@type\":\"BreadcrumbList\",\"@id\":\"https:\/\/www.germanopratines.fr\/en\/appearance\/fashion\/officine-generale\/#breadcrumb\",\"itemListElement\":[{\"@type\":\"ListItem\",\"position\":1,\"name\":\"Accueil\",\"item\":\"https:\/\/www.germanopratines.fr\/en\/home-2\/\"},{\"@type\":\"ListItem\",\"position\":2,\"name\":\"OFFICINE GENERALE\"}]},{\"@type\":\"WebSite\",\"@id\":\"https:\/\/www.germanopratines.fr\/#website\",\"url\":\"https:\/\/www.germanopratines.fr\/\",\"name\":\"les Germanopratines\",\"description\":\"City Guide Paris - De Saint-Germain des pr\u00e9s au Palais Royal\",\"potentialAction\":[{\"@type\":\"SearchAction\",\"target\":{\"@type\":\"EntryPoint\",\"urlTemplate\":\"https:\/\/www.germanopratines.fr\/?s={search_term_string}\"},\"query-input\":\"required name=search_term_string\"}],\"inLanguage\":\"en-US\"},{\"@type\":\"Person\",\"@id\":\"https:\/\/www.germanopratines.fr\/#\/schema\/person\/43c18b9b6ab0cb9aeb48d095821db016\",\"name\":\"H\u00e9l\u00e8ne\",\"sameAs\":[\"https:\/\/www.germanopratines.fr\"]}]}<\/script>\n<!-- \/ Yoast SEO plugin. -->","yoast_head_json":{"title":"OFFICINE GENERALE | Fashion | City Guide Paris - De Saint-Germain des pr\u00e9s au Palais Royal | les Germanopratines","description":"Founded in 2012 by Pierre Mah\u00e9o, Officine G\u00e9n\u00e9rale was born in Saint-Germain-des-Pr\u00e9s before enjoying great success and opening new stores. Inspired by","robots":{"index":"index","follow":"follow","max-snippet":"max-snippet:-1","max-image-preview":"max-image-preview:large","max-video-preview":"max-video-preview:-1"},"canonical":"https:\/\/www.germanopratines.fr\/en\/appearance\/fashion\/officine-generale\/","og_locale":"en_US","og_type":"article","og_title":"OFFICINE GENERALE | Fashion | City Guide Paris - De Saint-Germain des pr\u00e9s au Palais Royal | les Germanopratines","og_description":"Founded in 2012 by Pierre Mah\u00e9o, Officine G\u00e9n\u00e9rale was born in Saint-Germain-des-Pr\u00e9s before enjoying great success and opening new stores. Inspired by","og_url":"https:\/\/www.germanopratines.fr\/en\/appearance\/fashion\/officine-generale\/","og_site_name":"les Germanopratines","article_publisher":"https:\/\/www.facebook.com\/lesGermanopratines\/","article_published_time":"2025-05-11T15:48:16+00:00","article_modified_time":"2026-02-11T10:13:52+00:00","og_image":[{"width":291,"height":240,"url":"https:\/\/www.germanopratines.fr\/wp-content\/uploads\/2025\/05\/IMG_6146.jpg","type":"image\/jpeg"}],"author":"H\u00e9l\u00e8ne","twitter_card":"summary_large_image","twitter_misc":{"Written by":"H\u00e9l\u00e8ne","Est. reading time":"2 minutes"},"schema":{"@context":"https:\/\/schema.org","@graph":[{"@type":"WebPage","@id":"https:\/\/www.germanopratines.fr\/en\/appearance\/fashion\/officine-generale\/","url":"https:\/\/www.germanopratines.fr\/en\/appearance\/fashion\/officine-generale\/","name":"OFFICINE GENERALE | Fashion | City Guide Paris - De Saint-Germain des pr\u00e9s au Palais Royal | les Germanopratines","isPartOf":{"@id":"https:\/\/www.germanopratines.fr\/#website"},"datePublished":"2025-05-11T15:48:16+00:00","dateModified":"2026-02-11T10:13:52+00:00","author":{"@id":"https:\/\/www.germanopratines.fr\/#\/schema\/person\/43c18b9b6ab0cb9aeb48d095821db016"},"description":"Founded in 2012 by Pierre Mah\u00e9o, Officine G\u00e9n\u00e9rale was born in Saint-Germain-des-Pr\u00e9s before enjoying great success and opening new stores. Inspired by","breadcrumb":{"@id":"https:\/\/www.germanopratines.fr\/en\/appearance\/fashion\/officine-generale\/#breadcrumb"},"inLanguage":"en-US","potentialAction":[{"@type":"ReadAction","target":["https:\/\/www.germanopratines.fr\/en\/appearance\/fashion\/officine-generale\/"]}]},{"@type":"BreadcrumbList","@id":"https:\/\/www.germanopratines.fr\/en\/appearance\/fashion\/officine-generale\/#breadcrumb","itemListElement":[{"@type":"ListItem","position":1,"name":"Accueil","item":"https:\/\/www.germanopratines.fr\/en\/home-2\/"},{"@type":"ListItem","position":2,"name":"OFFICINE GENERALE"}]},{"@type":"WebSite","@id":"https:\/\/www.germanopratines.fr\/#website","url":"https:\/\/www.germanopratines.fr\/","name":"les Germanopratines","description":"City Guide Paris - De Saint-Germain des pr\u00e9s au Palais Royal","potentialAction":[{"@type":"SearchAction","target":{"@type":"EntryPoint","urlTemplate":"https:\/\/www.germanopratines.fr\/?s={search_term_string}"},"query-input":"required name=search_term_string"}],"inLanguage":"en-US"},{"@type":"Person","@id":"https:\/\/www.germanopratines.fr\/#\/schema\/person\/43c18b9b6ab0cb9aeb48d095821db016","name":"H\u00e9l\u00e8ne","sameAs":["https:\/\/www.germanopratines.fr"]}]}},"_links":{"self":[{"href":"https:\/\/www.germanopratines.fr\/en\/wp-json\/wp\/v2\/posts\/137948"}],"collection":[{"href":"https:\/\/www.germanopratines.fr\/en\/wp-json\/wp\/v2\/posts"}],"about":[{"href":"https:\/\/www.germanopratines.fr\/en\/wp-json\/wp\/v2\/types\/post"}],"author":[{"embeddable":true,"href":"https:\/\/www.germanopratines.fr\/en\/wp-json\/wp\/v2\/users\/2"}],"replies":[{"embeddable":true,"href":"https:\/\/www.germanopratines.fr\/en\/wp-json\/wp\/v2\/comments?post=137948"}],"version-history":[{"count":4,"href":"https:\/\/www.germanopratines.fr\/en\/wp-json\/wp\/v2\/posts\/137948\/revisions"}],"predecessor-version":[{"id":141028,"href":"https:\/\/www.germanopratines.fr\/en\/wp-json\/wp\/v2\/posts\/137948\/revisions\/141028"}],"wp:featuredmedia":[{"embeddable":true,"href":"https:\/\/www.germanopratines.fr\/en\/wp-json\/wp\/v2\/media\/141013"}],"wp:attachment":[{"href":"https:\/\/www.germanopratines.fr\/en\/wp-json\/wp\/v2\/media?parent=137948"}],"wp:term":[{"taxonomy":"category","embeddable":true,"href":"https:\/\/www.germanopratines.fr\/en\/wp-json\/wp\/v2\/categories?post=137948"},{"taxonomy":"post_tag","embeddable":true,"href":"https:\/\/www.germanopratines.fr\/en\/wp-json\/wp\/v2\/tags?post=137948"}],"curies":[{"name":"wp","href":"https:\/\/api.w.org\/{rel}","templated":true}]}}