{"id":131245,"date":"2023-09-01T10:53:57","date_gmt":"2023-09-01T08:53:57","guid":{"rendered":"https:\/\/www.germanopratines.fr\/galerie-romain-morandi\/"},"modified":"2026-02-11T21:29:36","modified_gmt":"2026-02-11T19:29:36","slug":"galerie-romain-morandi","status":"publish","type":"post","link":"https:\/\/www.germanopratines.fr\/en\/decor\/art-deco-design\/galerie-romain-morandi\/","title":{"rendered":"Galerie ROMAIN MORANDI"},"content":{"rendered":"\n<figure class=\"wp-block-image size-large is-resized\"><a href=\"https:\/\/www.germanopratines.fr\/wp-content\/uploads\/2023\/09\/Galerie-Romain-Morandi-5.jpg\"><img decoding=\"async\" loading=\"lazy\" src=\"https:\/\/www.germanopratines.fr\/wp-content\/uploads\/2023\/09\/Galerie-Romain-Morandi-5-962x1030.jpg\" alt=\"\" class=\"wp-image-131128\" width=\"1015\" height=\"1086\" srcset=\"https:\/\/www.germanopratines.fr\/wp-content\/uploads\/2023\/09\/Galerie-Romain-Morandi-5-962x1030.jpg 962w, https:\/\/www.germanopratines.fr\/wp-content\/uploads\/2023\/09\/Galerie-Romain-Morandi-5-280x300.jpg 280w, https:\/\/www.germanopratines.fr\/wp-content\/uploads\/2023\/09\/Galerie-Romain-Morandi-5-768x823.jpg 768w, https:\/\/www.germanopratines.fr\/wp-content\/uploads\/2023\/09\/Galerie-Romain-Morandi-5-658x705.jpg 658w, https:\/\/www.germanopratines.fr\/wp-content\/uploads\/2023\/09\/Galerie-Romain-Morandi-5.jpg 1125w\" sizes=\"(max-width: 1015px) 100vw, 1015px\" \/><\/a><\/figure>\n\n\n\n<div style=\"height:50px\" aria-hidden=\"true\" class=\"wp-block-spacer\"><\/div>\n\n\n\n<p>Romain Morandi is an art historian and in his gallery it is a transversal look at the history of decorative arts and design of the 20th century that he defends by presenting artists as different as Ettore Sottsass, George Nakashima, Josef Hoffmann, Pierre Charpin, Dan Friedman, Elizabeth de Portzamparc, Gustav Stickley, Nestor Perkal, Josef Hoffmann, Andrea Branzi, Frank Lloyd Wright, Martin Szekely, Elisabeth Garouste &amp; Mattia Bonetti, Alessandro Mendini Christian de Portzamparc, Jean Nouvel, Martin Szekely, Oscar Jespers, Robert Wilson, Jean-Michel Wilmotte \u2026. always striving to connect the different movements, Constructivism, Bauhaus, Art Deco, American Craft, Brutalism or even postmodernism, which have animated creation from 1890 to the present day .<\/p>\n\n\n\n<div style=\"height:50px\" aria-hidden=\"true\" class=\"wp-block-spacer\"><\/div>\n\n\n\n<figure class=\"wp-block-image size-large is-resized\"><a href=\"https:\/\/www.germanopratines.fr\/wp-content\/uploads\/2023\/09\/Galerie-Romain-Morandi-7.jpg\"><img decoding=\"async\" loading=\"lazy\" src=\"https:\/\/www.germanopratines.fr\/wp-content\/uploads\/2023\/09\/Galerie-Romain-Morandi-7-860x1030.jpg\" alt=\"\" class=\"wp-image-131132\" width=\"1020\" height=\"1222\" srcset=\"https:\/\/www.germanopratines.fr\/wp-content\/uploads\/2023\/09\/Galerie-Romain-Morandi-7-860x1030.jpg 860w, https:\/\/www.germanopratines.fr\/wp-content\/uploads\/2023\/09\/Galerie-Romain-Morandi-7-251x300.jpg 251w, https:\/\/www.germanopratines.fr\/wp-content\/uploads\/2023\/09\/Galerie-Romain-Morandi-7-768x920.jpg 768w, https:\/\/www.germanopratines.fr\/wp-content\/uploads\/2023\/09\/Galerie-Romain-Morandi-7-589x705.jpg 589w, https:\/\/www.germanopratines.fr\/wp-content\/uploads\/2023\/09\/Galerie-Romain-Morandi-7.jpg 1125w\" sizes=\"(max-width: 1020px) 100vw, 1020px\" \/><\/a><\/figure>\n\n\n\n<div style=\"height:50px\" aria-hidden=\"true\" class=\"wp-block-spacer\"><\/div>\n\n\n\n<figure class=\"wp-block-image size-large is-resized\"><a href=\"https:\/\/www.germanopratines.fr\/wp-content\/uploads\/2023\/09\/Galerie-Romain-Morandi-6.jpg\"><img decoding=\"async\" loading=\"lazy\" src=\"https:\/\/www.germanopratines.fr\/wp-content\/uploads\/2023\/09\/Galerie-Romain-Morandi-6-913x1030.jpg\" alt=\"\" class=\"wp-image-131130\" width=\"1044\" height=\"1177\" srcset=\"https:\/\/www.germanopratines.fr\/wp-content\/uploads\/2023\/09\/Galerie-Romain-Morandi-6-913x1030.jpg 913w, https:\/\/www.germanopratines.fr\/wp-content\/uploads\/2023\/09\/Galerie-Romain-Morandi-6-266x300.jpg 266w, https:\/\/www.germanopratines.fr\/wp-content\/uploads\/2023\/09\/Galerie-Romain-Morandi-6-768x866.jpg 768w, https:\/\/www.germanopratines.fr\/wp-content\/uploads\/2023\/09\/Galerie-Romain-Morandi-6-625x705.jpg 625w, https:\/\/www.germanopratines.fr\/wp-content\/uploads\/2023\/09\/Galerie-Romain-Morandi-6.jpg 1125w\" sizes=\"(max-width: 1044px) 100vw, 1044px\" \/><\/a><\/figure>\n\n\n\n<div style=\"height:100px\" aria-hidden=\"true\" class=\"wp-block-spacer\"><\/div>\n\n\n\n<h2 class=\"has-text-align-center\">Galerie ROMAIN MORANDI<\/h2>\n\n\n\n<div style=\"height:21px\" aria-hidden=\"true\" class=\"wp-block-spacer\"><\/div>\n\n\n\n<h3 class=\"has-text-align-center\">18 rue Gu\u00e9n\u00e9gaud 75006 Paris<\/h3>\n\n\n\n<div style=\"height:46px\" aria-hidden=\"true\" class=\"wp-block-spacer\"><\/div>\n","protected":false},"excerpt":{"rendered":"<p>Romain Morandi is an art historian and in his gallery it is a transversal look at the history of decorative arts and design of the 20th century that he defends by presenting artists as different as Ettore Sottsass, George Nakashima, Josef Hoffmann, Pierre Charpin, Dan Friedman, Elizabeth de Portzamparc, Gustav Stickley, Nestor Perkal, Josef Hoffmann, [&hellip;]<\/p>\n","protected":false},"author":2,"featured_media":131125,"comment_status":"closed","ping_status":"open","sticky":false,"template":"","format":"standard","meta":[],"categories":[282],"tags":[],"yoast_head":"<!-- This site is optimized with the Yoast SEO plugin v20.1 - https:\/\/yoast.com\/wordpress\/plugins\/seo\/ -->\n<title>Galerie ROMAIN MORANDI | Art Deco &amp; Design | City Guide Paris - De Saint-Germain des pr\u00e9s au Palais Royal | les Germanopratines<\/title>\n<meta name=\"description\" content=\"Romain Morandi is an art historian and in his gallery it is a transversal look at the history of decorative arts and design of the 20th century that he\" \/>\n<meta name=\"robots\" content=\"index, follow, max-snippet:-1, max-image-preview:large, max-video-preview:-1\" \/>\n<link rel=\"canonical\" href=\"https:\/\/www.germanopratines.fr\/en\/decor\/art-deco-design\/galerie-romain-morandi\/\" \/>\n<meta property=\"og:locale\" content=\"en_US\" \/>\n<meta property=\"og:type\" content=\"article\" \/>\n<meta property=\"og:title\" content=\"Galerie ROMAIN MORANDI | Art Deco &amp; Design | City Guide Paris - De Saint-Germain des pr\u00e9s au Palais Royal | les Germanopratines\" \/>\n<meta property=\"og:description\" content=\"Romain Morandi is an art historian and in his gallery it is a transversal look at the history of decorative arts and design of the 20th century that he\" \/>\n<meta property=\"og:url\" content=\"https:\/\/www.germanopratines.fr\/en\/decor\/art-deco-design\/galerie-romain-morandi\/\" \/>\n<meta property=\"og:site_name\" content=\"les Germanopratines\" \/>\n<meta property=\"article:publisher\" content=\"https:\/\/www.facebook.com\/lesGermanopratines\/\" \/>\n<meta property=\"article:published_time\" content=\"2023-09-01T08:53:57+00:00\" \/>\n<meta property=\"article:modified_time\" content=\"2026-02-11T19:29:36+00:00\" \/>\n<meta property=\"og:image\" content=\"https:\/\/www.germanopratines.fr\/wp-content\/uploads\/2023\/09\/GALERIE-ROMAIN-MORANDI-2.jpg\" \/>\n\t<meta property=\"og:image:width\" content=\"1125\" \/>\n\t<meta property=\"og:image:height\" content=\"1377\" \/>\n\t<meta property=\"og:image:type\" content=\"image\/jpeg\" \/>\n<meta name=\"author\" content=\"H\u00e9l\u00e8ne\" \/>\n<meta name=\"twitter:card\" content=\"summary_large_image\" \/>\n<meta name=\"twitter:label1\" content=\"Written by\" \/>\n\t<meta name=\"twitter:data1\" content=\"H\u00e9l\u00e8ne\" \/>\n\t<meta name=\"twitter:label2\" content=\"Est. reading time\" \/>\n\t<meta name=\"twitter:data2\" content=\"2 minutes\" \/>\n<script type=\"application\/ld+json\" class=\"yoast-schema-graph\">{\"@context\":\"https:\/\/schema.org\",\"@graph\":[{\"@type\":\"WebPage\",\"@id\":\"https:\/\/www.germanopratines.fr\/en\/decor\/art-deco-design\/galerie-romain-morandi\/\",\"url\":\"https:\/\/www.germanopratines.fr\/en\/decor\/art-deco-design\/galerie-romain-morandi\/\",\"name\":\"Galerie ROMAIN MORANDI | Art Deco &amp; Design | City Guide Paris - De Saint-Germain des pr\u00e9s au Palais Royal | les Germanopratines\",\"isPartOf\":{\"@id\":\"https:\/\/www.germanopratines.fr\/#website\"},\"datePublished\":\"2023-09-01T08:53:57+00:00\",\"dateModified\":\"2026-02-11T19:29:36+00:00\",\"author\":{\"@id\":\"https:\/\/www.germanopratines.fr\/#\/schema\/person\/43c18b9b6ab0cb9aeb48d095821db016\"},\"description\":\"Romain Morandi is an art historian and in his gallery it is a transversal look at the history of decorative arts and design of the 20th century that he\",\"breadcrumb\":{\"@id\":\"https:\/\/www.germanopratines.fr\/en\/decor\/art-deco-design\/galerie-romain-morandi\/#breadcrumb\"},\"inLanguage\":\"en-US\",\"potentialAction\":[{\"@type\":\"ReadAction\",\"target\":[\"https:\/\/www.germanopratines.fr\/en\/decor\/art-deco-design\/galerie-romain-morandi\/\"]}]},{\"@type\":\"BreadcrumbList\",\"@id\":\"https:\/\/www.germanopratines.fr\/en\/decor\/art-deco-design\/galerie-romain-morandi\/#breadcrumb\",\"itemListElement\":[{\"@type\":\"ListItem\",\"position\":1,\"name\":\"Accueil\",\"item\":\"https:\/\/www.germanopratines.fr\/en\/home-2\/\"},{\"@type\":\"ListItem\",\"position\":2,\"name\":\"Galerie ROMAIN MORANDI\"}]},{\"@type\":\"WebSite\",\"@id\":\"https:\/\/www.germanopratines.fr\/#website\",\"url\":\"https:\/\/www.germanopratines.fr\/\",\"name\":\"les Germanopratines\",\"description\":\"City Guide Paris - De Saint-Germain des pr\u00e9s au Palais Royal\",\"potentialAction\":[{\"@type\":\"SearchAction\",\"target\":{\"@type\":\"EntryPoint\",\"urlTemplate\":\"https:\/\/www.germanopratines.fr\/?s={search_term_string}\"},\"query-input\":\"required name=search_term_string\"}],\"inLanguage\":\"en-US\"},{\"@type\":\"Person\",\"@id\":\"https:\/\/www.germanopratines.fr\/#\/schema\/person\/43c18b9b6ab0cb9aeb48d095821db016\",\"name\":\"H\u00e9l\u00e8ne\",\"sameAs\":[\"https:\/\/www.germanopratines.fr\"]}]}<\/script>\n<!-- \/ Yoast SEO plugin. -->","yoast_head_json":{"title":"Galerie ROMAIN MORANDI | Art Deco &amp; Design | City Guide Paris - De Saint-Germain des pr\u00e9s au Palais Royal | les Germanopratines","description":"Romain Morandi is an art historian and in his gallery it is a transversal look at the history of decorative arts and design of the 20th century that he","robots":{"index":"index","follow":"follow","max-snippet":"max-snippet:-1","max-image-preview":"max-image-preview:large","max-video-preview":"max-video-preview:-1"},"canonical":"https:\/\/www.germanopratines.fr\/en\/decor\/art-deco-design\/galerie-romain-morandi\/","og_locale":"en_US","og_type":"article","og_title":"Galerie ROMAIN MORANDI | Art Deco &amp; Design | City Guide Paris - De Saint-Germain des pr\u00e9s au Palais Royal | les Germanopratines","og_description":"Romain Morandi is an art historian and in his gallery it is a transversal look at the history of decorative arts and design of the 20th century that he","og_url":"https:\/\/www.germanopratines.fr\/en\/decor\/art-deco-design\/galerie-romain-morandi\/","og_site_name":"les Germanopratines","article_publisher":"https:\/\/www.facebook.com\/lesGermanopratines\/","article_published_time":"2023-09-01T08:53:57+00:00","article_modified_time":"2026-02-11T19:29:36+00:00","og_image":[{"width":1125,"height":1377,"url":"https:\/\/www.germanopratines.fr\/wp-content\/uploads\/2023\/09\/GALERIE-ROMAIN-MORANDI-2.jpg","type":"image\/jpeg"}],"author":"H\u00e9l\u00e8ne","twitter_card":"summary_large_image","twitter_misc":{"Written by":"H\u00e9l\u00e8ne","Est. reading time":"2 minutes"},"schema":{"@context":"https:\/\/schema.org","@graph":[{"@type":"WebPage","@id":"https:\/\/www.germanopratines.fr\/en\/decor\/art-deco-design\/galerie-romain-morandi\/","url":"https:\/\/www.germanopratines.fr\/en\/decor\/art-deco-design\/galerie-romain-morandi\/","name":"Galerie ROMAIN MORANDI | Art Deco &amp; Design | City Guide Paris - De Saint-Germain des pr\u00e9s au Palais Royal | les Germanopratines","isPartOf":{"@id":"https:\/\/www.germanopratines.fr\/#website"},"datePublished":"2023-09-01T08:53:57+00:00","dateModified":"2026-02-11T19:29:36+00:00","author":{"@id":"https:\/\/www.germanopratines.fr\/#\/schema\/person\/43c18b9b6ab0cb9aeb48d095821db016"},"description":"Romain Morandi is an art historian and in his gallery it is a transversal look at the history of decorative arts and design of the 20th century that he","breadcrumb":{"@id":"https:\/\/www.germanopratines.fr\/en\/decor\/art-deco-design\/galerie-romain-morandi\/#breadcrumb"},"inLanguage":"en-US","potentialAction":[{"@type":"ReadAction","target":["https:\/\/www.germanopratines.fr\/en\/decor\/art-deco-design\/galerie-romain-morandi\/"]}]},{"@type":"BreadcrumbList","@id":"https:\/\/www.germanopratines.fr\/en\/decor\/art-deco-design\/galerie-romain-morandi\/#breadcrumb","itemListElement":[{"@type":"ListItem","position":1,"name":"Accueil","item":"https:\/\/www.germanopratines.fr\/en\/home-2\/"},{"@type":"ListItem","position":2,"name":"Galerie ROMAIN MORANDI"}]},{"@type":"WebSite","@id":"https:\/\/www.germanopratines.fr\/#website","url":"https:\/\/www.germanopratines.fr\/","name":"les Germanopratines","description":"City Guide Paris - De Saint-Germain des pr\u00e9s au Palais Royal","potentialAction":[{"@type":"SearchAction","target":{"@type":"EntryPoint","urlTemplate":"https:\/\/www.germanopratines.fr\/?s={search_term_string}"},"query-input":"required name=search_term_string"}],"inLanguage":"en-US"},{"@type":"Person","@id":"https:\/\/www.germanopratines.fr\/#\/schema\/person\/43c18b9b6ab0cb9aeb48d095821db016","name":"H\u00e9l\u00e8ne","sameAs":["https:\/\/www.germanopratines.fr"]}]}},"_links":{"self":[{"href":"https:\/\/www.germanopratines.fr\/en\/wp-json\/wp\/v2\/posts\/131245"}],"collection":[{"href":"https:\/\/www.germanopratines.fr\/en\/wp-json\/wp\/v2\/posts"}],"about":[{"href":"https:\/\/www.germanopratines.fr\/en\/wp-json\/wp\/v2\/types\/post"}],"author":[{"embeddable":true,"href":"https:\/\/www.germanopratines.fr\/en\/wp-json\/wp\/v2\/users\/2"}],"replies":[{"embeddable":true,"href":"https:\/\/www.germanopratines.fr\/en\/wp-json\/wp\/v2\/comments?post=131245"}],"version-history":[{"count":2,"href":"https:\/\/www.germanopratines.fr\/en\/wp-json\/wp\/v2\/posts\/131245\/revisions"}],"predecessor-version":[{"id":141073,"href":"https:\/\/www.germanopratines.fr\/en\/wp-json\/wp\/v2\/posts\/131245\/revisions\/141073"}],"wp:featuredmedia":[{"embeddable":true,"href":"https:\/\/www.germanopratines.fr\/en\/wp-json\/wp\/v2\/media\/131125"}],"wp:attachment":[{"href":"https:\/\/www.germanopratines.fr\/en\/wp-json\/wp\/v2\/media?parent=131245"}],"wp:term":[{"taxonomy":"category","embeddable":true,"href":"https:\/\/www.germanopratines.fr\/en\/wp-json\/wp\/v2\/categories?post=131245"},{"taxonomy":"post_tag","embeddable":true,"href":"https:\/\/www.germanopratines.fr\/en\/wp-json\/wp\/v2\/tags?post=131245"}],"curies":[{"name":"wp","href":"https:\/\/api.w.org\/{rel}","templated":true}]}}