{"id":127628,"date":"2010-05-02T09:12:13","date_gmt":"2010-05-02T07:12:13","guid":{"rendered":"https:\/\/www.germanopratines.fr\/galerie-lara-vincy\/"},"modified":"2023-05-21T19:12:26","modified_gmt":"2023-05-21T17:12:26","slug":"galerie-lara-vincy","status":"publish","type":"post","link":"https:\/\/www.germanopratines.fr\/en\/culture\/contemporary-art-photography\/galerie-lara-vincy\/","title":{"rendered":"Galerie LARA VINCY"},"content":{"rendered":"\n<figure class=\"wp-block-image is-resized\"><img decoding=\"async\" loading=\"lazy\" src=\"https:\/\/www.germanopratines.fr\/wp-content\/uploads\/2019\/07\/GALERIE-Lara-Vincy-3.jpg\" alt=\"\" class=\"wp-image-99713\" width=\"1055\" height=\"791\" srcset=\"https:\/\/www.germanopratines.fr\/wp-content\/uploads\/2019\/07\/GALERIE-Lara-Vincy-3.jpg 1000w, https:\/\/www.germanopratines.fr\/wp-content\/uploads\/2019\/07\/GALERIE-Lara-Vincy-3-300x225.jpg 300w, https:\/\/www.germanopratines.fr\/wp-content\/uploads\/2019\/07\/GALERIE-Lara-Vincy-3-768x576.jpg 768w, https:\/\/www.germanopratines.fr\/wp-content\/uploads\/2019\/07\/GALERIE-Lara-Vincy-3-705x529.jpg 705w, https:\/\/www.germanopratines.fr\/wp-content\/uploads\/2019\/07\/GALERIE-Lara-Vincy-3-450x338.jpg 450w\" sizes=\"(max-width: 1055px) 100vw, 1055px\" \/><\/figure>\n\n\n\n<div style=\"height:35px\" aria-hidden=\"true\" class=\"wp-block-spacer\"><\/div>\n\n\n\n<p>Lara Vincy ouvre sa galerie en 1955. Ses choix se portent alors sur les artistes de l&#8217;abstraction des ann\u00e9es 60, dans le climat de l&#8217;Ecole de Paris \u00e0 l&#8217;\u00e9poque : Ren\u00e9 Allio, Kito, Raza, Wostan, Munford, Peter Clough ou Seundja Rhee. En 1970, sa fille Liliane Vincy prend la direction de la galerie et explore de nouvelles voies en dehors des modes et des courants dominants. Elle travaille et se lie d&#8217;une ind\u00e9fectible amiti\u00e9 avec Raymond Hains, co-organise trois manifestations internationales avec Alex Mlynarcik et Pierre Restany : l &#8216; \u00ab Inter-Etrennes \u00bb en 1972 , \u00ab Argillia \u00bb en 1977 et \u00ab Le temps de l&#8217;ailleurs \u00bb en 1994, expose Bertrand Lavier d\u00e8s 1973, pr\u00e9sente Ben dans les ann\u00e9es 70, Jo\u00ebl Hubaut \u00e0 partir de 1980, Takako Saito et Piero Gilardi dans les ann\u00e9es 90. Depuis sa disparition en 2015, c&#8217;est Youri Vincy qui dirige la galerie, qu&#8217;il avait rejointe d\u00e8s 2000.<\/p>\n\n\n\n<div style=\"height:35px\" aria-hidden=\"true\" class=\"wp-block-spacer\"><\/div>\n\n\n\n<figure class=\"wp-block-image is-resized\"><img decoding=\"async\" loading=\"lazy\" src=\"https:\/\/www.germanopratines.fr\/wp-content\/uploads\/2013\/05\/lara-vincy.jpg\" alt=\"\" class=\"wp-image-40374\" width=\"1039\" height=\"734\"\/><\/figure>\n\n\n\n<div style=\"height:80px\" aria-hidden=\"true\" class=\"wp-block-spacer\"><\/div>\n\n\n\n<p class=\"has-text-align-center\"><strong>Artistes pr\u00e9sent\u00e9s en permanence : Denise A. Aubertin, Jean-Luc Andr\u00e9, Ben, Pierre Braun, Charles Dreyfus, Esther Ferrer, Raymond Hains, Jo\u00ebl Hubaut, L\u00e9a Le Bricomte, Pascal Le Coq, Miller Levy, Charlemagne Palestine, Jean-Luc Parant, Serge Pey, Takako Saito, Peter Vogel, Gil J Wolman<\/strong><\/p>\n\n\n\n<div style=\"height:100px\" aria-hidden=\"true\" class=\"wp-block-spacer\"><\/div>\n\n\n\n<h3 class=\"has-text-align-center\">Galerie LARA VINCY<br>47 rue de Seine&nbsp; 75006 Paris<br> 01 43 26 72 51<\/h3>\n\n\n\n<p><\/p>\n\n\n\n<h1 class=\"has-text-align-center\"><a href=\"http:\/\/www.lara-vincy.com\/\">lara-vincy.com<\/a><\/h1>\n\n\n\n<div style=\"height:43px\" aria-hidden=\"true\" class=\"wp-block-spacer\"><\/div>\n","protected":false},"excerpt":{"rendered":"<p>Lara Vincy ouvre sa galerie en 1955. Ses choix se portent alors sur les artistes de l&#8217;abstraction des ann\u00e9es 60, dans le climat de l&#8217;Ecole de Paris \u00e0 l&#8217;\u00e9poque : Ren\u00e9 Allio, Kito, Raza, Wostan, Munford, Peter Clough ou Seundja Rhee. En 1970, sa fille Liliane Vincy prend la direction de la galerie et explore [&hellip;]<\/p>\n","protected":false},"author":2,"featured_media":99725,"comment_status":"closed","ping_status":"open","sticky":false,"template":"","format":"standard","meta":[],"categories":[266],"tags":[544,526,373],"yoast_head":"<!-- This site is optimized with the Yoast SEO plugin v20.1 - https:\/\/yoast.com\/wordpress\/plugins\/seo\/ -->\n<title>Galerie LARA VINCY | City Guide Paris - De Saint-Germain des pr\u00e9s au Palais Royal | les Germanopratines<\/title>\n<meta name=\"description\" content=\"Lara Vincy ouvre sa galerie en 1955. Ses choix se portent alors sur les artistes de l&#039;abstraction des ann\u00e9es 60, dans le climat de l&#039;Ecole de Paris \u00e0\" \/>\n<meta name=\"robots\" content=\"index, follow, max-snippet:-1, max-image-preview:large, max-video-preview:-1\" \/>\n<link rel=\"canonical\" href=\"https:\/\/www.germanopratines.fr\/en\/culture\/contemporary-art-photography\/galerie-lara-vincy\/\" \/>\n<meta property=\"og:locale\" content=\"en_US\" \/>\n<meta property=\"og:type\" content=\"article\" \/>\n<meta property=\"og:title\" content=\"Galerie LARA VINCY | City Guide Paris - De Saint-Germain des pr\u00e9s au Palais Royal | les Germanopratines\" \/>\n<meta property=\"og:description\" content=\"Lara Vincy ouvre sa galerie en 1955. Ses choix se portent alors sur les artistes de l&#039;abstraction des ann\u00e9es 60, dans le climat de l&#039;Ecole de Paris \u00e0\" \/>\n<meta property=\"og:url\" content=\"https:\/\/www.germanopratines.fr\/en\/culture\/contemporary-art-photography\/galerie-lara-vincy\/\" \/>\n<meta property=\"og:site_name\" content=\"les Germanopratines\" \/>\n<meta property=\"article:publisher\" content=\"https:\/\/www.facebook.com\/lesGermanopratines\/\" \/>\n<meta property=\"article:published_time\" content=\"2010-05-02T07:12:13+00:00\" \/>\n<meta property=\"article:modified_time\" content=\"2023-05-21T17:12:26+00:00\" \/>\n<meta property=\"og:image\" content=\"https:\/\/www.germanopratines.fr\/wp-content\/uploads\/2010\/05\/GALERIE-LARA-VINCY-Paris-2.jpg\" \/>\n\t<meta property=\"og:image:width\" content=\"1163\" \/>\n\t<meta property=\"og:image:height\" content=\"936\" \/>\n\t<meta property=\"og:image:type\" content=\"image\/jpeg\" \/>\n<meta name=\"author\" content=\"H\u00e9l\u00e8ne\" \/>\n<meta name=\"twitter:card\" content=\"summary_large_image\" \/>\n<meta name=\"twitter:label1\" content=\"Written by\" \/>\n\t<meta name=\"twitter:data1\" content=\"H\u00e9l\u00e8ne\" \/>\n\t<meta name=\"twitter:label2\" content=\"Est. reading time\" \/>\n\t<meta name=\"twitter:data2\" content=\"2 minutes\" \/>\n<script type=\"application\/ld+json\" class=\"yoast-schema-graph\">{\"@context\":\"https:\/\/schema.org\",\"@graph\":[{\"@type\":\"WebPage\",\"@id\":\"https:\/\/www.germanopratines.fr\/en\/culture\/contemporary-art-photography\/galerie-lara-vincy\/\",\"url\":\"https:\/\/www.germanopratines.fr\/en\/culture\/contemporary-art-photography\/galerie-lara-vincy\/\",\"name\":\"Galerie LARA VINCY | City Guide Paris - De Saint-Germain des pr\u00e9s au Palais Royal | les Germanopratines\",\"isPartOf\":{\"@id\":\"https:\/\/www.germanopratines.fr\/#website\"},\"datePublished\":\"2010-05-02T07:12:13+00:00\",\"dateModified\":\"2023-05-21T17:12:26+00:00\",\"author\":{\"@id\":\"https:\/\/www.germanopratines.fr\/#\/schema\/person\/43c18b9b6ab0cb9aeb48d095821db016\"},\"description\":\"Lara Vincy ouvre sa galerie en 1955. Ses choix se portent alors sur les artistes de l'abstraction des ann\u00e9es 60, dans le climat de l'Ecole de Paris \u00e0\",\"breadcrumb\":{\"@id\":\"https:\/\/www.germanopratines.fr\/en\/culture\/contemporary-art-photography\/galerie-lara-vincy\/#breadcrumb\"},\"inLanguage\":\"en-US\",\"potentialAction\":[{\"@type\":\"ReadAction\",\"target\":[\"https:\/\/www.germanopratines.fr\/en\/culture\/contemporary-art-photography\/galerie-lara-vincy\/\"]}]},{\"@type\":\"BreadcrumbList\",\"@id\":\"https:\/\/www.germanopratines.fr\/en\/culture\/contemporary-art-photography\/galerie-lara-vincy\/#breadcrumb\",\"itemListElement\":[{\"@type\":\"ListItem\",\"position\":1,\"name\":\"Accueil\",\"item\":\"https:\/\/www.germanopratines.fr\/en\/home-2\/\"},{\"@type\":\"ListItem\",\"position\":2,\"name\":\"Galerie LARA VINCY\"}]},{\"@type\":\"WebSite\",\"@id\":\"https:\/\/www.germanopratines.fr\/#website\",\"url\":\"https:\/\/www.germanopratines.fr\/\",\"name\":\"les Germanopratines\",\"description\":\"City Guide Paris - De Saint-Germain des pr\u00e9s au Palais Royal\",\"potentialAction\":[{\"@type\":\"SearchAction\",\"target\":{\"@type\":\"EntryPoint\",\"urlTemplate\":\"https:\/\/www.germanopratines.fr\/?s={search_term_string}\"},\"query-input\":\"required name=search_term_string\"}],\"inLanguage\":\"en-US\"},{\"@type\":\"Person\",\"@id\":\"https:\/\/www.germanopratines.fr\/#\/schema\/person\/43c18b9b6ab0cb9aeb48d095821db016\",\"name\":\"H\u00e9l\u00e8ne\",\"sameAs\":[\"https:\/\/www.germanopratines.fr\"]}]}<\/script>\n<!-- \/ Yoast SEO plugin. -->","yoast_head_json":{"title":"Galerie LARA VINCY | City Guide Paris - De Saint-Germain des pr\u00e9s au Palais Royal | les Germanopratines","description":"Lara Vincy ouvre sa galerie en 1955. Ses choix se portent alors sur les artistes de l'abstraction des ann\u00e9es 60, dans le climat de l'Ecole de Paris \u00e0","robots":{"index":"index","follow":"follow","max-snippet":"max-snippet:-1","max-image-preview":"max-image-preview:large","max-video-preview":"max-video-preview:-1"},"canonical":"https:\/\/www.germanopratines.fr\/en\/culture\/contemporary-art-photography\/galerie-lara-vincy\/","og_locale":"en_US","og_type":"article","og_title":"Galerie LARA VINCY | City Guide Paris - De Saint-Germain des pr\u00e9s au Palais Royal | les Germanopratines","og_description":"Lara Vincy ouvre sa galerie en 1955. Ses choix se portent alors sur les artistes de l'abstraction des ann\u00e9es 60, dans le climat de l'Ecole de Paris \u00e0","og_url":"https:\/\/www.germanopratines.fr\/en\/culture\/contemporary-art-photography\/galerie-lara-vincy\/","og_site_name":"les Germanopratines","article_publisher":"https:\/\/www.facebook.com\/lesGermanopratines\/","article_published_time":"2010-05-02T07:12:13+00:00","article_modified_time":"2023-05-21T17:12:26+00:00","og_image":[{"width":1163,"height":936,"url":"https:\/\/www.germanopratines.fr\/wp-content\/uploads\/2010\/05\/GALERIE-LARA-VINCY-Paris-2.jpg","type":"image\/jpeg"}],"author":"H\u00e9l\u00e8ne","twitter_card":"summary_large_image","twitter_misc":{"Written by":"H\u00e9l\u00e8ne","Est. reading time":"2 minutes"},"schema":{"@context":"https:\/\/schema.org","@graph":[{"@type":"WebPage","@id":"https:\/\/www.germanopratines.fr\/en\/culture\/contemporary-art-photography\/galerie-lara-vincy\/","url":"https:\/\/www.germanopratines.fr\/en\/culture\/contemporary-art-photography\/galerie-lara-vincy\/","name":"Galerie LARA VINCY | City Guide Paris - De Saint-Germain des pr\u00e9s au Palais Royal | les Germanopratines","isPartOf":{"@id":"https:\/\/www.germanopratines.fr\/#website"},"datePublished":"2010-05-02T07:12:13+00:00","dateModified":"2023-05-21T17:12:26+00:00","author":{"@id":"https:\/\/www.germanopratines.fr\/#\/schema\/person\/43c18b9b6ab0cb9aeb48d095821db016"},"description":"Lara Vincy ouvre sa galerie en 1955. Ses choix se portent alors sur les artistes de l'abstraction des ann\u00e9es 60, dans le climat de l'Ecole de Paris \u00e0","breadcrumb":{"@id":"https:\/\/www.germanopratines.fr\/en\/culture\/contemporary-art-photography\/galerie-lara-vincy\/#breadcrumb"},"inLanguage":"en-US","potentialAction":[{"@type":"ReadAction","target":["https:\/\/www.germanopratines.fr\/en\/culture\/contemporary-art-photography\/galerie-lara-vincy\/"]}]},{"@type":"BreadcrumbList","@id":"https:\/\/www.germanopratines.fr\/en\/culture\/contemporary-art-photography\/galerie-lara-vincy\/#breadcrumb","itemListElement":[{"@type":"ListItem","position":1,"name":"Accueil","item":"https:\/\/www.germanopratines.fr\/en\/home-2\/"},{"@type":"ListItem","position":2,"name":"Galerie LARA VINCY"}]},{"@type":"WebSite","@id":"https:\/\/www.germanopratines.fr\/#website","url":"https:\/\/www.germanopratines.fr\/","name":"les Germanopratines","description":"City Guide Paris - De Saint-Germain des pr\u00e9s au Palais Royal","potentialAction":[{"@type":"SearchAction","target":{"@type":"EntryPoint","urlTemplate":"https:\/\/www.germanopratines.fr\/?s={search_term_string}"},"query-input":"required name=search_term_string"}],"inLanguage":"en-US"},{"@type":"Person","@id":"https:\/\/www.germanopratines.fr\/#\/schema\/person\/43c18b9b6ab0cb9aeb48d095821db016","name":"H\u00e9l\u00e8ne","sameAs":["https:\/\/www.germanopratines.fr"]}]}},"_links":{"self":[{"href":"https:\/\/www.germanopratines.fr\/en\/wp-json\/wp\/v2\/posts\/127628"}],"collection":[{"href":"https:\/\/www.germanopratines.fr\/en\/wp-json\/wp\/v2\/posts"}],"about":[{"href":"https:\/\/www.germanopratines.fr\/en\/wp-json\/wp\/v2\/types\/post"}],"author":[{"embeddable":true,"href":"https:\/\/www.germanopratines.fr\/en\/wp-json\/wp\/v2\/users\/2"}],"replies":[{"embeddable":true,"href":"https:\/\/www.germanopratines.fr\/en\/wp-json\/wp\/v2\/comments?post=127628"}],"version-history":[{"count":1,"href":"https:\/\/www.germanopratines.fr\/en\/wp-json\/wp\/v2\/posts\/127628\/revisions"}],"predecessor-version":[{"id":127631,"href":"https:\/\/www.germanopratines.fr\/en\/wp-json\/wp\/v2\/posts\/127628\/revisions\/127631"}],"wp:featuredmedia":[{"embeddable":true,"href":"https:\/\/www.germanopratines.fr\/en\/wp-json\/wp\/v2\/media\/99725"}],"wp:attachment":[{"href":"https:\/\/www.germanopratines.fr\/en\/wp-json\/wp\/v2\/media?parent=127628"}],"wp:term":[{"taxonomy":"category","embeddable":true,"href":"https:\/\/www.germanopratines.fr\/en\/wp-json\/wp\/v2\/categories?post=127628"},{"taxonomy":"post_tag","embeddable":true,"href":"https:\/\/www.germanopratines.fr\/en\/wp-json\/wp\/v2\/tags?post=127628"}],"curies":[{"name":"wp","href":"https:\/\/api.w.org\/{rel}","templated":true}]}}