{"id":127609,"date":"2018-04-30T18:40:00","date_gmt":"2018-04-30T16:40:00","guid":{"rendered":"https:\/\/www.germanopratines.fr\/clave-fine-arts\/"},"modified":"2023-05-21T18:59:35","modified_gmt":"2023-05-21T16:59:35","slug":"clave-fine-arts","status":"publish","type":"post","link":"https:\/\/www.germanopratines.fr\/en\/culture\/contemporary-art-photography\/clave-fine-arts\/","title":{"rendered":"CLAVE FINE ARTS"},"content":{"rendered":"\n<figure class=\"wp-block-image size-full is-resized\"><a href=\"https:\/\/www.germanopratines.fr\/wp-content\/uploads\/2023\/04\/Clave-Fine-Arts-2.jpg\"><img decoding=\"async\" loading=\"lazy\" src=\"https:\/\/www.germanopratines.fr\/wp-content\/uploads\/2023\/04\/Clave-Fine-Arts-2.jpg\" alt=\"\" class=\"wp-image-127155\" width=\"1013\" height=\"699\" srcset=\"https:\/\/www.germanopratines.fr\/wp-content\/uploads\/2023\/04\/Clave-Fine-Arts-2.jpg 969w, https:\/\/www.germanopratines.fr\/wp-content\/uploads\/2023\/04\/Clave-Fine-Arts-2-300x207.jpg 300w, https:\/\/www.germanopratines.fr\/wp-content\/uploads\/2023\/04\/Clave-Fine-Arts-2-768x530.jpg 768w, https:\/\/www.germanopratines.fr\/wp-content\/uploads\/2023\/04\/Clave-Fine-Arts-2-705x487.jpg 705w\" sizes=\"(max-width: 1013px) 100vw, 1013px\" \/><\/a><\/figure>\n\n\n\n<div style=\"height:35px\" aria-hidden=\"true\" class=\"wp-block-spacer\"><\/div>\n\n\n\n<p>Antoine Clav\u00e9 opened his gallery in 1921 in a unique location, C\u00e9sar&#8217;s former studio redesigned by Japanese architect Kengo Kuma. Its exhibition program is varied, between the presentation of recognized and established artists and that of emerging artists with the aim of promoting the young talents of tomorrow.<\/p>\n\n\n\n<div style=\"height:35px\" aria-hidden=\"true\" class=\"wp-block-spacer\"><\/div>\n\n\n\n<figure class=\"wp-block-image size-full is-resized\"><a href=\"https:\/\/www.germanopratines.fr\/wp-content\/uploads\/2023\/04\/Clave-Fine-Arts.jpg\"><img decoding=\"async\" loading=\"lazy\" src=\"https:\/\/www.germanopratines.fr\/wp-content\/uploads\/2023\/04\/Clave-Fine-Arts.jpg\" alt=\"\" class=\"wp-image-127157\" width=\"1015\" height=\"670\" srcset=\"https:\/\/www.germanopratines.fr\/wp-content\/uploads\/2023\/04\/Clave-Fine-Arts.jpg 976w, https:\/\/www.germanopratines.fr\/wp-content\/uploads\/2023\/04\/Clave-Fine-Arts-300x198.jpg 300w, https:\/\/www.germanopratines.fr\/wp-content\/uploads\/2023\/04\/Clave-Fine-Arts-768x508.jpg 768w, https:\/\/www.germanopratines.fr\/wp-content\/uploads\/2023\/04\/Clave-Fine-Arts-705x466.jpg 705w\" sizes=\"(max-width: 1015px) 100vw, 1015px\" \/><\/a><\/figure>\n\n\n\n<div style=\"height:80px\" aria-hidden=\"true\" class=\"wp-block-spacer\"><\/div>\n\n\n\n<p class=\"has-text-align-center\"><strong>Permanently presented artists : Jean Michel Basquiat, Louise Bourgeois, Alexander Calder, C\u00e9sar, Eduardo Chillida, Christo, Antoni Clav\u00e9, Jean Dubuffet, Julio Gonzalez, Hans Hartung, Sheila Hicks, Yves Klein, Roberto Matta, Pablo Picasso, Fran\u00e7ois R\u00e9au, Germaine Richier, Pierre Soulages, Antoni Tapies, Marie Helena Viera da Silva, Zao Wou-Ki<\/strong><\/p>\n\n\n\n<div style=\"height:100px\" aria-hidden=\"true\" class=\"wp-block-spacer\"><\/div>\n\n\n\n<h3 class=\"has-text-align-center\">Clav\u00e9 Fine Art<\/h3>\n\n\n\n<h3 class=\"has-text-align-center\">10 bis rue Roger 75014 Paris<\/h3>\n\n\n\n<h3 class=\"has-text-align-center\">01 88 40 44 30<\/h3>\n\n\n\n<h1 class=\"has-text-align-center\"><br><a href=\"https:\/\/www.clavefineart.com\/\">clavefineart.com<\/a><\/h1>\n\n\n\n<div style=\"height:33px\" aria-hidden=\"true\" class=\"wp-block-spacer\"><\/div>\n","protected":false},"excerpt":{"rendered":"<p>Antoine Clav\u00e9 opened his gallery in 1921 in a unique location, C\u00e9sar&#8217;s former studio redesigned by Japanese architect Kengo Kuma. Its exhibition program is varied, between the presentation of recognized and established artists and that of emerging artists with the aim of promoting the young talents of tomorrow. Permanently presented artists : Jean Michel Basquiat, [&hellip;]<\/p>\n","protected":false},"author":2,"featured_media":127152,"comment_status":"closed","ping_status":"open","sticky":false,"template":"","format":"standard","meta":[],"categories":[266],"tags":[],"yoast_head":"<!-- This site is optimized with the Yoast SEO plugin v20.1 - https:\/\/yoast.com\/wordpress\/plugins\/seo\/ -->\n<title>CLAVE FINE ARTS | Galleries | City Guide Paris - De Saint-Germain des pr\u00e9s au Palais Royal | les Germanopratines<\/title>\n<meta name=\"description\" content=\"Antoine Clav\u00e9 opened his gallery in 1921 in a unique location, C\u00e9sar&#039;s former studio redesigned by Japanese architect Kengo Kuma. Its exhibition program\" \/>\n<meta name=\"robots\" content=\"index, follow, max-snippet:-1, max-image-preview:large, max-video-preview:-1\" \/>\n<link rel=\"canonical\" href=\"https:\/\/www.germanopratines.fr\/en\/culture\/contemporary-art-photography\/clave-fine-arts\/\" \/>\n<meta property=\"og:locale\" content=\"en_US\" \/>\n<meta property=\"og:type\" content=\"article\" \/>\n<meta property=\"og:title\" content=\"CLAVE FINE ARTS | Galleries | City Guide Paris - De Saint-Germain des pr\u00e9s au Palais Royal | les Germanopratines\" \/>\n<meta property=\"og:description\" content=\"Antoine Clav\u00e9 opened his gallery in 1921 in a unique location, C\u00e9sar&#039;s former studio redesigned by Japanese architect Kengo Kuma. Its exhibition program\" \/>\n<meta property=\"og:url\" content=\"https:\/\/www.germanopratines.fr\/en\/culture\/contemporary-art-photography\/clave-fine-arts\/\" \/>\n<meta property=\"og:site_name\" content=\"les Germanopratines\" \/>\n<meta property=\"article:publisher\" content=\"https:\/\/www.facebook.com\/lesGermanopratines\/\" \/>\n<meta property=\"article:published_time\" content=\"2018-04-30T16:40:00+00:00\" \/>\n<meta property=\"article:modified_time\" content=\"2023-05-21T16:59:35+00:00\" \/>\n<meta property=\"og:image\" content=\"https:\/\/www.germanopratines.fr\/wp-content\/uploads\/2023\/04\/Clave-Fine-Arts-3.jpg\" \/>\n\t<meta property=\"og:image:width\" content=\"1125\" \/>\n\t<meta property=\"og:image:height\" content=\"1045\" \/>\n\t<meta property=\"og:image:type\" content=\"image\/jpeg\" \/>\n<meta name=\"author\" content=\"H\u00e9l\u00e8ne\" \/>\n<meta name=\"twitter:card\" content=\"summary_large_image\" \/>\n<meta name=\"twitter:label1\" content=\"Written by\" \/>\n\t<meta name=\"twitter:data1\" content=\"H\u00e9l\u00e8ne\" \/>\n\t<meta name=\"twitter:label2\" content=\"Est. reading time\" \/>\n\t<meta name=\"twitter:data2\" content=\"1 minute\" \/>\n<script type=\"application\/ld+json\" class=\"yoast-schema-graph\">{\"@context\":\"https:\/\/schema.org\",\"@graph\":[{\"@type\":\"WebPage\",\"@id\":\"https:\/\/www.germanopratines.fr\/en\/culture\/contemporary-art-photography\/clave-fine-arts\/\",\"url\":\"https:\/\/www.germanopratines.fr\/en\/culture\/contemporary-art-photography\/clave-fine-arts\/\",\"name\":\"CLAVE FINE ARTS | Galleries | City Guide Paris - De Saint-Germain des pr\u00e9s au Palais Royal | les Germanopratines\",\"isPartOf\":{\"@id\":\"https:\/\/www.germanopratines.fr\/#website\"},\"datePublished\":\"2018-04-30T16:40:00+00:00\",\"dateModified\":\"2023-05-21T16:59:35+00:00\",\"author\":{\"@id\":\"https:\/\/www.germanopratines.fr\/#\/schema\/person\/43c18b9b6ab0cb9aeb48d095821db016\"},\"description\":\"Antoine Clav\u00e9 opened his gallery in 1921 in a unique location, C\u00e9sar's former studio redesigned by Japanese architect Kengo Kuma. Its exhibition program\",\"breadcrumb\":{\"@id\":\"https:\/\/www.germanopratines.fr\/en\/culture\/contemporary-art-photography\/clave-fine-arts\/#breadcrumb\"},\"inLanguage\":\"en-US\",\"potentialAction\":[{\"@type\":\"ReadAction\",\"target\":[\"https:\/\/www.germanopratines.fr\/en\/culture\/contemporary-art-photography\/clave-fine-arts\/\"]}]},{\"@type\":\"BreadcrumbList\",\"@id\":\"https:\/\/www.germanopratines.fr\/en\/culture\/contemporary-art-photography\/clave-fine-arts\/#breadcrumb\",\"itemListElement\":[{\"@type\":\"ListItem\",\"position\":1,\"name\":\"Accueil\",\"item\":\"https:\/\/www.germanopratines.fr\/en\/home-2\/\"},{\"@type\":\"ListItem\",\"position\":2,\"name\":\"CLAVE FINE ARTS\"}]},{\"@type\":\"WebSite\",\"@id\":\"https:\/\/www.germanopratines.fr\/#website\",\"url\":\"https:\/\/www.germanopratines.fr\/\",\"name\":\"les Germanopratines\",\"description\":\"City Guide Paris - De Saint-Germain des pr\u00e9s au Palais Royal\",\"potentialAction\":[{\"@type\":\"SearchAction\",\"target\":{\"@type\":\"EntryPoint\",\"urlTemplate\":\"https:\/\/www.germanopratines.fr\/?s={search_term_string}\"},\"query-input\":\"required name=search_term_string\"}],\"inLanguage\":\"en-US\"},{\"@type\":\"Person\",\"@id\":\"https:\/\/www.germanopratines.fr\/#\/schema\/person\/43c18b9b6ab0cb9aeb48d095821db016\",\"name\":\"H\u00e9l\u00e8ne\",\"sameAs\":[\"https:\/\/www.germanopratines.fr\"]}]}<\/script>\n<!-- \/ Yoast SEO plugin. -->","yoast_head_json":{"title":"CLAVE FINE ARTS | Galleries | City Guide Paris - De Saint-Germain des pr\u00e9s au Palais Royal | les Germanopratines","description":"Antoine Clav\u00e9 opened his gallery in 1921 in a unique location, C\u00e9sar's former studio redesigned by Japanese architect Kengo Kuma. Its exhibition program","robots":{"index":"index","follow":"follow","max-snippet":"max-snippet:-1","max-image-preview":"max-image-preview:large","max-video-preview":"max-video-preview:-1"},"canonical":"https:\/\/www.germanopratines.fr\/en\/culture\/contemporary-art-photography\/clave-fine-arts\/","og_locale":"en_US","og_type":"article","og_title":"CLAVE FINE ARTS | Galleries | City Guide Paris - De Saint-Germain des pr\u00e9s au Palais Royal | les Germanopratines","og_description":"Antoine Clav\u00e9 opened his gallery in 1921 in a unique location, C\u00e9sar's former studio redesigned by Japanese architect Kengo Kuma. Its exhibition program","og_url":"https:\/\/www.germanopratines.fr\/en\/culture\/contemporary-art-photography\/clave-fine-arts\/","og_site_name":"les Germanopratines","article_publisher":"https:\/\/www.facebook.com\/lesGermanopratines\/","article_published_time":"2018-04-30T16:40:00+00:00","article_modified_time":"2023-05-21T16:59:35+00:00","og_image":[{"width":1125,"height":1045,"url":"https:\/\/www.germanopratines.fr\/wp-content\/uploads\/2023\/04\/Clave-Fine-Arts-3.jpg","type":"image\/jpeg"}],"author":"H\u00e9l\u00e8ne","twitter_card":"summary_large_image","twitter_misc":{"Written by":"H\u00e9l\u00e8ne","Est. reading time":"1 minute"},"schema":{"@context":"https:\/\/schema.org","@graph":[{"@type":"WebPage","@id":"https:\/\/www.germanopratines.fr\/en\/culture\/contemporary-art-photography\/clave-fine-arts\/","url":"https:\/\/www.germanopratines.fr\/en\/culture\/contemporary-art-photography\/clave-fine-arts\/","name":"CLAVE FINE ARTS | Galleries | City Guide Paris - De Saint-Germain des pr\u00e9s au Palais Royal | les Germanopratines","isPartOf":{"@id":"https:\/\/www.germanopratines.fr\/#website"},"datePublished":"2018-04-30T16:40:00+00:00","dateModified":"2023-05-21T16:59:35+00:00","author":{"@id":"https:\/\/www.germanopratines.fr\/#\/schema\/person\/43c18b9b6ab0cb9aeb48d095821db016"},"description":"Antoine Clav\u00e9 opened his gallery in 1921 in a unique location, C\u00e9sar's former studio redesigned by Japanese architect Kengo Kuma. Its exhibition program","breadcrumb":{"@id":"https:\/\/www.germanopratines.fr\/en\/culture\/contemporary-art-photography\/clave-fine-arts\/#breadcrumb"},"inLanguage":"en-US","potentialAction":[{"@type":"ReadAction","target":["https:\/\/www.germanopratines.fr\/en\/culture\/contemporary-art-photography\/clave-fine-arts\/"]}]},{"@type":"BreadcrumbList","@id":"https:\/\/www.germanopratines.fr\/en\/culture\/contemporary-art-photography\/clave-fine-arts\/#breadcrumb","itemListElement":[{"@type":"ListItem","position":1,"name":"Accueil","item":"https:\/\/www.germanopratines.fr\/en\/home-2\/"},{"@type":"ListItem","position":2,"name":"CLAVE FINE ARTS"}]},{"@type":"WebSite","@id":"https:\/\/www.germanopratines.fr\/#website","url":"https:\/\/www.germanopratines.fr\/","name":"les Germanopratines","description":"City Guide Paris - De Saint-Germain des pr\u00e9s au Palais Royal","potentialAction":[{"@type":"SearchAction","target":{"@type":"EntryPoint","urlTemplate":"https:\/\/www.germanopratines.fr\/?s={search_term_string}"},"query-input":"required name=search_term_string"}],"inLanguage":"en-US"},{"@type":"Person","@id":"https:\/\/www.germanopratines.fr\/#\/schema\/person\/43c18b9b6ab0cb9aeb48d095821db016","name":"H\u00e9l\u00e8ne","sameAs":["https:\/\/www.germanopratines.fr"]}]}},"_links":{"self":[{"href":"https:\/\/www.germanopratines.fr\/en\/wp-json\/wp\/v2\/posts\/127609"}],"collection":[{"href":"https:\/\/www.germanopratines.fr\/en\/wp-json\/wp\/v2\/posts"}],"about":[{"href":"https:\/\/www.germanopratines.fr\/en\/wp-json\/wp\/v2\/types\/post"}],"author":[{"embeddable":true,"href":"https:\/\/www.germanopratines.fr\/en\/wp-json\/wp\/v2\/users\/2"}],"replies":[{"embeddable":true,"href":"https:\/\/www.germanopratines.fr\/en\/wp-json\/wp\/v2\/comments?post=127609"}],"version-history":[{"count":1,"href":"https:\/\/www.germanopratines.fr\/en\/wp-json\/wp\/v2\/posts\/127609\/revisions"}],"predecessor-version":[{"id":127610,"href":"https:\/\/www.germanopratines.fr\/en\/wp-json\/wp\/v2\/posts\/127609\/revisions\/127610"}],"wp:featuredmedia":[{"embeddable":true,"href":"https:\/\/www.germanopratines.fr\/en\/wp-json\/wp\/v2\/media\/127152"}],"wp:attachment":[{"href":"https:\/\/www.germanopratines.fr\/en\/wp-json\/wp\/v2\/media?parent=127609"}],"wp:term":[{"taxonomy":"category","embeddable":true,"href":"https:\/\/www.germanopratines.fr\/en\/wp-json\/wp\/v2\/categories?post=127609"},{"taxonomy":"post_tag","embeddable":true,"href":"https:\/\/www.germanopratines.fr\/en\/wp-json\/wp\/v2\/tags?post=127609"}],"curies":[{"name":"wp","href":"https:\/\/api.w.org\/{rel}","templated":true}]}}