{"id":121636,"date":"2018-04-19T20:00:00","date_gmt":"2018-04-19T18:00:00","guid":{"rendered":"https:\/\/www.germanopratines.fr\/?p=121636"},"modified":"2026-02-10T20:57:20","modified_gmt":"2026-02-10T18:57:20","slug":"julie-de-libran","status":"publish","type":"post","link":"https:\/\/www.germanopratines.fr\/en\/appearance\/fashion\/julie-de-libran\/","title":{"rendered":"JULIE DE LIBRAN"},"content":{"rendered":"\n<figure class=\"wp-block-image size-large is-resized is-style-default\"><a href=\"https:\/\/www.germanopratines.fr\/wp-content\/uploads\/2022\/04\/Julie-de-Libran-2-1.jpg\"><img decoding=\"async\" loading=\"lazy\" src=\"https:\/\/www.germanopratines.fr\/wp-content\/uploads\/2022\/04\/Julie-de-Libran-2-1-1030x745.jpg\" alt=\"\" class=\"wp-image-121631\" width=\"919\" height=\"664\" srcset=\"https:\/\/www.germanopratines.fr\/wp-content\/uploads\/2022\/04\/Julie-de-Libran-2-1-1030x745.jpg 1030w, https:\/\/www.germanopratines.fr\/wp-content\/uploads\/2022\/04\/Julie-de-Libran-2-1-300x217.jpg 300w, https:\/\/www.germanopratines.fr\/wp-content\/uploads\/2022\/04\/Julie-de-Libran-2-1-768x555.jpg 768w, https:\/\/www.germanopratines.fr\/wp-content\/uploads\/2022\/04\/Julie-de-Libran-2-1-705x510.jpg 705w, https:\/\/www.germanopratines.fr\/wp-content\/uploads\/2022\/04\/Julie-de-Libran-2-1-450x325.jpg 450w, https:\/\/www.germanopratines.fr\/wp-content\/uploads\/2022\/04\/Julie-de-Libran-2-1.jpg 1236w\" sizes=\"(max-width: 919px) 100vw, 919px\" \/><\/a><\/figure>\n\n\n\n<div style=\"height:43px\" aria-hidden=\"true\" class=\"wp-block-spacer\"><\/div>\n\n\n\n<p>Designed as both a store and a workshop, Julie de Libran speaks of a &#8220;workshop\/boutique&#8221; where she welcomes her clients into her world. Her limited-edition Ready-to-Wear collections, her jewelry, her Couture collection (by appointment), everything is there. The woman who was the artistic director of the house of Sonia Rykiel for five years after collaborating with Gianfranco Ferr\u00e9, Gianni Versace, Prada and Louis Vuitton presents the chic, sophisticated or casual wardrobe of the Parisian woman as we imagine her around the world.<\/p>\n\n\n\n<div style=\"height:43px\" aria-hidden=\"true\" class=\"wp-block-spacer\"><\/div>\n\n\n\n<figure class=\"wp-block-image size-large is-resized\"><a href=\"https:\/\/www.germanopratines.fr\/wp-content\/uploads\/2020\/04\/JULIE-DE-LIBRAN-Printemps-Ete-2024-1.jpg\"><img decoding=\"async\" loading=\"lazy\" src=\"https:\/\/www.germanopratines.fr\/wp-content\/uploads\/2020\/04\/JULIE-DE-LIBRAN-Printemps-Ete-2024-1-689x1030.jpg\" alt=\"\" class=\"wp-image-132912\" width=\"1027\" height=\"1535\" srcset=\"https:\/\/www.germanopratines.fr\/wp-content\/uploads\/2020\/04\/JULIE-DE-LIBRAN-Printemps-Ete-2024-1-689x1030.jpg 689w, https:\/\/www.germanopratines.fr\/wp-content\/uploads\/2020\/04\/JULIE-DE-LIBRAN-Printemps-Ete-2024-1-201x300.jpg 201w, https:\/\/www.germanopratines.fr\/wp-content\/uploads\/2020\/04\/JULIE-DE-LIBRAN-Printemps-Ete-2024-1-768x1149.jpg 768w, https:\/\/www.germanopratines.fr\/wp-content\/uploads\/2020\/04\/JULIE-DE-LIBRAN-Printemps-Ete-2024-1-471x705.jpg 471w, https:\/\/www.germanopratines.fr\/wp-content\/uploads\/2020\/04\/JULIE-DE-LIBRAN-Printemps-Ete-2024-1.jpg 980w\" sizes=\"(max-width: 1027px) 100vw, 1027px\" \/><\/a><\/figure>\n\n\n\n<div style=\"height:30px\" aria-hidden=\"true\" class=\"wp-block-spacer\"><\/div>\n\n\n\n<figure class=\"wp-block-image size-large is-resized\"><a href=\"https:\/\/www.germanopratines.fr\/wp-content\/uploads\/2020\/04\/JULIE-DE-LIBRAN-Printemps-Ete-2024-2.jpg\"><img decoding=\"async\" loading=\"lazy\" src=\"https:\/\/www.germanopratines.fr\/wp-content\/uploads\/2020\/04\/JULIE-DE-LIBRAN-Printemps-Ete-2024-2-689x1030.jpg\" alt=\"\" class=\"wp-image-132914\" width=\"1017\" height=\"1520\" srcset=\"https:\/\/www.germanopratines.fr\/wp-content\/uploads\/2020\/04\/JULIE-DE-LIBRAN-Printemps-Ete-2024-2-689x1030.jpg 689w, https:\/\/www.germanopratines.fr\/wp-content\/uploads\/2020\/04\/JULIE-DE-LIBRAN-Printemps-Ete-2024-2-201x300.jpg 201w, https:\/\/www.germanopratines.fr\/wp-content\/uploads\/2020\/04\/JULIE-DE-LIBRAN-Printemps-Ete-2024-2-768x1149.jpg 768w, https:\/\/www.germanopratines.fr\/wp-content\/uploads\/2020\/04\/JULIE-DE-LIBRAN-Printemps-Ete-2024-2-471x705.jpg 471w, https:\/\/www.germanopratines.fr\/wp-content\/uploads\/2020\/04\/JULIE-DE-LIBRAN-Printemps-Ete-2024-2.jpg 986w\" sizes=\"(max-width: 1017px) 100vw, 1017px\" \/><\/a><\/figure>\n\n\n\n<div style=\"height:30px\" aria-hidden=\"true\" class=\"wp-block-spacer\"><\/div>\n\n\n\n<figure class=\"wp-block-image size-large is-resized\"><a href=\"https:\/\/www.germanopratines.fr\/wp-content\/uploads\/2020\/04\/JULIE-DE-LIBRAN-Printemps-Ete-2024-3.jpg\"><img decoding=\"async\" loading=\"lazy\" src=\"https:\/\/www.germanopratines.fr\/wp-content\/uploads\/2020\/04\/JULIE-DE-LIBRAN-Printemps-Ete-2024-3-671x1030.jpg\" alt=\"\" class=\"wp-image-132916\" width=\"1015\" height=\"1557\" srcset=\"https:\/\/www.germanopratines.fr\/wp-content\/uploads\/2020\/04\/JULIE-DE-LIBRAN-Printemps-Ete-2024-3-671x1030.jpg 671w, https:\/\/www.germanopratines.fr\/wp-content\/uploads\/2020\/04\/JULIE-DE-LIBRAN-Printemps-Ete-2024-3-195x300.jpg 195w, https:\/\/www.germanopratines.fr\/wp-content\/uploads\/2020\/04\/JULIE-DE-LIBRAN-Printemps-Ete-2024-3-459x705.jpg 459w\" sizes=\"(max-width: 1015px) 100vw, 1015px\" \/><\/a><\/figure>\n\n\n\n<div style=\"height:30px\" aria-hidden=\"true\" class=\"wp-block-spacer\"><\/div>\n\n\n\n<figure class=\"wp-block-image size-large is-resized\"><a href=\"https:\/\/www.germanopratines.fr\/wp-content\/uploads\/2020\/04\/JULIE-DE-LIBRAN-Printemps-Ete-2024-4.jpg\"><img decoding=\"async\" loading=\"lazy\" src=\"https:\/\/www.germanopratines.fr\/wp-content\/uploads\/2020\/04\/JULIE-DE-LIBRAN-Printemps-Ete-2024-4-685x1030.jpg\" alt=\"\" class=\"wp-image-132918\" width=\"1018\" height=\"1530\" srcset=\"https:\/\/www.germanopratines.fr\/wp-content\/uploads\/2020\/04\/JULIE-DE-LIBRAN-Printemps-Ete-2024-4-685x1030.jpg 685w, https:\/\/www.germanopratines.fr\/wp-content\/uploads\/2020\/04\/JULIE-DE-LIBRAN-Printemps-Ete-2024-4-199x300.jpg 199w, https:\/\/www.germanopratines.fr\/wp-content\/uploads\/2020\/04\/JULIE-DE-LIBRAN-Printemps-Ete-2024-4-469x705.jpg 469w\" sizes=\"(max-width: 1018px) 100vw, 1018px\" \/><\/a><\/figure>\n\n\n\n<div style=\"height:30px\" aria-hidden=\"true\" class=\"wp-block-spacer\"><\/div>\n\n\n\n<figure class=\"wp-block-image size-large is-resized\"><a href=\"https:\/\/www.germanopratines.fr\/wp-content\/uploads\/2020\/04\/JULIE-DE-LIBRAN-Printemps-Ete-2024-5.jpg\"><img decoding=\"async\" loading=\"lazy\" src=\"https:\/\/www.germanopratines.fr\/wp-content\/uploads\/2020\/04\/JULIE-DE-LIBRAN-Printemps-Ete-2024-5-683x1030.jpg\" alt=\"\" class=\"wp-image-132920\" width=\"1014\" height=\"1529\" srcset=\"https:\/\/www.germanopratines.fr\/wp-content\/uploads\/2020\/04\/JULIE-DE-LIBRAN-Printemps-Ete-2024-5-683x1030.jpg 683w, https:\/\/www.germanopratines.fr\/wp-content\/uploads\/2020\/04\/JULIE-DE-LIBRAN-Printemps-Ete-2024-5-199x300.jpg 199w, https:\/\/www.germanopratines.fr\/wp-content\/uploads\/2020\/04\/JULIE-DE-LIBRAN-Printemps-Ete-2024-5-768x1158.jpg 768w, https:\/\/www.germanopratines.fr\/wp-content\/uploads\/2020\/04\/JULIE-DE-LIBRAN-Printemps-Ete-2024-5-468x705.jpg 468w, https:\/\/www.germanopratines.fr\/wp-content\/uploads\/2020\/04\/JULIE-DE-LIBRAN-Printemps-Ete-2024-5.jpg 965w\" sizes=\"(max-width: 1014px) 100vw, 1014px\" \/><\/a><\/figure>\n\n\n\n<div style=\"height:30px\" aria-hidden=\"true\" class=\"wp-block-spacer\"><\/div>\n\n\n\n<figure class=\"wp-block-image size-large is-resized\"><a href=\"https:\/\/www.germanopratines.fr\/wp-content\/uploads\/2020\/04\/JULIE-DE-LIBRAN-Printemps-Ete-2024-6.jpg\"><img decoding=\"async\" loading=\"lazy\" src=\"https:\/\/www.germanopratines.fr\/wp-content\/uploads\/2020\/04\/JULIE-DE-LIBRAN-Printemps-Ete-2024-6-683x1030.jpg\" alt=\"\" class=\"wp-image-132923\" width=\"1018\" height=\"1536\" srcset=\"https:\/\/www.germanopratines.fr\/wp-content\/uploads\/2020\/04\/JULIE-DE-LIBRAN-Printemps-Ete-2024-6-683x1030.jpg 683w, https:\/\/www.germanopratines.fr\/wp-content\/uploads\/2020\/04\/JULIE-DE-LIBRAN-Printemps-Ete-2024-6-199x300.jpg 199w, https:\/\/www.germanopratines.fr\/wp-content\/uploads\/2020\/04\/JULIE-DE-LIBRAN-Printemps-Ete-2024-6-768x1159.jpg 768w, https:\/\/www.germanopratines.fr\/wp-content\/uploads\/2020\/04\/JULIE-DE-LIBRAN-Printemps-Ete-2024-6-467x705.jpg 467w, https:\/\/www.germanopratines.fr\/wp-content\/uploads\/2020\/04\/JULIE-DE-LIBRAN-Printemps-Ete-2024-6.jpg 961w\" sizes=\"(max-width: 1018px) 100vw, 1018px\" \/><\/a><\/figure>\n\n\n\n<div style=\"height:30px\" aria-hidden=\"true\" class=\"wp-block-spacer\"><\/div>\n\n\n\n<figure class=\"wp-block-image size-large is-resized\"><a href=\"https:\/\/www.germanopratines.fr\/wp-content\/uploads\/2020\/04\/JULIE-DE-LIBRAN-Printemps-Ete-2024-7.jpg\"><img decoding=\"async\" loading=\"lazy\" src=\"https:\/\/www.germanopratines.fr\/wp-content\/uploads\/2020\/04\/JULIE-DE-LIBRAN-Printemps-Ete-2024-7-697x1030.jpg\" alt=\"\" class=\"wp-image-132925\" width=\"1024\" height=\"1514\" srcset=\"https:\/\/www.germanopratines.fr\/wp-content\/uploads\/2020\/04\/JULIE-DE-LIBRAN-Printemps-Ete-2024-7-697x1030.jpg 697w, https:\/\/www.germanopratines.fr\/wp-content\/uploads\/2020\/04\/JULIE-DE-LIBRAN-Printemps-Ete-2024-7-203x300.jpg 203w, https:\/\/www.germanopratines.fr\/wp-content\/uploads\/2020\/04\/JULIE-DE-LIBRAN-Printemps-Ete-2024-7-768x1136.jpg 768w, https:\/\/www.germanopratines.fr\/wp-content\/uploads\/2020\/04\/JULIE-DE-LIBRAN-Printemps-Ete-2024-7-477x705.jpg 477w, https:\/\/www.germanopratines.fr\/wp-content\/uploads\/2020\/04\/JULIE-DE-LIBRAN-Printemps-Ete-2024-7.jpg 984w\" sizes=\"(max-width: 1024px) 100vw, 1024px\" \/><\/a><\/figure>\n\n\n\n<div style=\"height:30px\" aria-hidden=\"true\" class=\"wp-block-spacer\"><\/div>\n\n\n\n<figure class=\"wp-block-image size-large is-resized\"><a href=\"https:\/\/www.germanopratines.fr\/wp-content\/uploads\/2020\/04\/JULIE-DE-LIBRAN-Printemps-Ete-2024-8.jpg\"><img decoding=\"async\" loading=\"lazy\" src=\"https:\/\/www.germanopratines.fr\/wp-content\/uploads\/2020\/04\/JULIE-DE-LIBRAN-Printemps-Ete-2024-8-702x1030.jpg\" alt=\"\" class=\"wp-image-132927\" width=\"1023\" height=\"1501\" srcset=\"https:\/\/www.germanopratines.fr\/wp-content\/uploads\/2020\/04\/JULIE-DE-LIBRAN-Printemps-Ete-2024-8-702x1030.jpg 702w, https:\/\/www.germanopratines.fr\/wp-content\/uploads\/2020\/04\/JULIE-DE-LIBRAN-Printemps-Ete-2024-8-204x300.jpg 204w, https:\/\/www.germanopratines.fr\/wp-content\/uploads\/2020\/04\/JULIE-DE-LIBRAN-Printemps-Ete-2024-8-768x1127.jpg 768w, https:\/\/www.germanopratines.fr\/wp-content\/uploads\/2020\/04\/JULIE-DE-LIBRAN-Printemps-Ete-2024-8-480x705.jpg 480w, https:\/\/www.germanopratines.fr\/wp-content\/uploads\/2020\/04\/JULIE-DE-LIBRAN-Printemps-Ete-2024-8.jpg 1010w\" sizes=\"(max-width: 1023px) 100vw, 1023px\" \/><\/a><\/figure>\n\n\n\n<div style=\"height:100px\" aria-hidden=\"true\" class=\"wp-block-spacer\"><\/div>\n\n\n\n<h2 class=\"has-text-align-center\">JULIE DE LIBRAN<\/h2>\n\n\n\n<div style=\"height:9px\" aria-hidden=\"true\" class=\"wp-block-spacer\"><\/div>\n\n\n\n<h3 class=\"has-text-align-center\">3 rue de Luynes 75007 Paris<br><\/h3>\n","protected":false},"excerpt":{"rendered":"<p>Designed as both a store and a workshop, Julie de Libran speaks of a &#8220;workshop\/boutique&#8221; where she welcomes her clients into her world. Her limited-edition Ready-to-Wear collections, her jewelry, her Couture collection (by appointment), everything is there. The woman who was the artistic director of the house of Sonia Rykiel for five years after collaborating [&hellip;]<\/p>\n","protected":false},"author":2,"featured_media":140990,"comment_status":"closed","ping_status":"open","sticky":false,"template":"","format":"standard","meta":[],"categories":[262],"tags":[],"yoast_head":"<!-- This site is optimized with the Yoast SEO plugin v20.1 - https:\/\/yoast.com\/wordpress\/plugins\/seo\/ -->\n<title>JULIE DE LIBRAN | City Guide Paris - De Saint-Germain des pr\u00e9s au Palais Royal | les Germanopratines<\/title>\n<meta name=\"description\" content=\"Designed as both a store and a workshop, Julie de Libran speaks of a &quot;workshop\/boutique&quot; where she welcomes her clients into her world. Her\" \/>\n<meta name=\"robots\" content=\"index, follow, max-snippet:-1, max-image-preview:large, max-video-preview:-1\" \/>\n<link rel=\"canonical\" href=\"https:\/\/www.germanopratines.fr\/en\/appearance\/fashion\/julie-de-libran\/\" \/>\n<meta property=\"og:locale\" content=\"en_US\" \/>\n<meta property=\"og:type\" content=\"article\" \/>\n<meta property=\"og:title\" content=\"JULIE DE LIBRAN | City Guide Paris - De Saint-Germain des pr\u00e9s au Palais Royal | les Germanopratines\" \/>\n<meta property=\"og:description\" content=\"Designed as both a store and a workshop, Julie de Libran speaks of a &quot;workshop\/boutique&quot; where she welcomes her clients into her world. Her\" \/>\n<meta property=\"og:url\" content=\"https:\/\/www.germanopratines.fr\/en\/appearance\/fashion\/julie-de-libran\/\" \/>\n<meta property=\"og:site_name\" content=\"les Germanopratines\" \/>\n<meta property=\"article:publisher\" content=\"https:\/\/www.facebook.com\/lesGermanopratines\/\" \/>\n<meta property=\"article:published_time\" content=\"2018-04-19T18:00:00+00:00\" \/>\n<meta property=\"article:modified_time\" content=\"2026-02-10T18:57:20+00:00\" \/>\n<meta property=\"og:image\" content=\"https:\/\/www.germanopratines.fr\/wp-content\/uploads\/2018\/04\/JULIE-DE-LIBRAN-2026.jpg\" \/>\n\t<meta property=\"og:image:width\" content=\"289\" \/>\n\t<meta property=\"og:image:height\" content=\"256\" \/>\n\t<meta property=\"og:image:type\" content=\"image\/jpeg\" \/>\n<meta name=\"author\" content=\"H\u00e9l\u00e8ne\" \/>\n<meta name=\"twitter:card\" content=\"summary_large_image\" \/>\n<meta name=\"twitter:label1\" content=\"Written by\" \/>\n\t<meta name=\"twitter:data1\" content=\"H\u00e9l\u00e8ne\" \/>\n\t<meta name=\"twitter:label2\" content=\"Est. reading time\" \/>\n\t<meta name=\"twitter:data2\" content=\"3 minutes\" \/>\n<script type=\"application\/ld+json\" class=\"yoast-schema-graph\">{\"@context\":\"https:\/\/schema.org\",\"@graph\":[{\"@type\":\"WebPage\",\"@id\":\"https:\/\/www.germanopratines.fr\/en\/appearance\/fashion\/julie-de-libran\/\",\"url\":\"https:\/\/www.germanopratines.fr\/en\/appearance\/fashion\/julie-de-libran\/\",\"name\":\"JULIE DE LIBRAN | City Guide Paris - De Saint-Germain des pr\u00e9s au Palais Royal | les Germanopratines\",\"isPartOf\":{\"@id\":\"https:\/\/www.germanopratines.fr\/#website\"},\"datePublished\":\"2018-04-19T18:00:00+00:00\",\"dateModified\":\"2026-02-10T18:57:20+00:00\",\"author\":{\"@id\":\"https:\/\/www.germanopratines.fr\/#\/schema\/person\/43c18b9b6ab0cb9aeb48d095821db016\"},\"description\":\"Designed as both a store and a workshop, Julie de Libran speaks of a \\\"workshop\/boutique\\\" where she welcomes her clients into her world. Her\",\"breadcrumb\":{\"@id\":\"https:\/\/www.germanopratines.fr\/en\/appearance\/fashion\/julie-de-libran\/#breadcrumb\"},\"inLanguage\":\"en-US\",\"potentialAction\":[{\"@type\":\"ReadAction\",\"target\":[\"https:\/\/www.germanopratines.fr\/en\/appearance\/fashion\/julie-de-libran\/\"]}]},{\"@type\":\"BreadcrumbList\",\"@id\":\"https:\/\/www.germanopratines.fr\/en\/appearance\/fashion\/julie-de-libran\/#breadcrumb\",\"itemListElement\":[{\"@type\":\"ListItem\",\"position\":1,\"name\":\"Accueil\",\"item\":\"https:\/\/www.germanopratines.fr\/en\/home-2\/\"},{\"@type\":\"ListItem\",\"position\":2,\"name\":\"JULIE DE LIBRAN\"}]},{\"@type\":\"WebSite\",\"@id\":\"https:\/\/www.germanopratines.fr\/#website\",\"url\":\"https:\/\/www.germanopratines.fr\/\",\"name\":\"les Germanopratines\",\"description\":\"City Guide Paris - De Saint-Germain des pr\u00e9s au Palais Royal\",\"potentialAction\":[{\"@type\":\"SearchAction\",\"target\":{\"@type\":\"EntryPoint\",\"urlTemplate\":\"https:\/\/www.germanopratines.fr\/?s={search_term_string}\"},\"query-input\":\"required name=search_term_string\"}],\"inLanguage\":\"en-US\"},{\"@type\":\"Person\",\"@id\":\"https:\/\/www.germanopratines.fr\/#\/schema\/person\/43c18b9b6ab0cb9aeb48d095821db016\",\"name\":\"H\u00e9l\u00e8ne\",\"sameAs\":[\"https:\/\/www.germanopratines.fr\"]}]}<\/script>\n<!-- \/ Yoast SEO plugin. -->","yoast_head_json":{"title":"JULIE DE LIBRAN | City Guide Paris - De Saint-Germain des pr\u00e9s au Palais Royal | les Germanopratines","description":"Designed as both a store and a workshop, Julie de Libran speaks of a \"workshop\/boutique\" where she welcomes her clients into her world. Her","robots":{"index":"index","follow":"follow","max-snippet":"max-snippet:-1","max-image-preview":"max-image-preview:large","max-video-preview":"max-video-preview:-1"},"canonical":"https:\/\/www.germanopratines.fr\/en\/appearance\/fashion\/julie-de-libran\/","og_locale":"en_US","og_type":"article","og_title":"JULIE DE LIBRAN | City Guide Paris - De Saint-Germain des pr\u00e9s au Palais Royal | les Germanopratines","og_description":"Designed as both a store and a workshop, Julie de Libran speaks of a \"workshop\/boutique\" where she welcomes her clients into her world. Her","og_url":"https:\/\/www.germanopratines.fr\/en\/appearance\/fashion\/julie-de-libran\/","og_site_name":"les Germanopratines","article_publisher":"https:\/\/www.facebook.com\/lesGermanopratines\/","article_published_time":"2018-04-19T18:00:00+00:00","article_modified_time":"2026-02-10T18:57:20+00:00","og_image":[{"width":289,"height":256,"url":"https:\/\/www.germanopratines.fr\/wp-content\/uploads\/2018\/04\/JULIE-DE-LIBRAN-2026.jpg","type":"image\/jpeg"}],"author":"H\u00e9l\u00e8ne","twitter_card":"summary_large_image","twitter_misc":{"Written by":"H\u00e9l\u00e8ne","Est. reading time":"3 minutes"},"schema":{"@context":"https:\/\/schema.org","@graph":[{"@type":"WebPage","@id":"https:\/\/www.germanopratines.fr\/en\/appearance\/fashion\/julie-de-libran\/","url":"https:\/\/www.germanopratines.fr\/en\/appearance\/fashion\/julie-de-libran\/","name":"JULIE DE LIBRAN | City Guide Paris - De Saint-Germain des pr\u00e9s au Palais Royal | les Germanopratines","isPartOf":{"@id":"https:\/\/www.germanopratines.fr\/#website"},"datePublished":"2018-04-19T18:00:00+00:00","dateModified":"2026-02-10T18:57:20+00:00","author":{"@id":"https:\/\/www.germanopratines.fr\/#\/schema\/person\/43c18b9b6ab0cb9aeb48d095821db016"},"description":"Designed as both a store and a workshop, Julie de Libran speaks of a \"workshop\/boutique\" where she welcomes her clients into her world. Her","breadcrumb":{"@id":"https:\/\/www.germanopratines.fr\/en\/appearance\/fashion\/julie-de-libran\/#breadcrumb"},"inLanguage":"en-US","potentialAction":[{"@type":"ReadAction","target":["https:\/\/www.germanopratines.fr\/en\/appearance\/fashion\/julie-de-libran\/"]}]},{"@type":"BreadcrumbList","@id":"https:\/\/www.germanopratines.fr\/en\/appearance\/fashion\/julie-de-libran\/#breadcrumb","itemListElement":[{"@type":"ListItem","position":1,"name":"Accueil","item":"https:\/\/www.germanopratines.fr\/en\/home-2\/"},{"@type":"ListItem","position":2,"name":"JULIE DE LIBRAN"}]},{"@type":"WebSite","@id":"https:\/\/www.germanopratines.fr\/#website","url":"https:\/\/www.germanopratines.fr\/","name":"les Germanopratines","description":"City Guide Paris - De Saint-Germain des pr\u00e9s au Palais Royal","potentialAction":[{"@type":"SearchAction","target":{"@type":"EntryPoint","urlTemplate":"https:\/\/www.germanopratines.fr\/?s={search_term_string}"},"query-input":"required name=search_term_string"}],"inLanguage":"en-US"},{"@type":"Person","@id":"https:\/\/www.germanopratines.fr\/#\/schema\/person\/43c18b9b6ab0cb9aeb48d095821db016","name":"H\u00e9l\u00e8ne","sameAs":["https:\/\/www.germanopratines.fr"]}]}},"_links":{"self":[{"href":"https:\/\/www.germanopratines.fr\/en\/wp-json\/wp\/v2\/posts\/121636"}],"collection":[{"href":"https:\/\/www.germanopratines.fr\/en\/wp-json\/wp\/v2\/posts"}],"about":[{"href":"https:\/\/www.germanopratines.fr\/en\/wp-json\/wp\/v2\/types\/post"}],"author":[{"embeddable":true,"href":"https:\/\/www.germanopratines.fr\/en\/wp-json\/wp\/v2\/users\/2"}],"replies":[{"embeddable":true,"href":"https:\/\/www.germanopratines.fr\/en\/wp-json\/wp\/v2\/comments?post=121636"}],"version-history":[{"count":5,"href":"https:\/\/www.germanopratines.fr\/en\/wp-json\/wp\/v2\/posts\/121636\/revisions"}],"predecessor-version":[{"id":139254,"href":"https:\/\/www.germanopratines.fr\/en\/wp-json\/wp\/v2\/posts\/121636\/revisions\/139254"}],"wp:featuredmedia":[{"embeddable":true,"href":"https:\/\/www.germanopratines.fr\/en\/wp-json\/wp\/v2\/media\/140990"}],"wp:attachment":[{"href":"https:\/\/www.germanopratines.fr\/en\/wp-json\/wp\/v2\/media?parent=121636"}],"wp:term":[{"taxonomy":"category","embeddable":true,"href":"https:\/\/www.germanopratines.fr\/en\/wp-json\/wp\/v2\/categories?post=121636"},{"taxonomy":"post_tag","embeddable":true,"href":"https:\/\/www.germanopratines.fr\/en\/wp-json\/wp\/v2\/tags?post=121636"}],"curies":[{"name":"wp","href":"https:\/\/api.w.org\/{rel}","templated":true}]}}