{"id":119535,"date":"2021-05-09T18:44:00","date_gmt":"2021-05-09T16:44:00","guid":{"rendered":"https:\/\/www.germanopratines.fr\/?p=119535"},"modified":"2025-08-20T18:30:15","modified_gmt":"2025-08-20T16:30:15","slug":"charles-tassin","status":"publish","type":"post","link":"https:\/\/www.germanopratines.fr\/en\/decor\/art-deco-design\/charles-tassin\/","title":{"rendered":"Galerie MAY"},"content":{"rendered":"\n<div style=\"height:14px\" aria-hidden=\"true\" class=\"wp-block-spacer\"><\/div>\n\n\n\n<figure class=\"wp-block-image aligncenter size-large is-resized is-style-default\"><a href=\"https:\/\/www.germanopratines.fr\/wp-content\/uploads\/2021\/10\/Charles-Tassin.jpg\"><img decoding=\"async\" loading=\"lazy\" src=\"https:\/\/www.germanopratines.fr\/wp-content\/uploads\/2021\/10\/Charles-Tassin-687x1030.jpg\" alt=\"\" class=\"wp-image-119469\" width=\"781\" height=\"1171\"\/><\/a><\/figure>\n\n\n\n<div style=\"height:40px\" aria-hidden=\"true\" class=\"wp-block-spacer\"><\/div>\n\n\n\n<p>Interior designer, Charles Tassin divides his time between prestigious construction sites and the Galerie May, rue de Lille, where he presents his creations. Perfectly in his time, he knows how to mix all the others, take to each one certain elements that will make him create unique universes.<\/p>\n\n\n\n<div style=\"height:41px\" aria-hidden=\"true\" class=\"wp-block-spacer\"><\/div>\n\n\n\n<figure class=\"wp-block-image size-full is-resized is-style-default\"><a href=\"https:\/\/www.germanopratines.fr\/wp-content\/uploads\/2021\/10\/Charles-Tassin.-Decor-2-1.jpg\"><img decoding=\"async\" loading=\"lazy\" src=\"https:\/\/www.germanopratines.fr\/wp-content\/uploads\/2021\/10\/Charles-Tassin.-Decor-2-1.jpg\" alt=\"\" class=\"wp-image-119475\" width=\"911\" height=\"1076\"\/><\/a><\/figure>\n\n\n\n<div style=\"height:44px\" aria-hidden=\"true\" class=\"wp-block-spacer\"><\/div>\n\n\n\n<p>With the Galerie May and Maylis Queyrat, he publishes furniture designed in the pure tradition of art craftsmanship: marquetry, lacquer or ceramics, with a resolutely contemporary approach. Deeply attached to craftsmanship, he has a very assertive sense of refinement, elegance, but also exuberance, which make all the charm of the French Style.<\/p>\n\n\n\n<div style=\"height:40px\" aria-hidden=\"true\" class=\"wp-block-spacer\"><\/div>\n\n\n\n<figure class=\"wp-block-image size-full is-resized is-style-default\"><a href=\"https:\/\/www.germanopratines.fr\/wp-content\/uploads\/2021\/10\/Charles-Tassin.-Decor-1.jpg\"><img decoding=\"async\" loading=\"lazy\" src=\"https:\/\/www.germanopratines.fr\/wp-content\/uploads\/2021\/10\/Charles-Tassin.-Decor-1.jpg\" alt=\"\" class=\"wp-image-119478\" width=\"910\" height=\"910\"\/><\/a><\/figure>\n\n\n\n<div style=\"height:39px\" aria-hidden=\"true\" class=\"wp-block-spacer\"><\/div>\n\n\n\n<figure class=\"wp-block-image size-full is-resized is-style-default\"><a href=\"https:\/\/www.germanopratines.fr\/wp-content\/uploads\/2021\/10\/Charles-Tassin-Decor.jpg\"><img decoding=\"async\" loading=\"lazy\" src=\"https:\/\/www.germanopratines.fr\/wp-content\/uploads\/2021\/10\/Charles-Tassin-Decor.jpg\" alt=\"\" class=\"wp-image-119483\" width=\"905\" height=\"1207\"\/><\/a><\/figure>\n\n\n\n<div style=\"height:100px\" aria-hidden=\"true\" class=\"wp-block-spacer\"><\/div>\n\n\n\n<h2 class=\"has-text-align-center\">GALERIE MAY<\/h2>\n\n\n\n<h3 class=\"has-text-align-center\">34 rue de Lille 75007 Paris<\/h3>\n","protected":false},"excerpt":{"rendered":"<p>Interior designer, Charles Tassin divides his time between prestigious construction sites and the Galerie May, rue de Lille, where he presents his creations. Perfectly in his time, he knows how to mix all the others, take to each one certain elements that will make him create unique universes. With the Galerie May and Maylis Queyrat, [&hellip;]<\/p>\n","protected":false},"author":2,"featured_media":119470,"comment_status":"closed","ping_status":"open","sticky":false,"template":"","format":"standard","meta":[],"categories":[282],"tags":[],"yoast_head":"<!-- This site is optimized with the Yoast SEO plugin v20.1 - https:\/\/yoast.com\/wordpress\/plugins\/seo\/ -->\n<title>Galerie MAY | Art Deco &amp; Design | City Guide Paris - De Saint-Germain des pr\u00e9s au Palais Royal | les Germanopratines<\/title>\n<meta name=\"description\" content=\"Interior designer, Charles Tassin divides his time between prestigious construction sites and the Galerie May, rue de Lille, where he presents his\" \/>\n<meta name=\"robots\" content=\"index, follow, max-snippet:-1, max-image-preview:large, max-video-preview:-1\" \/>\n<link rel=\"canonical\" href=\"https:\/\/www.germanopratines.fr\/en\/decor\/art-deco-design\/charles-tassin\/\" \/>\n<meta property=\"og:locale\" content=\"en_US\" \/>\n<meta property=\"og:type\" content=\"article\" \/>\n<meta property=\"og:title\" content=\"Galerie MAY | Art Deco &amp; Design | City Guide Paris - De Saint-Germain des pr\u00e9s au Palais Royal | les Germanopratines\" \/>\n<meta property=\"og:description\" content=\"Interior designer, Charles Tassin divides his time between prestigious construction sites and the Galerie May, rue de Lille, where he presents his\" \/>\n<meta property=\"og:url\" content=\"https:\/\/www.germanopratines.fr\/en\/decor\/art-deco-design\/charles-tassin\/\" \/>\n<meta property=\"og:site_name\" content=\"les Germanopratines\" \/>\n<meta property=\"article:publisher\" content=\"https:\/\/www.facebook.com\/lesGermanopratines\/\" \/>\n<meta property=\"article:published_time\" content=\"2021-05-09T16:44:00+00:00\" \/>\n<meta property=\"article:modified_time\" content=\"2025-08-20T16:30:15+00:00\" \/>\n<meta property=\"og:image\" content=\"https:\/\/www.germanopratines.fr\/wp-content\/uploads\/2021\/10\/Charles-Tassin.jpg\" \/>\n\t<meta property=\"og:image:width\" content=\"800\" \/>\n\t<meta property=\"og:image:height\" content=\"1200\" \/>\n\t<meta property=\"og:image:type\" content=\"image\/jpeg\" \/>\n<meta name=\"author\" content=\"H\u00e9l\u00e8ne\" \/>\n<meta name=\"twitter:card\" content=\"summary_large_image\" \/>\n<meta name=\"twitter:label1\" content=\"Written by\" \/>\n\t<meta name=\"twitter:data1\" content=\"H\u00e9l\u00e8ne\" \/>\n\t<meta name=\"twitter:label2\" content=\"Est. reading time\" \/>\n\t<meta name=\"twitter:data2\" content=\"2 minutes\" \/>\n<script type=\"application\/ld+json\" class=\"yoast-schema-graph\">{\"@context\":\"https:\/\/schema.org\",\"@graph\":[{\"@type\":\"WebPage\",\"@id\":\"https:\/\/www.germanopratines.fr\/en\/decor\/art-deco-design\/charles-tassin\/\",\"url\":\"https:\/\/www.germanopratines.fr\/en\/decor\/art-deco-design\/charles-tassin\/\",\"name\":\"Galerie MAY | Art Deco &amp; Design | City Guide Paris - De Saint-Germain des pr\u00e9s au Palais Royal | les Germanopratines\",\"isPartOf\":{\"@id\":\"https:\/\/www.germanopratines.fr\/#website\"},\"datePublished\":\"2021-05-09T16:44:00+00:00\",\"dateModified\":\"2025-08-20T16:30:15+00:00\",\"author\":{\"@id\":\"https:\/\/www.germanopratines.fr\/#\/schema\/person\/43c18b9b6ab0cb9aeb48d095821db016\"},\"description\":\"Interior designer, Charles Tassin divides his time between prestigious construction sites and the Galerie May, rue de Lille, where he presents his\",\"breadcrumb\":{\"@id\":\"https:\/\/www.germanopratines.fr\/en\/decor\/art-deco-design\/charles-tassin\/#breadcrumb\"},\"inLanguage\":\"en-US\",\"potentialAction\":[{\"@type\":\"ReadAction\",\"target\":[\"https:\/\/www.germanopratines.fr\/en\/decor\/art-deco-design\/charles-tassin\/\"]}]},{\"@type\":\"BreadcrumbList\",\"@id\":\"https:\/\/www.germanopratines.fr\/en\/decor\/art-deco-design\/charles-tassin\/#breadcrumb\",\"itemListElement\":[{\"@type\":\"ListItem\",\"position\":1,\"name\":\"Accueil\",\"item\":\"https:\/\/www.germanopratines.fr\/en\/home-2\/\"},{\"@type\":\"ListItem\",\"position\":2,\"name\":\"Galerie MAY\"}]},{\"@type\":\"WebSite\",\"@id\":\"https:\/\/www.germanopratines.fr\/#website\",\"url\":\"https:\/\/www.germanopratines.fr\/\",\"name\":\"les Germanopratines\",\"description\":\"City Guide Paris - De Saint-Germain des pr\u00e9s au Palais Royal\",\"potentialAction\":[{\"@type\":\"SearchAction\",\"target\":{\"@type\":\"EntryPoint\",\"urlTemplate\":\"https:\/\/www.germanopratines.fr\/?s={search_term_string}\"},\"query-input\":\"required name=search_term_string\"}],\"inLanguage\":\"en-US\"},{\"@type\":\"Person\",\"@id\":\"https:\/\/www.germanopratines.fr\/#\/schema\/person\/43c18b9b6ab0cb9aeb48d095821db016\",\"name\":\"H\u00e9l\u00e8ne\",\"sameAs\":[\"https:\/\/www.germanopratines.fr\"]}]}<\/script>\n<!-- \/ Yoast SEO plugin. -->","yoast_head_json":{"title":"Galerie MAY | Art Deco &amp; Design | City Guide Paris - De Saint-Germain des pr\u00e9s au Palais Royal | les Germanopratines","description":"Interior designer, Charles Tassin divides his time between prestigious construction sites and the Galerie May, rue de Lille, where he presents his","robots":{"index":"index","follow":"follow","max-snippet":"max-snippet:-1","max-image-preview":"max-image-preview:large","max-video-preview":"max-video-preview:-1"},"canonical":"https:\/\/www.germanopratines.fr\/en\/decor\/art-deco-design\/charles-tassin\/","og_locale":"en_US","og_type":"article","og_title":"Galerie MAY | Art Deco &amp; Design | City Guide Paris - De Saint-Germain des pr\u00e9s au Palais Royal | les Germanopratines","og_description":"Interior designer, Charles Tassin divides his time between prestigious construction sites and the Galerie May, rue de Lille, where he presents his","og_url":"https:\/\/www.germanopratines.fr\/en\/decor\/art-deco-design\/charles-tassin\/","og_site_name":"les Germanopratines","article_publisher":"https:\/\/www.facebook.com\/lesGermanopratines\/","article_published_time":"2021-05-09T16:44:00+00:00","article_modified_time":"2025-08-20T16:30:15+00:00","og_image":[{"width":800,"height":1200,"url":"https:\/\/www.germanopratines.fr\/wp-content\/uploads\/2021\/10\/Charles-Tassin.jpg","type":"image\/jpeg"}],"author":"H\u00e9l\u00e8ne","twitter_card":"summary_large_image","twitter_misc":{"Written by":"H\u00e9l\u00e8ne","Est. reading time":"2 minutes"},"schema":{"@context":"https:\/\/schema.org","@graph":[{"@type":"WebPage","@id":"https:\/\/www.germanopratines.fr\/en\/decor\/art-deco-design\/charles-tassin\/","url":"https:\/\/www.germanopratines.fr\/en\/decor\/art-deco-design\/charles-tassin\/","name":"Galerie MAY | Art Deco &amp; Design | City Guide Paris - De Saint-Germain des pr\u00e9s au Palais Royal | les Germanopratines","isPartOf":{"@id":"https:\/\/www.germanopratines.fr\/#website"},"datePublished":"2021-05-09T16:44:00+00:00","dateModified":"2025-08-20T16:30:15+00:00","author":{"@id":"https:\/\/www.germanopratines.fr\/#\/schema\/person\/43c18b9b6ab0cb9aeb48d095821db016"},"description":"Interior designer, Charles Tassin divides his time between prestigious construction sites and the Galerie May, rue de Lille, where he presents his","breadcrumb":{"@id":"https:\/\/www.germanopratines.fr\/en\/decor\/art-deco-design\/charles-tassin\/#breadcrumb"},"inLanguage":"en-US","potentialAction":[{"@type":"ReadAction","target":["https:\/\/www.germanopratines.fr\/en\/decor\/art-deco-design\/charles-tassin\/"]}]},{"@type":"BreadcrumbList","@id":"https:\/\/www.germanopratines.fr\/en\/decor\/art-deco-design\/charles-tassin\/#breadcrumb","itemListElement":[{"@type":"ListItem","position":1,"name":"Accueil","item":"https:\/\/www.germanopratines.fr\/en\/home-2\/"},{"@type":"ListItem","position":2,"name":"Galerie MAY"}]},{"@type":"WebSite","@id":"https:\/\/www.germanopratines.fr\/#website","url":"https:\/\/www.germanopratines.fr\/","name":"les Germanopratines","description":"City Guide Paris - De Saint-Germain des pr\u00e9s au Palais Royal","potentialAction":[{"@type":"SearchAction","target":{"@type":"EntryPoint","urlTemplate":"https:\/\/www.germanopratines.fr\/?s={search_term_string}"},"query-input":"required name=search_term_string"}],"inLanguage":"en-US"},{"@type":"Person","@id":"https:\/\/www.germanopratines.fr\/#\/schema\/person\/43c18b9b6ab0cb9aeb48d095821db016","name":"H\u00e9l\u00e8ne","sameAs":["https:\/\/www.germanopratines.fr"]}]}},"_links":{"self":[{"href":"https:\/\/www.germanopratines.fr\/en\/wp-json\/wp\/v2\/posts\/119535"}],"collection":[{"href":"https:\/\/www.germanopratines.fr\/en\/wp-json\/wp\/v2\/posts"}],"about":[{"href":"https:\/\/www.germanopratines.fr\/en\/wp-json\/wp\/v2\/types\/post"}],"author":[{"embeddable":true,"href":"https:\/\/www.germanopratines.fr\/en\/wp-json\/wp\/v2\/users\/2"}],"replies":[{"embeddable":true,"href":"https:\/\/www.germanopratines.fr\/en\/wp-json\/wp\/v2\/comments?post=119535"}],"version-history":[{"count":3,"href":"https:\/\/www.germanopratines.fr\/en\/wp-json\/wp\/v2\/posts\/119535\/revisions"}],"predecessor-version":[{"id":138891,"href":"https:\/\/www.germanopratines.fr\/en\/wp-json\/wp\/v2\/posts\/119535\/revisions\/138891"}],"wp:featuredmedia":[{"embeddable":true,"href":"https:\/\/www.germanopratines.fr\/en\/wp-json\/wp\/v2\/media\/119470"}],"wp:attachment":[{"href":"https:\/\/www.germanopratines.fr\/en\/wp-json\/wp\/v2\/media?parent=119535"}],"wp:term":[{"taxonomy":"category","embeddable":true,"href":"https:\/\/www.germanopratines.fr\/en\/wp-json\/wp\/v2\/categories?post=119535"},{"taxonomy":"post_tag","embeddable":true,"href":"https:\/\/www.germanopratines.fr\/en\/wp-json\/wp\/v2\/tags?post=119535"}],"curies":[{"name":"wp","href":"https:\/\/api.w.org\/{rel}","templated":true}]}}