{"id":119522,"date":"2021-10-09T13:03:05","date_gmt":"2021-10-09T11:03:05","guid":{"rendered":"https:\/\/www.germanopratines.fr\/?p=119522"},"modified":"2026-02-11T21:54:48","modified_gmt":"2026-02-11T19:54:48","slug":"galerie-may","status":"publish","type":"post","link":"https:\/\/www.germanopratines.fr\/en\/decor\/art-deco-design\/galerie-may\/","title":{"rendered":"Galerie MAY"},"content":{"rendered":"\n<figure class=\"wp-block-image is-resized\"><img decoding=\"async\" loading=\"lazy\" src=\"https:\/\/www.germanopratines.fr\/wp-content\/uploads\/2012\/09\/Galerie-MAY-Paris.jpg\" alt=\"\" class=\"wp-image-34682\" width=\"1021\" height=\"1021\" srcset=\"https:\/\/www.germanopratines.fr\/wp-content\/uploads\/2012\/09\/Galerie-MAY-Paris.jpg 630w, https:\/\/www.germanopratines.fr\/wp-content\/uploads\/2012\/09\/Galerie-MAY-Paris-150x150.jpg 150w, https:\/\/www.germanopratines.fr\/wp-content\/uploads\/2012\/09\/Galerie-MAY-Paris-300x300.jpg 300w, https:\/\/www.germanopratines.fr\/wp-content\/uploads\/2012\/09\/Galerie-MAY-Paris-109x109.jpg 109w, https:\/\/www.germanopratines.fr\/wp-content\/uploads\/2012\/09\/Galerie-MAY-Paris-44x44.jpg 44w\" sizes=\"(max-width: 1021px) 100vw, 1021px\" \/><\/figure>\n\n\n\n<div style=\"height:35px\" aria-hidden=\"true\" class=\"wp-block-spacer\"><\/div>\n\n\n\n<p>Maylis Queyrat and Charles Tassin, respectively designer and interior designer, present here their creations that often pay tribute to the 60s and 70s and bring up to date materials that we love such as lacquered wood, patinated steel and polished aluminum.<\/p>\n\n\n\n<div style=\"height:39px\" aria-hidden=\"true\" class=\"wp-block-spacer\"><\/div>\n\n\n\n<figure class=\"wp-block-image is-resized\"><img decoding=\"async\" loading=\"lazy\" src=\"https:\/\/www.germanopratines.fr\/wp-content\/uploads\/2012\/09\/Galerie-MAY-2.jpg\" alt=\"\" class=\"wp-image-34683\" width=\"1025\" height=\"710\" srcset=\"https:\/\/www.germanopratines.fr\/wp-content\/uploads\/2012\/09\/Galerie-MAY-2.jpg 630w, https:\/\/www.germanopratines.fr\/wp-content\/uploads\/2012\/09\/Galerie-MAY-2-300x208.jpg 300w, https:\/\/www.germanopratines.fr\/wp-content\/uploads\/2012\/09\/Galerie-MAY-2-162x112.jpg 162w\" sizes=\"(max-width: 1025px) 100vw, 1025px\" \/><\/figure>\n\n\n\n<div style=\"height:20px\" aria-hidden=\"true\" class=\"wp-block-spacer\"><\/div>\n\n\n\n<figure class=\"wp-block-image is-resized\"><img decoding=\"async\" loading=\"lazy\" src=\"https:\/\/www.germanopratines.fr\/wp-content\/uploads\/2012\/09\/Galerie-MAY.jpg\" alt=\"\" class=\"wp-image-34684\" width=\"1017\" height=\"703\" srcset=\"https:\/\/www.germanopratines.fr\/wp-content\/uploads\/2012\/09\/Galerie-MAY.jpg 630w, https:\/\/www.germanopratines.fr\/wp-content\/uploads\/2012\/09\/Galerie-MAY-300x207.jpg 300w, https:\/\/www.germanopratines.fr\/wp-content\/uploads\/2012\/09\/Galerie-MAY-162x112.jpg 162w\" sizes=\"(max-width: 1017px) 100vw, 1017px\" \/><\/figure>\n\n\n\n<div style=\"height:100px\" aria-hidden=\"true\" class=\"wp-block-spacer\"><\/div>\n\n\n\n<h1 class=\"has-text-align-center\">Galerie MAY<\/h1>\n\n\n\n<h3 class=\"has-text-align-center\"><br><strong>23 rue de Lille&nbsp; 75007 Paris<\/strong><\/h3>\n","protected":false},"excerpt":{"rendered":"<p>Maylis Queyrat and Charles Tassin, respectively designer and interior designer, present here their creations that often pay tribute to the 60s and 70s and bring up to date materials that we love such as lacquered wood, patinated steel and polished aluminum. Galerie MAY 23 rue de Lille&nbsp; 75007 Paris<\/p>\n","protected":false},"author":2,"featured_media":119479,"comment_status":"closed","ping_status":"open","sticky":false,"template":"","format":"standard","meta":[],"categories":[282],"tags":[528,373],"yoast_head":"<!-- This site is optimized with the Yoast SEO plugin v20.1 - https:\/\/yoast.com\/wordpress\/plugins\/seo\/ -->\n<title>Galerie MAY | Art Deco &amp; Design | City Guide Paris - De Saint-Germain des pr\u00e9s au Palais Royal | les Germanopratines<\/title>\n<meta name=\"description\" content=\"Maylis Queyrat and Charles Tassin, respectively designer and interior designer, present here their creations that often pay tribute to the 60s and 70s and\" \/>\n<meta name=\"robots\" content=\"index, follow, max-snippet:-1, max-image-preview:large, max-video-preview:-1\" \/>\n<link rel=\"canonical\" href=\"https:\/\/www.germanopratines.fr\/en\/decor\/art-deco-design\/galerie-may\/\" \/>\n<meta property=\"og:locale\" content=\"en_US\" \/>\n<meta property=\"og:type\" content=\"article\" \/>\n<meta property=\"og:title\" content=\"Galerie MAY | Art Deco &amp; Design | City Guide Paris - De Saint-Germain des pr\u00e9s au Palais Royal | les Germanopratines\" \/>\n<meta property=\"og:description\" content=\"Maylis Queyrat and Charles Tassin, respectively designer and interior designer, present here their creations that often pay tribute to the 60s and 70s and\" \/>\n<meta property=\"og:url\" content=\"https:\/\/www.germanopratines.fr\/en\/decor\/art-deco-design\/galerie-may\/\" \/>\n<meta property=\"og:site_name\" content=\"les Germanopratines\" \/>\n<meta property=\"article:publisher\" content=\"https:\/\/www.facebook.com\/lesGermanopratines\/\" \/>\n<meta property=\"article:published_time\" content=\"2021-10-09T11:03:05+00:00\" \/>\n<meta property=\"article:modified_time\" content=\"2026-02-11T19:54:48+00:00\" \/>\n<meta property=\"og:image\" content=\"https:\/\/www.germanopratines.fr\/wp-content\/uploads\/2021\/10\/Charles-Tassin.-Decor-1.jpg\" \/>\n\t<meta property=\"og:image:width\" content=\"955\" \/>\n\t<meta property=\"og:image:height\" content=\"955\" \/>\n\t<meta property=\"og:image:type\" content=\"image\/jpeg\" \/>\n<meta name=\"author\" content=\"H\u00e9l\u00e8ne\" \/>\n<meta name=\"twitter:card\" content=\"summary_large_image\" \/>\n<meta name=\"twitter:label1\" content=\"Written by\" \/>\n\t<meta name=\"twitter:data1\" content=\"H\u00e9l\u00e8ne\" \/>\n\t<meta name=\"twitter:label2\" content=\"Est. reading time\" \/>\n\t<meta name=\"twitter:data2\" content=\"1 minute\" \/>\n<script type=\"application\/ld+json\" class=\"yoast-schema-graph\">{\"@context\":\"https:\/\/schema.org\",\"@graph\":[{\"@type\":\"WebPage\",\"@id\":\"https:\/\/www.germanopratines.fr\/en\/decor\/art-deco-design\/galerie-may\/\",\"url\":\"https:\/\/www.germanopratines.fr\/en\/decor\/art-deco-design\/galerie-may\/\",\"name\":\"Galerie MAY | Art Deco &amp; Design | City Guide Paris - De Saint-Germain des pr\u00e9s au Palais Royal | les Germanopratines\",\"isPartOf\":{\"@id\":\"https:\/\/www.germanopratines.fr\/#website\"},\"datePublished\":\"2021-10-09T11:03:05+00:00\",\"dateModified\":\"2026-02-11T19:54:48+00:00\",\"author\":{\"@id\":\"https:\/\/www.germanopratines.fr\/#\/schema\/person\/43c18b9b6ab0cb9aeb48d095821db016\"},\"description\":\"Maylis Queyrat and Charles Tassin, respectively designer and interior designer, present here their creations that often pay tribute to the 60s and 70s and\",\"breadcrumb\":{\"@id\":\"https:\/\/www.germanopratines.fr\/en\/decor\/art-deco-design\/galerie-may\/#breadcrumb\"},\"inLanguage\":\"en-US\",\"potentialAction\":[{\"@type\":\"ReadAction\",\"target\":[\"https:\/\/www.germanopratines.fr\/en\/decor\/art-deco-design\/galerie-may\/\"]}]},{\"@type\":\"BreadcrumbList\",\"@id\":\"https:\/\/www.germanopratines.fr\/en\/decor\/art-deco-design\/galerie-may\/#breadcrumb\",\"itemListElement\":[{\"@type\":\"ListItem\",\"position\":1,\"name\":\"Accueil\",\"item\":\"https:\/\/www.germanopratines.fr\/en\/home-2\/\"},{\"@type\":\"ListItem\",\"position\":2,\"name\":\"Galerie MAY\"}]},{\"@type\":\"WebSite\",\"@id\":\"https:\/\/www.germanopratines.fr\/#website\",\"url\":\"https:\/\/www.germanopratines.fr\/\",\"name\":\"les Germanopratines\",\"description\":\"City Guide Paris - De Saint-Germain des pr\u00e9s au Palais Royal\",\"potentialAction\":[{\"@type\":\"SearchAction\",\"target\":{\"@type\":\"EntryPoint\",\"urlTemplate\":\"https:\/\/www.germanopratines.fr\/?s={search_term_string}\"},\"query-input\":\"required name=search_term_string\"}],\"inLanguage\":\"en-US\"},{\"@type\":\"Person\",\"@id\":\"https:\/\/www.germanopratines.fr\/#\/schema\/person\/43c18b9b6ab0cb9aeb48d095821db016\",\"name\":\"H\u00e9l\u00e8ne\",\"sameAs\":[\"https:\/\/www.germanopratines.fr\"]}]}<\/script>\n<!-- \/ Yoast SEO plugin. -->","yoast_head_json":{"title":"Galerie MAY | Art Deco &amp; Design | City Guide Paris - De Saint-Germain des pr\u00e9s au Palais Royal | les Germanopratines","description":"Maylis Queyrat and Charles Tassin, respectively designer and interior designer, present here their creations that often pay tribute to the 60s and 70s and","robots":{"index":"index","follow":"follow","max-snippet":"max-snippet:-1","max-image-preview":"max-image-preview:large","max-video-preview":"max-video-preview:-1"},"canonical":"https:\/\/www.germanopratines.fr\/en\/decor\/art-deco-design\/galerie-may\/","og_locale":"en_US","og_type":"article","og_title":"Galerie MAY | Art Deco &amp; Design | City Guide Paris - De Saint-Germain des pr\u00e9s au Palais Royal | les Germanopratines","og_description":"Maylis Queyrat and Charles Tassin, respectively designer and interior designer, present here their creations that often pay tribute to the 60s and 70s and","og_url":"https:\/\/www.germanopratines.fr\/en\/decor\/art-deco-design\/galerie-may\/","og_site_name":"les Germanopratines","article_publisher":"https:\/\/www.facebook.com\/lesGermanopratines\/","article_published_time":"2021-10-09T11:03:05+00:00","article_modified_time":"2026-02-11T19:54:48+00:00","og_image":[{"width":955,"height":955,"url":"https:\/\/www.germanopratines.fr\/wp-content\/uploads\/2021\/10\/Charles-Tassin.-Decor-1.jpg","type":"image\/jpeg"}],"author":"H\u00e9l\u00e8ne","twitter_card":"summary_large_image","twitter_misc":{"Written by":"H\u00e9l\u00e8ne","Est. reading time":"1 minute"},"schema":{"@context":"https:\/\/schema.org","@graph":[{"@type":"WebPage","@id":"https:\/\/www.germanopratines.fr\/en\/decor\/art-deco-design\/galerie-may\/","url":"https:\/\/www.germanopratines.fr\/en\/decor\/art-deco-design\/galerie-may\/","name":"Galerie MAY | Art Deco &amp; Design | City Guide Paris - De Saint-Germain des pr\u00e9s au Palais Royal | les Germanopratines","isPartOf":{"@id":"https:\/\/www.germanopratines.fr\/#website"},"datePublished":"2021-10-09T11:03:05+00:00","dateModified":"2026-02-11T19:54:48+00:00","author":{"@id":"https:\/\/www.germanopratines.fr\/#\/schema\/person\/43c18b9b6ab0cb9aeb48d095821db016"},"description":"Maylis Queyrat and Charles Tassin, respectively designer and interior designer, present here their creations that often pay tribute to the 60s and 70s and","breadcrumb":{"@id":"https:\/\/www.germanopratines.fr\/en\/decor\/art-deco-design\/galerie-may\/#breadcrumb"},"inLanguage":"en-US","potentialAction":[{"@type":"ReadAction","target":["https:\/\/www.germanopratines.fr\/en\/decor\/art-deco-design\/galerie-may\/"]}]},{"@type":"BreadcrumbList","@id":"https:\/\/www.germanopratines.fr\/en\/decor\/art-deco-design\/galerie-may\/#breadcrumb","itemListElement":[{"@type":"ListItem","position":1,"name":"Accueil","item":"https:\/\/www.germanopratines.fr\/en\/home-2\/"},{"@type":"ListItem","position":2,"name":"Galerie MAY"}]},{"@type":"WebSite","@id":"https:\/\/www.germanopratines.fr\/#website","url":"https:\/\/www.germanopratines.fr\/","name":"les Germanopratines","description":"City Guide Paris - De Saint-Germain des pr\u00e9s au Palais Royal","potentialAction":[{"@type":"SearchAction","target":{"@type":"EntryPoint","urlTemplate":"https:\/\/www.germanopratines.fr\/?s={search_term_string}"},"query-input":"required name=search_term_string"}],"inLanguage":"en-US"},{"@type":"Person","@id":"https:\/\/www.germanopratines.fr\/#\/schema\/person\/43c18b9b6ab0cb9aeb48d095821db016","name":"H\u00e9l\u00e8ne","sameAs":["https:\/\/www.germanopratines.fr"]}]}},"_links":{"self":[{"href":"https:\/\/www.germanopratines.fr\/en\/wp-json\/wp\/v2\/posts\/119522"}],"collection":[{"href":"https:\/\/www.germanopratines.fr\/en\/wp-json\/wp\/v2\/posts"}],"about":[{"href":"https:\/\/www.germanopratines.fr\/en\/wp-json\/wp\/v2\/types\/post"}],"author":[{"embeddable":true,"href":"https:\/\/www.germanopratines.fr\/en\/wp-json\/wp\/v2\/users\/2"}],"replies":[{"embeddable":true,"href":"https:\/\/www.germanopratines.fr\/en\/wp-json\/wp\/v2\/comments?post=119522"}],"version-history":[{"count":3,"href":"https:\/\/www.germanopratines.fr\/en\/wp-json\/wp\/v2\/posts\/119522\/revisions"}],"predecessor-version":[{"id":141096,"href":"https:\/\/www.germanopratines.fr\/en\/wp-json\/wp\/v2\/posts\/119522\/revisions\/141096"}],"wp:featuredmedia":[{"embeddable":true,"href":"https:\/\/www.germanopratines.fr\/en\/wp-json\/wp\/v2\/media\/119479"}],"wp:attachment":[{"href":"https:\/\/www.germanopratines.fr\/en\/wp-json\/wp\/v2\/media?parent=119522"}],"wp:term":[{"taxonomy":"category","embeddable":true,"href":"https:\/\/www.germanopratines.fr\/en\/wp-json\/wp\/v2\/categories?post=119522"},{"taxonomy":"post_tag","embeddable":true,"href":"https:\/\/www.germanopratines.fr\/en\/wp-json\/wp\/v2\/tags?post=119522"}],"curies":[{"name":"wp","href":"https:\/\/api.w.org\/{rel}","templated":true}]}}