{"id":119513,"date":"2019-10-04T18:54:00","date_gmt":"2019-10-04T16:54:00","guid":{"rendered":"https:\/\/www.germanopratines.fr\/?p=119513"},"modified":"2026-02-10T10:27:41","modified_gmt":"2026-02-10T08:27:41","slug":"barbara-bui","status":"publish","type":"post","link":"https:\/\/www.germanopratines.fr\/en\/appearance\/fashion\/barbara-bui\/","title":{"rendered":"BARBARA BUI"},"content":{"rendered":"\n<figure class=\"wp-block-image size-full is-resized is-style-default\"><a href=\"https:\/\/www.germanopratines.fr\/wp-content\/uploads\/2021\/10\/B.BUI_.jpg\"><img decoding=\"async\" loading=\"lazy\" src=\"https:\/\/www.germanopratines.fr\/wp-content\/uploads\/2021\/10\/B.BUI_.jpg\" alt=\"\" class=\"wp-image-119429\" width=\"1046\" height=\"590\" srcset=\"https:\/\/www.germanopratines.fr\/wp-content\/uploads\/2021\/10\/B.BUI_.jpg 885w, https:\/\/www.germanopratines.fr\/wp-content\/uploads\/2021\/10\/B.BUI_-300x169.jpg 300w, https:\/\/www.germanopratines.fr\/wp-content\/uploads\/2021\/10\/B.BUI_-768x434.jpg 768w, https:\/\/www.germanopratines.fr\/wp-content\/uploads\/2021\/10\/B.BUI_-705x398.jpg 705w, https:\/\/www.germanopratines.fr\/wp-content\/uploads\/2021\/10\/B.BUI_-450x254.jpg 450w\" sizes=\"(max-width: 1046px) 100vw, 1046px\" \/><\/a><\/figure>\n\n\n\n<div style=\"height:32px\" aria-hidden=\"true\" class=\"wp-block-spacer\"><\/div>\n\n\n\n<p>Since her beginnings, Barbara Bui has dressed women in a way that is uniquely hers: strong and fragile at the same time, masculine as well as feminine. She loves rock for its music but also for its personalities whose attitude and freedom always inspire her. Thus, she refuses to create pieces that are too &#8220;fashionable&#8221; to give those who wear them the opportunity to truly make them their own, to be free. But there are two things on which she will never compromise: the impeccable cut of her clothes and the quality of the materials she uses, whether leather, vinyl, or silk. Her wardrobe is absolutely timeless.<\/p>\n\n\n\n<div style=\"height:43px\" aria-hidden=\"true\" class=\"wp-block-spacer\"><\/div>\n\n\n\n<h2 class=\"has-text-align-center\">SPRING \/ SUMMER 2026<\/h2>\n\n\n\n<div style=\"height:34px\" aria-hidden=\"true\" class=\"wp-block-spacer\"><\/div>\n\n\n\n<figure class=\"wp-block-image size-large is-resized\"><a href=\"https:\/\/www.germanopratines.fr\/wp-content\/uploads\/2019\/10\/BARBARA-BUI-SS-2026-5.jpg\"><img decoding=\"async\" loading=\"lazy\" src=\"https:\/\/www.germanopratines.fr\/wp-content\/uploads\/2019\/10\/BARBARA-BUI-SS-2026-5-635x1030.jpg\" alt=\"\" class=\"wp-image-140507\" width=\"1022\" height=\"1659\" srcset=\"https:\/\/www.germanopratines.fr\/wp-content\/uploads\/2019\/10\/BARBARA-BUI-SS-2026-5-635x1030.jpg 635w, https:\/\/www.germanopratines.fr\/wp-content\/uploads\/2019\/10\/BARBARA-BUI-SS-2026-5-185x300.jpg 185w, https:\/\/www.germanopratines.fr\/wp-content\/uploads\/2019\/10\/BARBARA-BUI-SS-2026-5-768x1246.jpg 768w, https:\/\/www.germanopratines.fr\/wp-content\/uploads\/2019\/10\/BARBARA-BUI-SS-2026-5-947x1536.jpg 947w, https:\/\/www.germanopratines.fr\/wp-content\/uploads\/2019\/10\/BARBARA-BUI-SS-2026-5-435x705.jpg 435w, https:\/\/www.germanopratines.fr\/wp-content\/uploads\/2019\/10\/BARBARA-BUI-SS-2026-5.jpg 1125w\" sizes=\"(max-width: 1022px) 100vw, 1022px\" \/><\/a><\/figure>\n\n\n\n<div style=\"height:24px\" aria-hidden=\"true\" class=\"wp-block-spacer\"><\/div>\n\n\n\n<figure class=\"wp-block-image size-large is-resized\"><a href=\"https:\/\/www.germanopratines.fr\/wp-content\/uploads\/2019\/10\/BARBARA-BUI-SS-2026-6.jpg\"><img decoding=\"async\" loading=\"lazy\" src=\"https:\/\/www.germanopratines.fr\/wp-content\/uploads\/2019\/10\/BARBARA-BUI-SS-2026-6-628x1030.jpg\" alt=\"\" class=\"wp-image-140509\" width=\"1025\" height=\"1682\" srcset=\"https:\/\/www.germanopratines.fr\/wp-content\/uploads\/2019\/10\/BARBARA-BUI-SS-2026-6-628x1030.jpg 628w, https:\/\/www.germanopratines.fr\/wp-content\/uploads\/2019\/10\/BARBARA-BUI-SS-2026-6-183x300.jpg 183w, https:\/\/www.germanopratines.fr\/wp-content\/uploads\/2019\/10\/BARBARA-BUI-SS-2026-6-768x1260.jpg 768w, https:\/\/www.germanopratines.fr\/wp-content\/uploads\/2019\/10\/BARBARA-BUI-SS-2026-6-915x1500.jpg 915w, https:\/\/www.germanopratines.fr\/wp-content\/uploads\/2019\/10\/BARBARA-BUI-SS-2026-6-430x705.jpg 430w, https:\/\/www.germanopratines.fr\/wp-content\/uploads\/2019\/10\/BARBARA-BUI-SS-2026-6.jpg 1125w\" sizes=\"(max-width: 1025px) 100vw, 1025px\" \/><\/a><\/figure>\n\n\n\n<div style=\"height:25px\" aria-hidden=\"true\" class=\"wp-block-spacer\"><\/div>\n\n\n\n<figure class=\"wp-block-image size-large is-resized\"><a href=\"https:\/\/www.germanopratines.fr\/wp-content\/uploads\/2019\/10\/BARBARA-BUI-SS-2026-4.jpg\"><img decoding=\"async\" loading=\"lazy\" src=\"https:\/\/www.germanopratines.fr\/wp-content\/uploads\/2019\/10\/BARBARA-BUI-SS-2026-4-630x1030.jpg\" alt=\"\" class=\"wp-image-140511\" width=\"1030\" height=\"1684\" srcset=\"https:\/\/www.germanopratines.fr\/wp-content\/uploads\/2019\/10\/BARBARA-BUI-SS-2026-4-630x1030.jpg 630w, https:\/\/www.germanopratines.fr\/wp-content\/uploads\/2019\/10\/BARBARA-BUI-SS-2026-4-183x300.jpg 183w, https:\/\/www.germanopratines.fr\/wp-content\/uploads\/2019\/10\/BARBARA-BUI-SS-2026-4-768x1256.jpg 768w, https:\/\/www.germanopratines.fr\/wp-content\/uploads\/2019\/10\/BARBARA-BUI-SS-2026-4-939x1536.jpg 939w, https:\/\/www.germanopratines.fr\/wp-content\/uploads\/2019\/10\/BARBARA-BUI-SS-2026-4-917x1500.jpg 917w, https:\/\/www.germanopratines.fr\/wp-content\/uploads\/2019\/10\/BARBARA-BUI-SS-2026-4-431x705.jpg 431w, https:\/\/www.germanopratines.fr\/wp-content\/uploads\/2019\/10\/BARBARA-BUI-SS-2026-4.jpg 1125w\" sizes=\"(max-width: 1030px) 100vw, 1030px\" \/><\/a><\/figure>\n\n\n\n<div style=\"height:25px\" aria-hidden=\"true\" class=\"wp-block-spacer\"><\/div>\n\n\n\n<figure class=\"wp-block-image size-large is-resized\"><a href=\"https:\/\/www.germanopratines.fr\/wp-content\/uploads\/2019\/10\/BARBARA-BUI-SS-2026-3.jpg\"><img decoding=\"async\" loading=\"lazy\" src=\"https:\/\/www.germanopratines.fr\/wp-content\/uploads\/2019\/10\/BARBARA-BUI-SS-2026-3-634x1030.jpg\" alt=\"\" class=\"wp-image-140514\" width=\"1025\" height=\"1665\" srcset=\"https:\/\/www.germanopratines.fr\/wp-content\/uploads\/2019\/10\/BARBARA-BUI-SS-2026-3-634x1030.jpg 634w, https:\/\/www.germanopratines.fr\/wp-content\/uploads\/2019\/10\/BARBARA-BUI-SS-2026-3-185x300.jpg 185w, https:\/\/www.germanopratines.fr\/wp-content\/uploads\/2019\/10\/BARBARA-BUI-SS-2026-3-768x1248.jpg 768w, https:\/\/www.germanopratines.fr\/wp-content\/uploads\/2019\/10\/BARBARA-BUI-SS-2026-3-945x1536.jpg 945w, https:\/\/www.germanopratines.fr\/wp-content\/uploads\/2019\/10\/BARBARA-BUI-SS-2026-3-923x1500.jpg 923w, https:\/\/www.germanopratines.fr\/wp-content\/uploads\/2019\/10\/BARBARA-BUI-SS-2026-3-434x705.jpg 434w, https:\/\/www.germanopratines.fr\/wp-content\/uploads\/2019\/10\/BARBARA-BUI-SS-2026-3.jpg 1125w\" sizes=\"(max-width: 1025px) 100vw, 1025px\" \/><\/a><\/figure>\n\n\n\n<div style=\"height:25px\" aria-hidden=\"true\" class=\"wp-block-spacer\"><\/div>\n\n\n\n<figure class=\"wp-block-image size-large is-resized\"><a href=\"https:\/\/www.germanopratines.fr\/wp-content\/uploads\/2019\/10\/BARBARA-BUI-SS-2026-1.jpg\"><img decoding=\"async\" loading=\"lazy\" src=\"https:\/\/www.germanopratines.fr\/wp-content\/uploads\/2019\/10\/BARBARA-BUI-SS-2026-1-627x1030.jpg\" alt=\"\" class=\"wp-image-140516\" width=\"1024\" height=\"1683\" srcset=\"https:\/\/www.germanopratines.fr\/wp-content\/uploads\/2019\/10\/BARBARA-BUI-SS-2026-1-627x1030.jpg 627w, https:\/\/www.germanopratines.fr\/wp-content\/uploads\/2019\/10\/BARBARA-BUI-SS-2026-1-183x300.jpg 183w, https:\/\/www.germanopratines.fr\/wp-content\/uploads\/2019\/10\/BARBARA-BUI-SS-2026-1-768x1262.jpg 768w, https:\/\/www.germanopratines.fr\/wp-content\/uploads\/2019\/10\/BARBARA-BUI-SS-2026-1-935x1536.jpg 935w, https:\/\/www.germanopratines.fr\/wp-content\/uploads\/2019\/10\/BARBARA-BUI-SS-2026-1-913x1500.jpg 913w, https:\/\/www.germanopratines.fr\/wp-content\/uploads\/2019\/10\/BARBARA-BUI-SS-2026-1-429x705.jpg 429w, https:\/\/www.germanopratines.fr\/wp-content\/uploads\/2019\/10\/BARBARA-BUI-SS-2026-1.jpg 1125w\" sizes=\"(max-width: 1024px) 100vw, 1024px\" \/><\/a><\/figure>\n\n\n\n<div style=\"height:25px\" aria-hidden=\"true\" class=\"wp-block-spacer\"><\/div>\n\n\n\n<figure class=\"wp-block-image size-large is-resized\"><a href=\"https:\/\/www.germanopratines.fr\/wp-content\/uploads\/2019\/10\/BARBARA-BUI-SS-2026-2.jpg\"><img decoding=\"async\" loading=\"lazy\" src=\"https:\/\/www.germanopratines.fr\/wp-content\/uploads\/2019\/10\/BARBARA-BUI-SS-2026-2-632x1030.jpg\" alt=\"\" class=\"wp-image-140518\" width=\"1024\" height=\"1669\" srcset=\"https:\/\/www.germanopratines.fr\/wp-content\/uploads\/2019\/10\/BARBARA-BUI-SS-2026-2-632x1030.jpg 632w, https:\/\/www.germanopratines.fr\/wp-content\/uploads\/2019\/10\/BARBARA-BUI-SS-2026-2-184x300.jpg 184w, https:\/\/www.germanopratines.fr\/wp-content\/uploads\/2019\/10\/BARBARA-BUI-SS-2026-2-768x1251.jpg 768w, https:\/\/www.germanopratines.fr\/wp-content\/uploads\/2019\/10\/BARBARA-BUI-SS-2026-2-943x1536.jpg 943w, https:\/\/www.germanopratines.fr\/wp-content\/uploads\/2019\/10\/BARBARA-BUI-SS-2026-2-921x1500.jpg 921w, https:\/\/www.germanopratines.fr\/wp-content\/uploads\/2019\/10\/BARBARA-BUI-SS-2026-2-433x705.jpg 433w, https:\/\/www.germanopratines.fr\/wp-content\/uploads\/2019\/10\/BARBARA-BUI-SS-2026-2.jpg 1125w\" sizes=\"(max-width: 1024px) 100vw, 1024px\" \/><\/a><\/figure>\n\n\n\n<div style=\"height:100px\" aria-hidden=\"true\" class=\"wp-block-spacer\"><\/div>\n\n\n\n<h1 class=\"has-text-align-center\">BARBARA BUI<\/h1>\n\n\n\n<div style=\"height:17px\" aria-hidden=\"true\" class=\"wp-block-spacer\"><\/div>\n\n\n\n<h3 class=\"has-text-align-center\">67 Rue des Saints-P\u00e8res 75006 Paris&nbsp;<\/h3>\n","protected":false},"excerpt":{"rendered":"<p>Since her beginnings, Barbara Bui has dressed women in a way that is uniquely hers: strong and fragile at the same time, masculine as well as feminine. She loves rock for its music but also for its personalities whose attitude and freedom always inspire her. Thus, she refuses to create pieces that are too &#8220;fashionable&#8221; [&hellip;]<\/p>\n","protected":false},"author":2,"featured_media":140521,"comment_status":"closed","ping_status":"open","sticky":false,"template":"","format":"standard","meta":[],"categories":[262],"tags":[],"yoast_head":"<!-- This site is optimized with the Yoast SEO plugin v20.1 - https:\/\/yoast.com\/wordpress\/plugins\/seo\/ -->\n<title>BARBARA BUI | City Guide Paris - De Saint-Germain des pr\u00e9s au Palais Royal | les Germanopratines<\/title>\n<meta name=\"description\" content=\"Since her beginnings, Barbara Bui has dressed women in a way that is uniquely hers: strong and fragile at the same time, masculine as well as feminine.\" \/>\n<meta name=\"robots\" content=\"index, follow, max-snippet:-1, max-image-preview:large, max-video-preview:-1\" \/>\n<link rel=\"canonical\" href=\"https:\/\/www.germanopratines.fr\/en\/appearance\/fashion\/barbara-bui\/\" \/>\n<meta property=\"og:locale\" content=\"en_US\" \/>\n<meta property=\"og:type\" content=\"article\" \/>\n<meta property=\"og:title\" content=\"BARBARA BUI | City Guide Paris - De Saint-Germain des pr\u00e9s au Palais Royal | les Germanopratines\" \/>\n<meta property=\"og:description\" content=\"Since her beginnings, Barbara Bui has dressed women in a way that is uniquely hers: strong and fragile at the same time, masculine as well as feminine.\" \/>\n<meta property=\"og:url\" content=\"https:\/\/www.germanopratines.fr\/en\/appearance\/fashion\/barbara-bui\/\" \/>\n<meta property=\"og:site_name\" content=\"les Germanopratines\" \/>\n<meta property=\"article:publisher\" content=\"https:\/\/www.facebook.com\/lesGermanopratines\/\" \/>\n<meta property=\"article:published_time\" content=\"2019-10-04T16:54:00+00:00\" \/>\n<meta property=\"article:modified_time\" content=\"2026-02-10T08:27:41+00:00\" \/>\n<meta property=\"og:image\" content=\"https:\/\/www.germanopratines.fr\/wp-content\/uploads\/2019\/10\/BARBARA-BUI-SS-2026-7.jpg\" \/>\n\t<meta property=\"og:image:width\" content=\"414\" \/>\n\t<meta property=\"og:image:height\" content=\"328\" \/>\n\t<meta property=\"og:image:type\" content=\"image\/jpeg\" \/>\n<meta name=\"author\" content=\"H\u00e9l\u00e8ne\" \/>\n<meta name=\"twitter:card\" content=\"summary_large_image\" \/>\n<meta name=\"twitter:label1\" content=\"Written by\" \/>\n\t<meta name=\"twitter:data1\" content=\"H\u00e9l\u00e8ne\" \/>\n\t<meta name=\"twitter:label2\" content=\"Est. reading time\" \/>\n\t<meta name=\"twitter:data2\" content=\"3 minutes\" \/>\n<script type=\"application\/ld+json\" class=\"yoast-schema-graph\">{\"@context\":\"https:\/\/schema.org\",\"@graph\":[{\"@type\":\"WebPage\",\"@id\":\"https:\/\/www.germanopratines.fr\/en\/appearance\/fashion\/barbara-bui\/\",\"url\":\"https:\/\/www.germanopratines.fr\/en\/appearance\/fashion\/barbara-bui\/\",\"name\":\"BARBARA BUI | City Guide Paris - De Saint-Germain des pr\u00e9s au Palais Royal | les Germanopratines\",\"isPartOf\":{\"@id\":\"https:\/\/www.germanopratines.fr\/#website\"},\"datePublished\":\"2019-10-04T16:54:00+00:00\",\"dateModified\":\"2026-02-10T08:27:41+00:00\",\"author\":{\"@id\":\"https:\/\/www.germanopratines.fr\/#\/schema\/person\/43c18b9b6ab0cb9aeb48d095821db016\"},\"description\":\"Since her beginnings, Barbara Bui has dressed women in a way that is uniquely hers: strong and fragile at the same time, masculine as well as feminine.\",\"breadcrumb\":{\"@id\":\"https:\/\/www.germanopratines.fr\/en\/appearance\/fashion\/barbara-bui\/#breadcrumb\"},\"inLanguage\":\"en-US\",\"potentialAction\":[{\"@type\":\"ReadAction\",\"target\":[\"https:\/\/www.germanopratines.fr\/en\/appearance\/fashion\/barbara-bui\/\"]}]},{\"@type\":\"BreadcrumbList\",\"@id\":\"https:\/\/www.germanopratines.fr\/en\/appearance\/fashion\/barbara-bui\/#breadcrumb\",\"itemListElement\":[{\"@type\":\"ListItem\",\"position\":1,\"name\":\"Accueil\",\"item\":\"https:\/\/www.germanopratines.fr\/en\/home-2\/\"},{\"@type\":\"ListItem\",\"position\":2,\"name\":\"BARBARA BUI\"}]},{\"@type\":\"WebSite\",\"@id\":\"https:\/\/www.germanopratines.fr\/#website\",\"url\":\"https:\/\/www.germanopratines.fr\/\",\"name\":\"les Germanopratines\",\"description\":\"City Guide Paris - De Saint-Germain des pr\u00e9s au Palais Royal\",\"potentialAction\":[{\"@type\":\"SearchAction\",\"target\":{\"@type\":\"EntryPoint\",\"urlTemplate\":\"https:\/\/www.germanopratines.fr\/?s={search_term_string}\"},\"query-input\":\"required name=search_term_string\"}],\"inLanguage\":\"en-US\"},{\"@type\":\"Person\",\"@id\":\"https:\/\/www.germanopratines.fr\/#\/schema\/person\/43c18b9b6ab0cb9aeb48d095821db016\",\"name\":\"H\u00e9l\u00e8ne\",\"sameAs\":[\"https:\/\/www.germanopratines.fr\"]}]}<\/script>\n<!-- \/ Yoast SEO plugin. -->","yoast_head_json":{"title":"BARBARA BUI | City Guide Paris - De Saint-Germain des pr\u00e9s au Palais Royal | les Germanopratines","description":"Since her beginnings, Barbara Bui has dressed women in a way that is uniquely hers: strong and fragile at the same time, masculine as well as feminine.","robots":{"index":"index","follow":"follow","max-snippet":"max-snippet:-1","max-image-preview":"max-image-preview:large","max-video-preview":"max-video-preview:-1"},"canonical":"https:\/\/www.germanopratines.fr\/en\/appearance\/fashion\/barbara-bui\/","og_locale":"en_US","og_type":"article","og_title":"BARBARA BUI | City Guide Paris - De Saint-Germain des pr\u00e9s au Palais Royal | les Germanopratines","og_description":"Since her beginnings, Barbara Bui has dressed women in a way that is uniquely hers: strong and fragile at the same time, masculine as well as feminine.","og_url":"https:\/\/www.germanopratines.fr\/en\/appearance\/fashion\/barbara-bui\/","og_site_name":"les Germanopratines","article_publisher":"https:\/\/www.facebook.com\/lesGermanopratines\/","article_published_time":"2019-10-04T16:54:00+00:00","article_modified_time":"2026-02-10T08:27:41+00:00","og_image":[{"width":414,"height":328,"url":"https:\/\/www.germanopratines.fr\/wp-content\/uploads\/2019\/10\/BARBARA-BUI-SS-2026-7.jpg","type":"image\/jpeg"}],"author":"H\u00e9l\u00e8ne","twitter_card":"summary_large_image","twitter_misc":{"Written by":"H\u00e9l\u00e8ne","Est. reading time":"3 minutes"},"schema":{"@context":"https:\/\/schema.org","@graph":[{"@type":"WebPage","@id":"https:\/\/www.germanopratines.fr\/en\/appearance\/fashion\/barbara-bui\/","url":"https:\/\/www.germanopratines.fr\/en\/appearance\/fashion\/barbara-bui\/","name":"BARBARA BUI | City Guide Paris - De Saint-Germain des pr\u00e9s au Palais Royal | les Germanopratines","isPartOf":{"@id":"https:\/\/www.germanopratines.fr\/#website"},"datePublished":"2019-10-04T16:54:00+00:00","dateModified":"2026-02-10T08:27:41+00:00","author":{"@id":"https:\/\/www.germanopratines.fr\/#\/schema\/person\/43c18b9b6ab0cb9aeb48d095821db016"},"description":"Since her beginnings, Barbara Bui has dressed women in a way that is uniquely hers: strong and fragile at the same time, masculine as well as feminine.","breadcrumb":{"@id":"https:\/\/www.germanopratines.fr\/en\/appearance\/fashion\/barbara-bui\/#breadcrumb"},"inLanguage":"en-US","potentialAction":[{"@type":"ReadAction","target":["https:\/\/www.germanopratines.fr\/en\/appearance\/fashion\/barbara-bui\/"]}]},{"@type":"BreadcrumbList","@id":"https:\/\/www.germanopratines.fr\/en\/appearance\/fashion\/barbara-bui\/#breadcrumb","itemListElement":[{"@type":"ListItem","position":1,"name":"Accueil","item":"https:\/\/www.germanopratines.fr\/en\/home-2\/"},{"@type":"ListItem","position":2,"name":"BARBARA BUI"}]},{"@type":"WebSite","@id":"https:\/\/www.germanopratines.fr\/#website","url":"https:\/\/www.germanopratines.fr\/","name":"les Germanopratines","description":"City Guide Paris - De Saint-Germain des pr\u00e9s au Palais Royal","potentialAction":[{"@type":"SearchAction","target":{"@type":"EntryPoint","urlTemplate":"https:\/\/www.germanopratines.fr\/?s={search_term_string}"},"query-input":"required name=search_term_string"}],"inLanguage":"en-US"},{"@type":"Person","@id":"https:\/\/www.germanopratines.fr\/#\/schema\/person\/43c18b9b6ab0cb9aeb48d095821db016","name":"H\u00e9l\u00e8ne","sameAs":["https:\/\/www.germanopratines.fr"]}]}},"_links":{"self":[{"href":"https:\/\/www.germanopratines.fr\/en\/wp-json\/wp\/v2\/posts\/119513"}],"collection":[{"href":"https:\/\/www.germanopratines.fr\/en\/wp-json\/wp\/v2\/posts"}],"about":[{"href":"https:\/\/www.germanopratines.fr\/en\/wp-json\/wp\/v2\/types\/post"}],"author":[{"embeddable":true,"href":"https:\/\/www.germanopratines.fr\/en\/wp-json\/wp\/v2\/users\/2"}],"replies":[{"embeddable":true,"href":"https:\/\/www.germanopratines.fr\/en\/wp-json\/wp\/v2\/comments?post=119513"}],"version-history":[{"count":5,"href":"https:\/\/www.germanopratines.fr\/en\/wp-json\/wp\/v2\/posts\/119513\/revisions"}],"predecessor-version":[{"id":140523,"href":"https:\/\/www.germanopratines.fr\/en\/wp-json\/wp\/v2\/posts\/119513\/revisions\/140523"}],"wp:featuredmedia":[{"embeddable":true,"href":"https:\/\/www.germanopratines.fr\/en\/wp-json\/wp\/v2\/media\/140521"}],"wp:attachment":[{"href":"https:\/\/www.germanopratines.fr\/en\/wp-json\/wp\/v2\/media?parent=119513"}],"wp:term":[{"taxonomy":"category","embeddable":true,"href":"https:\/\/www.germanopratines.fr\/en\/wp-json\/wp\/v2\/categories?post=119513"},{"taxonomy":"post_tag","embeddable":true,"href":"https:\/\/www.germanopratines.fr\/en\/wp-json\/wp\/v2\/tags?post=119513"}],"curies":[{"name":"wp","href":"https:\/\/api.w.org\/{rel}","templated":true}]}}